{"id":182226,"date":"2025-10-17T06:08:10","date_gmt":"2025-10-17T06:08:10","guid":{"rendered":"https:\/\/www.europesays.com\/es\/182226\/"},"modified":"2025-10-17T06:08:10","modified_gmt":"2025-10-17T06:08:10","slug":"el-ciclista-rambleno-alfonso-cabello-obtiene-su-septimo-oro-mundial-del-kilometro","status":"publish","type":"post","link":"https:\/\/www.europesays.com\/es\/182226\/","title":{"rendered":"El ciclista ramble\u00f1o Alfonso Cabello obtiene su s\u00e9ptimo oro mundial del kil\u00f3metro"},"content":{"rendered":"<p class=\"ft-text\">El<a class=\"ft-link ft-link--decoration\" href=\"https:\/\/www.diariocordoba.com\/tags\/ciclismo\/\" rel=\"nofollow noopener\" target=\"_blank\"> ciclista<\/a> ramble\u00f1o <a class=\"ft-link ft-link--decoration\" href=\"https:\/\/www.diariocordoba.com\/tags\/alfonso-cabello\/\" rel=\"nofollow noopener\" target=\"_blank\">Alfonso Cabello<\/a> ya tiene una medalla internacional m\u00e1s que sumar a su amplio palmar\u00e9s, adem\u00e1s de oro. El cordob\u00e9s logr\u00f3 el t\u00edtulo en la final del kil\u00f3metro C5 del Mundial de R\u00edo de Janeiro. Cabello obtuvo su s\u00e9ptimo oro mundial en la prueba en que posee el r\u00e9cord mundial. De esta forma demostr\u00f3 que sigue a sus 32 a\u00f1os dentro de la \u00e9lite mundial del ciclismo en pista. A los oros conseguidos en los a\u00f1os 2014, 2015, 2016, 2018, 2019 y 2020, ahora ha a\u00f1adido un s\u00e9ptimo en la edici\u00f3n del 2025. Cabello se qued\u00f3 sin el oro en los Mundiales del 2023 y el 2024, v\u00edctima entonces de las secuelas de un Covid-19 persistente que sufri\u00f3. Ya recuperado, no perdon\u00f3 a sus rivales en R\u00edo de Janeiro.<\/p>\n<p class=\"ft-text\">La prueba del kil\u00f3metro arranc\u00f3 por la ma\u00f1ana con las series clasificatorias. Un total de 17 ciclistas lucharon por una de las seis plazas que daban derecho a correr por la tarde en la lucha por las medallas. El cordob\u00e9s fue uno de los \u00faltimos en entrar en escena en las eliminatorias. Con su tiempo de 1.05.783 minutos pas\u00f3 a liderar la clasificaci\u00f3n al entrar en la meta. Sin embargo fue superado a continuaci\u00f3n por el ciclista brit\u00e1nico <strong>Blaine Hunt <\/strong>(1.04.599) y el corredor de nacionalidad belga <strong>Niels Verschaeren<\/strong> (1.04.035). Tambi\u00e9n se clasific\u00f3 para la final el otro espa\u00f1ol participante, el almeriense <strong>Pablo Jaramillo,<\/strong> sexto con un tiempo de 1.07.245 minutos. Todo quedaba pendiente de la final, ya que dio la sensaci\u00f3n de que algunos de los favoritos no apretaron al m\u00e1ximo en las eliminatorias, conscientes de que no necesitaban exprimirse.<\/p>\n<p class=\"ft-text\">La final de la tarde arranc\u00f3 con la presencia en la pista de Pablo Jaramillo, ya que los ciclistas ten\u00edan que salir a la pista en el orden inverso a la clasificaci\u00f3n obtenida por la ma\u00f1ana. El almeriense acab\u00f3 con un crono de 1.08.394 que acabar\u00eda dej\u00e1ndolo en la sexta plaza definitiva. Posteriormente compitieron el austriaco Franz Lasser (1.07.125) y el brasile\u00f1o Ricardo de Freitas (1.07.215).<\/p>\n<p>Alfonso Cabello deja claro que es el mejor<\/p>\n<p class=\"ft-text\">El ramble\u00f1o Alfonso Cabello sali\u00f3 a por todas en la final, pues sab\u00eda que el nivel era considerable. El doble campe\u00f3n paral\u00edmpico en el kil\u00f3metro luch\u00f3 contra el crono hasta la \u00faltima pedalada, acabando finalmente con un gran registro de 1.03.513 minutos. El ramble\u00f1o de oro baj\u00f3 en m\u00e1s de dos segundos el tiempo logrado por la ma\u00f1ana.<\/p>\n<p class=\"ft-text\">Posteriormente entraron en el vel\u00f3dromo los dos ciclistas que hab\u00edan ganado al cordob\u00e9s en las eliminatorias. Sin embargo, ninguno de los dos pudo superarlo, pues el brit\u00e1nico Hunt hizo un tiempo de 1.04.045 y el belga Verschaeren, un crono discreto de 1.07.714. De esta forma pudo celebrar el cordob\u00e9s la conquista de su s\u00e9ptimo oro mundial del kil\u00f3metro. Hunt se llev\u00f3 la plata y Lasser el bronce.<\/p>\n<p class=\"ft-text\">Alfonso Cabello se mantuvo por tanto en el podio mundial del kil\u00f3metro en su d\u00e9cima participaci\u00f3n en los \u00faltimos trece a\u00f1os. Desde su estreno mundialista, en el 2012 en Los \u00c1ngeles, <strong>ha sumado ya 15 medallas,<\/strong> siete oros, una plata y un bronce en el kil\u00f3metro y un oro, una plata y cuatro bronces en la velocidad por equipos.<\/p>\n","protected":false},"excerpt":{"rendered":"El ciclista ramble\u00f1o Alfonso Cabello ya tiene una medalla internacional m\u00e1s que sumar a su amplio palmar\u00e9s, adem\u00e1s&hellip;\n","protected":false},"author":2,"featured_media":182227,"comment_status":"","ping_status":"","sticky":false,"template":"","format":"standard","meta":{"footnotes":""},"categories":[273],"tags":[18583,51623,16885,313,1757,312,168,25,24,20986,51622,23,167],"class_list":{"0":"post-182226","1":"post","2":"type-post","3":"status-publish","4":"format-standard","5":"has-post-thumbnail","7":"category-ciclismo","8":"tag-alfonso","9":"tag-alfonso-cabello","10":"tag-cabello","11":"tag-ciclismo","12":"tag-ciclista","13":"tag-cycling","14":"tag-deportes","15":"tag-es","16":"tag-espana","17":"tag-obtiene","18":"tag-rambleno","19":"tag-spain","20":"tag-sports"},"share_on_mastodon":{"url":"","error":""},"_links":{"self":[{"href":"https:\/\/www.europesays.com\/es\/wp-json\/wp\/v2\/posts\/182226","targetHints":{"allow":["GET"]}}],"collection":[{"href":"https:\/\/www.europesays.com\/es\/wp-json\/wp\/v2\/posts"}],"about":[{"href":"https:\/\/www.europesays.com\/es\/wp-json\/wp\/v2\/types\/post"}],"author":[{"embeddable":true,"href":"https:\/\/www.europesays.com\/es\/wp-json\/wp\/v2\/users\/2"}],"replies":[{"embeddable":true,"href":"https:\/\/www.europesays.com\/es\/wp-json\/wp\/v2\/comments?post=182226"}],"version-history":[{"count":0,"href":"https:\/\/www.europesays.com\/es\/wp-json\/wp\/v2\/posts\/182226\/revisions"}],"wp:featuredmedia":[{"embeddable":true,"href":"https:\/\/www.europesays.com\/es\/wp-json\/wp\/v2\/media\/182227"}],"wp:attachment":[{"href":"https:\/\/www.europesays.com\/es\/wp-json\/wp\/v2\/media?parent=182226"}],"wp:term":[{"taxonomy":"category","embeddable":true,"href":"https:\/\/www.europesays.com\/es\/wp-json\/wp\/v2\/categories?post=182226"},{"taxonomy":"post_tag","embeddable":true,"href":"https:\/\/www.europesays.com\/es\/wp-json\/wp\/v2\/tags?post=182226"}],"curies":[{"name":"wp","href":"https:\/\/api.w.org\/{rel}","templated":true}]}}