{"id":182246,"date":"2025-10-17T06:19:09","date_gmt":"2025-10-17T06:19:09","guid":{"rendered":"https:\/\/www.europesays.com\/es\/182246\/"},"modified":"2025-10-17T06:19:09","modified_gmt":"2025-10-17T06:19:09","slug":"la-esperanza-de-vida-mundial-vuelve-a-los-niveles-anteriores-a-la-pandemia-pero-persisten-grandes-retos-sanitarios","status":"publish","type":"post","link":"https:\/\/www.europesays.com\/es\/182246\/","title":{"rendered":"La esperanza de vida mundial vuelve a los niveles anteriores a la pandemia, pero persisten grandes retos sanitarios"},"content":{"rendered":"<p>\n         Publicado<br \/>\n            15\/10\/2025 &#8211; 7:10 CEST\n            <\/p>\n<p>          <img decoding=\"async\" class=\"c-ad__placeholder__logo\" src=\"https:\/\/static.euronews.com\/website\/images\/logos\/logo-euronews-stacked-outlined-72x72-grey-9.svg\" width=\"72\" height=\"72\" alt=\"\" loading=\"lazy\"\/><br \/>\n          PUBLICIDAD<\/p>\n<p>La esperanza de vida en el mundo ha vuelto a los niveles anteriores a <a href=\"https:\/\/es.euronews.com\/tag\/pandemia\" rel=\"nofollow noopener\" target=\"_blank\">la pandemia<\/a>, pero persisten grandes disparidades por regiones, seg\u00fan un nuevo estudio. El COVID-19 se convirti\u00f3 r\u00e1pidamente en <strong>la principal causa de muerte<\/strong> en todo el mundo cuando el virus arras\u00f3 el planeta en 2020, arrastrando consigo la esperanza de vida. Las personas nacidas en 2021 pod\u00edan esperar vivir hasta los 71,7 a\u00f1os de media.<\/p>\n<p>Pero en 2023, el COVID-19 se hab\u00eda hundido hasta <strong>la vig\u00e9sima causa de fallecimientos<\/strong>, por detr\u00e1s de un pu\u00f1ado de enfermedades cr\u00f3nicas, la enfermedad de Alzheimer y los trastornos neonatales. La esperanza de vida mundial repunt\u00f3 hasta los 73,8 a\u00f1os.<\/p>\n<p>Las dolencias cr\u00f3nicas son ahora responsables de casi dos tercios de las muertes y enfermedades en todo el mundo, <strong>encabezadas por las cardiopat\u00edas, los accidentes cerebrovasculares y la diabetes<\/strong>, seg\u00fan la investigaci\u00f3n <a href=\"https:\/\/www.thelancet.com\/journals\/lancet\/article\/PIIS0140-6736%2825%2901637-X\/fulltext\" target=\"_blank\" rel=\"noreferrer nofollow noopener\">publicada<\/a> en la revista m\u00e9dica &#8216;The Lancet&#8217;.<\/p>\n<p>Factores de riesgo como la obesidad, el tabaquismo y la contaminaci\u00f3n atmosf\u00e9rica desempe\u00f1an un papel fundamental en el desarrollo de las enfermedades cr\u00f3nicas, y si se abordaran, <strong>podr\u00edan evitarse casi la mitad de las muertes y discapacidades<\/strong> en todo el mundo, seg\u00fan los investigadores.<\/p>\n<p>\u00abEl r\u00e1pido envejecimiento de la poblaci\u00f3n mundial y la evoluci\u00f3n de los factores de riesgo han dado paso a <strong>una nueva era de retos sanitarios<\/strong> mundiales\u00bb, afirm\u00f3 Christopher Murray, director del Instituto de M\u00e9trica y Evaluaci\u00f3n Sanitarias (IHME), con sede en EE.UU., que dirigi\u00f3 el estudio.<\/p>\n<p>Con colaboradores de todo el mundo, el equipo de Murray analiz\u00f3 <strong>los datos de 375 enfermedades y lesiones y 88 factores de riesgo<\/strong> de 204 pa\u00edses y territorios, entre 1990 y 2023.<\/p>\n<p>Desglosaron los datos de cinco grandes pa\u00edses europeos: <strong>Francia, Alemania, Italia, Espa\u00f1a y Reino Unido<\/strong>. <a href=\"https:\/\/es.euronews.com\/next\/2023\/09\/20\/trabajar-duro-a-cambio-de-poca-recompensa-las-investigaciones-sugieren-que-podria-aumentar\" rel=\"nofollow noopener\" target=\"_blank\">Las cardiopat\u00edas<\/a> fueron la principal causa de muerte en cada uno de esos pa\u00edses en 2023, excepto en Francia, donde el c\u00e1ncer de pulm\u00f3n encabez\u00f3 la lista. La esperanza de vida tambi\u00e9n era mucho mayor en estos cinco pa\u00edses europeos que en el resto del mundo, oscilando entre los 80,9 a\u00f1os de Alemania y los 83,2 a\u00f1os de Espa\u00f1a.<\/p>\n<p>Los investigadores tambi\u00e9n expresaron su preocupaci\u00f3n por <strong>el aumento de las tasas de mortalidad entre adolescentes y j\u00f3venes adultos<\/strong> en Norteam\u00e9rica y Latinoam\u00e9rica debido al suicidio y al consumo de drogas y alcohol, as\u00ed como en el \u00c1frica subsahariana debido a enfermedades infecciosas y accidentes.<\/p>\n<p>Los resultados <strong>deben servir de \u00abllamada de atenci\u00f3n\u00bb<\/strong> para que los gobiernos y los responsables sanitarios \u00abrespondan r\u00e1pida y estrat\u00e9gicamente a las inquietantes tendencias que est\u00e1n reconfigurando las necesidades de salud p\u00fablica\u00bb, afirm\u00f3 Murray.<\/p>\n","protected":false},"excerpt":{"rendered":"Publicado 15\/10\/2025 &#8211; 7:10 CEST PUBLICIDAD La esperanza de vida en el mundo ha vuelto a los niveles&hellip;\n","protected":false},"author":2,"featured_media":182247,"comment_status":"","ping_status":"","sticky":false,"template":"","format":"standard","meta":{"footnotes":""},"categories":[92],"tags":[2996,25,24,165,166,1452,23,51633],"class_list":{"0":"post-182246","1":"post","2":"type-post","3":"status-publish","4":"format-standard","5":"has-post-thumbnail","7":"category-salud","8":"tag-enfermedad","9":"tag-es","10":"tag-espana","11":"tag-health","12":"tag-salud","13":"tag-salud-publica","14":"tag-spain","15":"tag-tasa-de-mortalidad"},"share_on_mastodon":{"url":"","error":""},"_links":{"self":[{"href":"https:\/\/www.europesays.com\/es\/wp-json\/wp\/v2\/posts\/182246","targetHints":{"allow":["GET"]}}],"collection":[{"href":"https:\/\/www.europesays.com\/es\/wp-json\/wp\/v2\/posts"}],"about":[{"href":"https:\/\/www.europesays.com\/es\/wp-json\/wp\/v2\/types\/post"}],"author":[{"embeddable":true,"href":"https:\/\/www.europesays.com\/es\/wp-json\/wp\/v2\/users\/2"}],"replies":[{"embeddable":true,"href":"https:\/\/www.europesays.com\/es\/wp-json\/wp\/v2\/comments?post=182246"}],"version-history":[{"count":0,"href":"https:\/\/www.europesays.com\/es\/wp-json\/wp\/v2\/posts\/182246\/revisions"}],"wp:featuredmedia":[{"embeddable":true,"href":"https:\/\/www.europesays.com\/es\/wp-json\/wp\/v2\/media\/182247"}],"wp:attachment":[{"href":"https:\/\/www.europesays.com\/es\/wp-json\/wp\/v2\/media?parent=182246"}],"wp:term":[{"taxonomy":"category","embeddable":true,"href":"https:\/\/www.europesays.com\/es\/wp-json\/wp\/v2\/categories?post=182246"},{"taxonomy":"post_tag","embeddable":true,"href":"https:\/\/www.europesays.com\/es\/wp-json\/wp\/v2\/tags?post=182246"}],"curies":[{"name":"wp","href":"https:\/\/api.w.org\/{rel}","templated":true}]}}