{"id":182277,"date":"2025-10-17T06:39:07","date_gmt":"2025-10-17T06:39:07","guid":{"rendered":"https:\/\/www.europesays.com\/es\/182277\/"},"modified":"2025-10-17T06:39:07","modified_gmt":"2025-10-17T06:39:07","slug":"hay-nuevo-disco-y-lo-vamos-a-presentar-enseguida","status":"publish","type":"post","link":"https:\/\/www.europesays.com\/es\/182277\/","title":{"rendered":"Hay nuevo disco y lo vamos a presentar enseguida"},"content":{"rendered":"<p class=\"paragraph\">A sus 58 a\u00f1os, Enrique Bunbury se halla en un extraordinario momento de plenitud art\u00edstica. <b>Apenas ha terminado su exitosa gira<\/b> junto al Hurac\u00e1n Ambulante y apenas seis meses despu\u00e9s de lanzar su hasta ahora \u00faltimo disco, <a href=\"https:\/\/www.heraldo.es\/noticias\/ocio-y-cultura\/2025\/09\/30\/bunbury-loquillo-magia-clasico-rock-cadillac-solitario-corazones-legendarios-1857079.html\" title=\"Loquillo y Bunbury hacen magia con uno de los cl\u00e1sicos del rock en espa\u00f1ol: &quot;Es una maravilla&quot;\" rel=\"nofollow noopener\" target=\"_blank\">&#8216;Cuentas pendientes&#8217;, el cantante zaragozano ha realizado un importante anuncio.\u00a0<\/a><\/p>\n<p class=\"paragraph\">Al artista aragon\u00e9s ingres\u00f3 este jueves en el Sal\u00f3n de la Fama de los Compositores Latinos en Miami (Estados Unidos) y, en declaraciones a EFE, revel\u00f3 que ya<b> est\u00e1 \u00faltimando el que ser\u00e1 su pr\u00f3ximo \u00e1lbum <\/b>e incluso detall\u00f3 la l\u00ednea musical que seguir\u00e1.\u00a0<\/p>\n<p class=\"paragraph\">\u00abLo que viene es otro disco nuevo <b>que ya estamos terminando y que vamos a presentar enseguida\u00bb,<\/b> manifest\u00f3. Una muestra de que la inspiraci\u00f3n y el trabajo concienzudo siguen estando del lado del zaragozano.\u00a0<\/p>\n<p class=\"paragraph\">Adem\u00e1s, comparti\u00f3 unas breves pinceladas sobre el sonido con el que est\u00e1 trabajando:<b> \u00abEs un disco muy hispano, muy latino, con ritmos tradicionales <\/b>y con un acercamiento y una perspectiva, digamos, m\u00e1s cercana a mi car\u00e1cter y mi forma de ver la m\u00fasica\u00bb.<\/p>\n<p class=\"paragraph\">Bunbury ha ingresado en el Sal\u00f3n de la Fama junto a otros insignes artistas como el compositor colombiano Andr\u00e9s Castro, el cubano Jorge Luis Piloto, la mexicana M\u00f3nica V\u00e9lez y, de manera p\u00f3stuma, el fallecido pianista, compositor<b> y director de orquesta argentino Lalo Schifrin.<\/b><\/p>\n<p class=\"paragraph\">\u00abYo, obviamente, ni pod\u00eda so\u00f1ar con este tipo de reconocimiento, <b>ni considero que sea la persona adecuada para recibirlo.<\/b> Pienso que hay tantos artistas que a m\u00ed me emocionaron, fueron los que me llevaron a escribir canciones que no est\u00e1n inducidos y que lo merecen m\u00e1s que yo\u00bb, se\u00f1al\u00f3.<\/p>\n","protected":false},"excerpt":{"rendered":"A sus 58 a\u00f1os, Enrique Bunbury se halla en un extraordinario momento de plenitud art\u00edstica. Apenas ha terminado&hellip;\n","protected":false},"author":2,"featured_media":182278,"comment_status":"","ping_status":"","sticky":false,"template":"","format":"standard","meta":{"footnotes":""},"categories":[170],"tags":[17832,146,147,25,24,6584,184,185,27810,23],"class_list":{"0":"post-182277","1":"post","2":"type-post","3":"status-publish","4":"format-standard","5":"has-post-thumbnail","7":"category-musica","8":"tag-bunbury","9":"tag-entertainment","10":"tag-entretenimiento","11":"tag-es","12":"tag-espana","13":"tag-miami","14":"tag-music","15":"tag-musica","16":"tag-nuevo-disco","17":"tag-spain"},"share_on_mastodon":{"url":"","error":""},"_links":{"self":[{"href":"https:\/\/www.europesays.com\/es\/wp-json\/wp\/v2\/posts\/182277","targetHints":{"allow":["GET"]}}],"collection":[{"href":"https:\/\/www.europesays.com\/es\/wp-json\/wp\/v2\/posts"}],"about":[{"href":"https:\/\/www.europesays.com\/es\/wp-json\/wp\/v2\/types\/post"}],"author":[{"embeddable":true,"href":"https:\/\/www.europesays.com\/es\/wp-json\/wp\/v2\/users\/2"}],"replies":[{"embeddable":true,"href":"https:\/\/www.europesays.com\/es\/wp-json\/wp\/v2\/comments?post=182277"}],"version-history":[{"count":0,"href":"https:\/\/www.europesays.com\/es\/wp-json\/wp\/v2\/posts\/182277\/revisions"}],"wp:featuredmedia":[{"embeddable":true,"href":"https:\/\/www.europesays.com\/es\/wp-json\/wp\/v2\/media\/182278"}],"wp:attachment":[{"href":"https:\/\/www.europesays.com\/es\/wp-json\/wp\/v2\/media?parent=182277"}],"wp:term":[{"taxonomy":"category","embeddable":true,"href":"https:\/\/www.europesays.com\/es\/wp-json\/wp\/v2\/categories?post=182277"},{"taxonomy":"post_tag","embeddable":true,"href":"https:\/\/www.europesays.com\/es\/wp-json\/wp\/v2\/tags?post=182277"}],"curies":[{"name":"wp","href":"https:\/\/api.w.org\/{rel}","templated":true}]}}