{"id":182300,"date":"2025-10-17T06:55:13","date_gmt":"2025-10-17T06:55:13","guid":{"rendered":"https:\/\/www.europesays.com\/es\/182300\/"},"modified":"2025-10-17T06:55:13","modified_gmt":"2025-10-17T06:55:13","slug":"mclaren-se-juega-el-titulo-y-colapinto-busca-consolidarse","status":"publish","type":"post","link":"https:\/\/www.europesays.com\/es\/182300\/","title":{"rendered":"McLaren se juega el t\u00edtulo y Colapinto busca consolidarse"},"content":{"rendered":"<p>La F\u00f3rmula 1 inicia este fin de semana una intensa gira por Am\u00e9rica, con cuatro Grandes Premios en apenas 34 d\u00edas, comenzando por el Circuito de las Am\u00e9ricas, en Austin, Texas. Este evento contar\u00e1 con el formato Sprint, y adem\u00e1s de la pelea por el campeonato, se espera que el calor extremo, con temperaturas por encima de los 32 grados al momento de la carrera, sume un desaf\u00edo adicional para los equipos.<\/p>\n<p>La lucha por el t\u00edtulo est\u00e1 al rojo vivo: Oscar Piastri lidera con una ventaja de 22 puntos sobre su compa\u00f1ero de equipo Lando Norris, en una pelea interna que ha marcado la temporada de McLaren. M\u00e1s atr\u00e1s, a 63 puntos, aparece Max Verstappen, que con un Red Bull revitalizado tras el receso estival, buscar\u00e1 meterse de lleno en la pelea por su quinta corona consecutiva. Desde el receso, Verstappen ha sumado 86 puntos, contra 62 de Piastri y 39 de Norris.<\/p>\n<p>Por su parte, Mercedes, \u00faltimo ganador, se perfila como juez clave en esta definici\u00f3n. Su auto ha mostrado una mejora sostenida y se ha convertido en referencia, mientras que Ferrari, que no ha logrado evolucionar al mismo ritmo, aparece un paso atr\u00e1s.<\/p>\n<p><a data-no-instant=\"1\" href=\"https:\/\/www.santafe.gob.ar\/index.php\/web\/guia\/buscados\" rel=\"noopener nofollow\" class=\"adv-link\" target=\"_blank\" aria-label=\"BANNER_GENERICO_300X250\"><img loading=\"lazy\" decoding=\"async\" src=\"https:\/\/www.europesays.com\/es\/wp-content\/uploads\/2025\/09\/BANNER_GENERICO_300X250.gif\" alt=\"\" width=\"300\" height=\"250\" style=\"display: inline-block;opacity: 1 !important; max-width: 100%; height: auto;\"\/><\/a><\/p>\n<p>Ya consagrado como campe\u00f3n de constructores por segundo a\u00f1o consecutivo, McLaren apunta ahora a cerrar la temporada con una victoria de uno de sus pilotos, aunque lleva tres Grandes Premios sin triunfos, con Mercedes y Red Bull dominando recientemente.<\/p>\n<p><strong>Colapinto sigue firme en su objetivo<\/strong><\/p>\n<p>El argentino Franco Colapinto tambi\u00e9n dir\u00e1 presente en Austin, enfocado en seguir demostrando regularidad y profesionalismo. Con un auto que no ha recibido inversiones recientes \u2014ya que el equipo prioriza el modelo 2026\u2014, Colapinto se concentra en evitar errores, cuidar el material y posicionarse como candidato firme a mantener su butaca para el pr\u00f3ximo a\u00f1o. Junto a su compa\u00f1ero, afrontan el cierre del campeonato con compromiso y paciencia, en medio de un contexto t\u00e9cnico adverso.<\/p>\n<p><strong>Zona media: paridad absoluta<\/strong><\/p>\n<p>En la mitad de la tabla, la lucha es a\u00fan m\u00e1s cerrada. Williams lidera este segundo pelot\u00f3n, pero salvo Alpine, todos los equipos se perfilan como candidatos a ser los \u201cmejores del resto\u201d. La batalla estrat\u00e9gica y la fiabilidad mec\u00e1nica jugar\u00e1n un papel clave en esta definici\u00f3n.<\/p>\n<p><strong>Escuder\u00edas con decoraci\u00f3n especial<\/strong><\/p>\n<p>Seis equipos lucir\u00e1n liveries especiales este fin de semana, destacando al local Haas, que dejar\u00e1 de ser el \u00fanico equipo estadounidense en 2026 con la llegada de Cadillac. Tambi\u00e9n presentar\u00e1n decoraciones distintas Williams, Aston Martin, Alpine (que incorporar\u00e1 detalles amarillos por un sponsor argentino), Racing Bulls y McLaren.<\/p>\n<p><strong>Cronograma integrado del fin de semana<\/strong><\/p>\n<p>La actividad comenz\u00f3 este viernes a las 14:30 con el \u00fanico entrenamiento libre, seguido por la clasificaci\u00f3n para el Sprint a las 18:30. El s\u00e1bado continuar\u00e1 a las 14:00 con la carrera Sprint, y a las 18:00 se disputar\u00e1 la clasificaci\u00f3n general. Finalmente, la carrera principal se largar\u00e1 el domingo a las 16:00, en medio de altas temperaturas que pondr\u00e1n a prueba a m\u00e1quinas y pilotos.<\/p>\n","protected":false},"excerpt":{"rendered":"La F\u00f3rmula 1 inicia este fin de semana una intensa gira por Am\u00e9rica, con cuatro Grandes Premios en&hellip;\n","protected":false},"author":2,"featured_media":151160,"comment_status":"","ping_status":"","sticky":false,"template":"","format":"standard","meta":{"footnotes":""},"categories":[270],"tags":[168,25,24,306,271,272,1723,23,167],"class_list":{"0":"post-182300","1":"post","2":"type-post","3":"status-publish","4":"format-standard","5":"has-post-thumbnail","7":"category-formula-1","8":"tag-deportes","9":"tag-es","10":"tag-espana","11":"tag-f1","12":"tag-formula-1","13":"tag-formula1","14":"tag-franco-colapinto","15":"tag-spain","16":"tag-sports"},"share_on_mastodon":{"url":"","error":""},"_links":{"self":[{"href":"https:\/\/www.europesays.com\/es\/wp-json\/wp\/v2\/posts\/182300","targetHints":{"allow":["GET"]}}],"collection":[{"href":"https:\/\/www.europesays.com\/es\/wp-json\/wp\/v2\/posts"}],"about":[{"href":"https:\/\/www.europesays.com\/es\/wp-json\/wp\/v2\/types\/post"}],"author":[{"embeddable":true,"href":"https:\/\/www.europesays.com\/es\/wp-json\/wp\/v2\/users\/2"}],"replies":[{"embeddable":true,"href":"https:\/\/www.europesays.com\/es\/wp-json\/wp\/v2\/comments?post=182300"}],"version-history":[{"count":0,"href":"https:\/\/www.europesays.com\/es\/wp-json\/wp\/v2\/posts\/182300\/revisions"}],"wp:featuredmedia":[{"embeddable":true,"href":"https:\/\/www.europesays.com\/es\/wp-json\/wp\/v2\/media\/151160"}],"wp:attachment":[{"href":"https:\/\/www.europesays.com\/es\/wp-json\/wp\/v2\/media?parent=182300"}],"wp:term":[{"taxonomy":"category","embeddable":true,"href":"https:\/\/www.europesays.com\/es\/wp-json\/wp\/v2\/categories?post=182300"},{"taxonomy":"post_tag","embeddable":true,"href":"https:\/\/www.europesays.com\/es\/wp-json\/wp\/v2\/tags?post=182300"}],"curies":[{"name":"wp","href":"https:\/\/api.w.org\/{rel}","templated":true}]}}