{"id":182307,"date":"2025-10-17T06:59:08","date_gmt":"2025-10-17T06:59:08","guid":{"rendered":"https:\/\/www.europesays.com\/es\/182307\/"},"modified":"2025-10-17T06:59:08","modified_gmt":"2025-10-17T06:59:08","slug":"helene-vassal-el-louvre-no-muestra-actualmente-mas-alla-del-10-de-su-coleccion-la-voz-de-galicia","status":"publish","type":"post","link":"https:\/\/www.europesays.com\/es\/182307\/","title":{"rendered":"H\u00e9l\u00e8ne Vassal: \u00abEl Louvre no muestra actualmente m\u00e1s all\u00e1 del 10 % de su colecci\u00f3n\u00bb &#8211; La Voz de Galicia"},"content":{"rendered":"<ol>\n<li><a href=\"https:\/\/news.google.com\/rss\/articles\/CBMiywFBVV95cUxPWmVHVDl4eFJDN29WM3RZR2I2R25RbXQ0enJVazE2Nzd3VUdsZTl0bnNvMHZzMENBaHVBZEtCdXF4WHV1ZG9LcGlLZlRGLWxKcVczelhNNVhoU3R5TU5CWHdvaDRwbTRSM05XRG00ZVVNcS1PLWxOM0lGblhhUGI4QkxMQWNPQktNaEU1WS1YMVRvN0E3VXZtSXhyNm9VZXRYZGo5d3JtQm13UG9FWXdxZ21XMTk2VnpvbTJfcFZXb2tmVjFkMGhvb2p6TQ?oc=5\" target=\"_blank\" rel=\"nofollow noopener\">H\u00e9l\u00e8ne Vassal: \u00abEl Louvre no muestra actualmente m\u00e1s all\u00e1 del 10 % de su colecci\u00f3n\u00bb<\/a>&nbsp;&nbsp;La Voz de Galicia<\/li>\n<li><a href=\"https:\/\/news.google.com\/rss\/articles\/CBMitAFBVV95cUxOeW1hXy15RlFMZ3pfN1llU3BQV1FoSDNyUVgta0Z0QUJGM2JQSzZyUTdSeWlfWG5wbjkwcGtsVjlON1lGVldfdjNLSXRRWmx5UHlrTFdWbENnRzdXVkYzTTN6UV8tNlg1bnB1UGxZeEJzdi00Y25MbHNQVmJwNjNZZlRmNkxpdmRLZ0dwNzFxWFhrNjQ0OVMwa3l1TVRmamRSRWJESmtJVVU5OW85V3dKcGZmZVPSAdABQVVfeXFMTUVhUm4yRUd2Vk1EMEowYm8yOWNHTGl5ekxxNWlsTDM2WWJQdnBlUE9UWnRKUWJ4ZVY3VzZMSEl6X3l2NXFaNTFuUVJFVkx1RF9iY1I3RzV2SmVTOHNEbm9LVnZQTE5lUTNuRXEwejRpenFxSG5kd2QtdzVJa0xaSTlPRG1ZV1E4SV9qSHk3cnd2U25yOENQcTZVaVVvOWQwWnBpWngxYXVoV2U4U04xRk1Xb2JxRHdJQVNHRy1sQWNsanBNc2FhWDZjdkVmS1NldQ?oc=5\" target=\"_blank\" rel=\"nofollow noopener\">Encontro de Museolox\u00eda en Pontevedra<\/a>&nbsp;&nbsp;La Voz de Galicia<\/li>\n<li><a href=\"https:\/\/news.google.com\/rss\/articles\/CBMioAFBVV95cUxQTjFZaFJHd3VuVVdfTEdQR3BBSVR5UzR2d2lKX1FZNThSbUVXSkN3a3pMaDJrbUtYVVJyU2lEWVlWZGpaTFJkdTVyYjM1anJBb0dXMG80R3hTNjQ0TmN6OXNqb0w4cFM2Wkc1MGgyaFFsLVYzX09lekZseGduall4SGg1ektPU0VpbEZiN0Q0S1dWNERtelZEVlBqdnFPOEQy0gGmAUFVX3lxTE41aFVUdXRmTzRRRjV1RmVWaHF4ZGx3WlVGY2JmYW1YUzdnMzJWckJGSjJtNnFmSVg0MnZHVnB4UlVBVGJlSWZ2ZVIyVGlJeldmR1FhM0VKV3U0eTl1V1JtX1FUbEhuZy1Yd2ZiYVBPa2V5c3ZkT0llcFgtSktXdEVSSGtyVEVGMmpoMk9JN0trN0RkakVvRkdDVUZyOU10dEZuT3FJQUE?oc=5\" target=\"_blank\" rel=\"nofollow noopener\">Un almac\u00e9n robotizado custodiar\u00e1 m\u00e1s de 20.000 piezas del Museo de Pontevedra<\/a>&nbsp;&nbsp;Faro de Vigo<\/li>\n<li><a href=\"https:\/\/news.google.com\/rss\/articles\/CBMi1AFBVV95cUxOOUtDcFlZMkxyMHBpcmNHN25jT0JoaHptNGk3TUJpN0VkTmExbmJlQm9DWXM0ZE5QZGhnamFhRWFPTjljUUt6REdjNEcxU1IyMkpZU1hOTERvMTBWVXBtdUZCeTFpeXNQajE3QlBmNWhXMHNGVmVhc3N1dUd4N2VZcjVQNWxZSlFBSVVfR3BCT0J3QWRJNW1fbElwVUVNOWtxM3AxcmhUT19oUmMwX3NubXhIRFEwMnBRUGRuUVpKSkVBZFdUZTlVdGd4alJ1Q0p4OWNjMQ?oc=5\" target=\"_blank\" rel=\"nofollow noopener\">El Museo de Pontevedra, sede del IV Encuentro de Museolog\u00eda del ICOM-Espa\u00f1a<\/a>&nbsp;&nbsp;Diario de Pontevedra<\/li>\n<li><a href=\"https:\/\/news.google.com\/rss\/articles\/CBMingFBVV95cUxPMGZGMVdkdUFpc0M0VklTSmhWOG9OdF8zQmhWaUppalFLaXptcTgyNzNVLTJOdVl0QlBrUmlrRWV1QklhNDl1LU9hY1FiOVJnUmhpOGNrZ2RJejZ0aXVUVTZMYi1lX2VPM0dJNmExaXJNTkV0bTc5dWo1aWlfc2IzMG9KVnNjVXpmdzR1OXV2UDlPdmZOMUlEWV9sSVdqQdIBowFBVV95cUxQUnh4RjZ4NXRkZ3VBUmhFYXYyUGFoeFJyVDFRUWk4QmtCMlNLZllQVlRHSTNuUGFLa3NRZnh6UFhIbzc0ZllIdGhhQ1RkXzRSSlZaVmNPT1hBell3eXJpOW05eDR6eXRmZi1VR2xUN1VBSE1TYXVHV0pmb3Q0VmZpM0theGVpZi0xNkd6MnlBQ0hWa0MyUjFjOVVhTGhXVDJpVnNv?oc=5\" target=\"_blank\" rel=\"nofollow noopener\">Pontevedra se convierte esta semana en la capital de la museolog\u00eda con la IV edici\u00f3n del Encuentro ICOM-Espa\u00f1a<\/a>&nbsp;&nbsp;pontevedraviva<\/li>\n<\/ol>\n","protected":false},"excerpt":{"rendered":"H\u00e9l\u00e8ne Vassal: \u00abEl Louvre no muestra actualmente m\u00e1s all\u00e1 del 10 % de su colecci\u00f3n\u00bb&nbsp;&nbsp;La Voz de Galicia&hellip;\n","protected":false},"author":2,"featured_media":182308,"comment_status":"","ping_status":"","sticky":false,"template":"","format":"standard","meta":{"footnotes":""},"categories":[173],"tags":[229,233,231,230,232,234,146,147,25,24,51650,41530,23],"class_list":{"0":"post-182307","1":"post","2":"type-post","3":"status-publish","4":"format-standard","5":"has-post-thumbnail","7":"category-arte-y-diseno","8":"tag-arte","9":"tag-arte-y-diseno","10":"tag-arts","11":"tag-arts-and-design","12":"tag-design","13":"tag-diseno","14":"tag-entertainment","15":"tag-entretenimiento","16":"tag-es","17":"tag-espana","18":"tag-museo-de-pontevedra","19":"tag-museo-del-louvre","20":"tag-spain"},"share_on_mastodon":{"url":"","error":""},"_links":{"self":[{"href":"https:\/\/www.europesays.com\/es\/wp-json\/wp\/v2\/posts\/182307","targetHints":{"allow":["GET"]}}],"collection":[{"href":"https:\/\/www.europesays.com\/es\/wp-json\/wp\/v2\/posts"}],"about":[{"href":"https:\/\/www.europesays.com\/es\/wp-json\/wp\/v2\/types\/post"}],"author":[{"embeddable":true,"href":"https:\/\/www.europesays.com\/es\/wp-json\/wp\/v2\/users\/2"}],"replies":[{"embeddable":true,"href":"https:\/\/www.europesays.com\/es\/wp-json\/wp\/v2\/comments?post=182307"}],"version-history":[{"count":0,"href":"https:\/\/www.europesays.com\/es\/wp-json\/wp\/v2\/posts\/182307\/revisions"}],"wp:featuredmedia":[{"embeddable":true,"href":"https:\/\/www.europesays.com\/es\/wp-json\/wp\/v2\/media\/182308"}],"wp:attachment":[{"href":"https:\/\/www.europesays.com\/es\/wp-json\/wp\/v2\/media?parent=182307"}],"wp:term":[{"taxonomy":"category","embeddable":true,"href":"https:\/\/www.europesays.com\/es\/wp-json\/wp\/v2\/categories?post=182307"},{"taxonomy":"post_tag","embeddable":true,"href":"https:\/\/www.europesays.com\/es\/wp-json\/wp\/v2\/tags?post=182307"}],"curies":[{"name":"wp","href":"https:\/\/api.w.org\/{rel}","templated":true}]}}