{"id":182309,"date":"2025-10-17T07:00:11","date_gmt":"2025-10-17T07:00:11","guid":{"rendered":"https:\/\/www.europesays.com\/es\/182309\/"},"modified":"2025-10-17T07:00:11","modified_gmt":"2025-10-17T07:00:11","slug":"reflejo-de-un-compromiso-un-libro-para-luchar-contra-el-cancer","status":"publish","type":"post","link":"https:\/\/www.europesays.com\/es\/182309\/","title":{"rendered":"\u00abReflejo de un compromiso\u00bb, un libro para luchar contra el c\u00e1ncer"},"content":{"rendered":"<p data-journey-content=\"true\" data-node-id=\"0\" class=\"css-6wxqfj emevuu60\">La uni\u00f3n y la lucha son los ejes sobre los que se ha construido Reflejo de un compromiso, un libro editado por Sol\u00e1n de Cabras en colaboraci\u00f3n con la Asociaci\u00f3n Espa\u00f1ola Contra el C\u00e1ncer. El proyecto cuenta con la actriz <strong data-node-id=\"0.3\">Macarena Garc\u00eda<\/strong> (El Ministerio del tiempo, Blancanieves o Paquita Salas) como madrina y el trabajo de La F\u00e1brica, una de las editoriales nacionales m\u00e1s importantes y de referencia en el \u00e1mbito art\u00edstico. <\/p>\n<p data-journey-content=\"true\" data-node-id=\"1\" class=\"css-6wxqfj emevuu60\">Todos los beneficios por la venta se destinar\u00e1 a la Asociaci\u00f3n.<\/p>\n<p><img draggable=\"true\" alt=\"solan de cabras, cancer, cancer de mama, reflejo de un compromiso, libro\" title=\"solan de cabras, cancer, cancer de mama, reflejo de un compromiso, libro\" loading=\"lazy\" width=\"3500\" height=\"2333\" decoding=\"async\" data-nimg=\"1\" style=\"color:transparent;width:100%;height:auto;\"   src=\"https:\/\/www.europesays.com\/es\/wp-content\/uploads\/2025\/10\/reflejo-de-un-compromiso-4-68e8be0265939.jpg\" class=\"css-0 e1g79fud0\"\/>Sol\u00e1n de Cabras<\/p>\n<p>Siete artistas han ilustrado las p\u00e1ginas de Reflejo de un compromiso.<\/p>\n<p>Homenaje a lo invisible<\/p>\n<p data-journey-content=\"true\" data-node-id=\"6\" class=\"css-6wxqfj emevuu60\">Reflejo de un compromiso es un libro ilustrado en el que han colaborado siete artistas que han dado luz sus siete cap\u00edtulos. Las creaciones de <strong data-node-id=\"6.2\">Amaia Arrazola, Cinta Arribas, Carla Fuentes, Carmen Garc\u00eda Huerta, Ana Jar\u00e9n, \u00c1lex de Marcos <\/strong>y<strong data-node-id=\"6.4\">Pau Sanz i Vila<\/strong> expresan los aspectos fundamentales del compromiso contra el c\u00e1ncer. Si no los conoces, son estos siete: <strong data-node-id=\"6.6\">escuchar, acompa\u00f1ar, apoyar, concienciar, investigar, sanar y \u201cser yo misma\u201d<\/strong>. En las p\u00e1ginas ilustradas del libro habitan m\u00e9dicos, psic\u00f3logos, familiares, amigos y voluntarios de la asociaci\u00f3n. Es decir, una gran parte de los implicados en la lucha contra el c\u00e1ncer de mama.<\/p>\n<p><img draggable=\"true\" alt=\"solan de cabras, cancer, cancer de mama, reflejo de un compromiso, libro\" title=\"solan de cabras, cancer, cancer de mama, reflejo de un compromiso, libro\" loading=\"lazy\" width=\"3500\" height=\"2333\" decoding=\"async\" data-nimg=\"1\" style=\"color:transparent;width:100%;height:auto;\"   src=\"https:\/\/www.europesays.com\/es\/wp-content\/uploads\/2025\/10\/reflejo-de-un-compromiso-6-68e8be07c4d0b.jpg\" class=\"css-0 e1g79fud0\"\/>Sol\u00e1n de Cabras<\/p>\n<p>En los doce a\u00f1os de colaboraci\u00f3n entre Sol\u00e1n de Cabras y la AECC, la marca de agua mineral natural ha destinado m\u00e1s de 2,5 millones de euros a la lucha contra el c\u00e1ncer.<\/p>\n<p data-journey-content=\"true\" data-node-id=\"8\" class=\"css-6wxqfj emevuu60\">El resultado, adem\u00e1s de una obra de arte, es un canto a la vida, que se apoya en el trabajo de la comunidad que nos rodea. <strong data-node-id=\"8.1\">Las historias ponen el foco en la esperanza y el empoderamiento de las pacientes<\/strong> a cuyas vivencias, siempre tan dif\u00edciles de entender, nos acercan. <\/p>\n<p data-journey-content=\"true\" data-node-id=\"9\" class=\"css-6wxqfj emevuu60\">Si te ha interesado, puedes hacerte desde ya con el libro <strong data-node-id=\"9.1.0\"><a href=\"https:\/\/solandecabras.es\/reflejodeuncompromiso\/\" target=\"_blank\" data-vars-ga-outbound-link=\"https:\/\/solandecabras.es\/reflejodeuncompromiso\/\" data-vars-ga-ux-element=\"Hyperlink\" data-vars-ga-call-to-action=\"Reflejo de un compromiso\" data-node-id=\"9.1.0.0\" class=\"body-link css-103hk4r emevuu60\" rel=\"nofollow noopener\">Reflejo de un compromiso<\/a><\/strong> en la <a href=\"https:\/\/www.mahou-sanmiguel.com\/tienda\/p\/libro-reflejo-de-un-compromiso.html\" target=\"_blank\" data-vars-ga-outbound-link=\"https:\/\/www.mahou-sanmiguel.com\/tienda\/p\/libro-reflejo-de-un-compromiso.html\" data-vars-ga-ux-element=\"Hyperlink\" data-vars-ga-call-to-action=\"tienda online de Mahou San Miguel\" data-node-id=\"9.3\" class=\"body-link css-103hk4r emevuu60\" rel=\"nofollow noopener\">tienda online de Mahou San Miguel<\/a> y en tiendas online como La Casa del Libro, Fnac y Amazon y, a partir del 17 de octubre, estar\u00e1 tambi\u00e9n disponible f\u00edsicamente en tu librer\u00eda m\u00e1s cercana (PVP 38\u20ac). <br data-node-id=\"9.5\"\/><\/p>\n<p>La botella rosa<\/p>\n<p data-journey-content=\"true\" data-node-id=\"11\" class=\"css-6wxqfj emevuu60\">El mes de octubre es el mes del rosa. Lo vemos en muchos lugares y ya, desde hace doce a\u00f1os, nos hemos acostumbrado a verlo en las botellas de Sol\u00e1n de Cabras. <strong data-node-id=\"11.1\">El cambio de color en su botella es un llamamiento para lograr mayor visibilidad<\/strong> y apoyo para esta causa que nos interesa a todos. <\/p>\n<p><img draggable=\"true\" alt=\"solan de cabras, cancer, cancer de mama, reflejo de un compromiso, libro\" title=\"solan de cabras, cancer, cancer de mama, reflejo de un compromiso, libro\" loading=\"lazy\" width=\"2741\" height=\"1842\" decoding=\"async\" data-nimg=\"1\" style=\"color:transparent;width:100%;height:auto;\"   src=\"https:\/\/www.europesays.com\/es\/wp-content\/uploads\/2025\/10\/render-1-68e8be01beeaa.jpg\" class=\"css-0 e1g79fud0\"\/>Sol\u00e1n de Cabras<\/p>\n<p>La edici\u00f3n especial de la botella rosa de Sol\u00e1n de Cabras de este 2025.<\/p>\n<p data-journey-content=\"true\" data-node-id=\"13\" class=\"css-6wxqfj emevuu60\">Este a\u00f1o, Sol\u00e1n de Cabras lanza una nueva edici\u00f3n especial de la botella rosa decorada con el caracter\u00edstico lazo. <strong data-node-id=\"13.1\">Su precio es de 16,90 euros <\/strong><strong data-node-id=\"13.2\">y el 100% de la recaudaci\u00f3n se entregar\u00e1 a la AECC<\/strong>. La botella se puede comprar en la <a href=\"https:\/\/www.mahou-sanmiguel.com\/tienda\/p\/libro-reflejo-de-un-compromiso.html\" data-vars-ga-outbound-link=\"https:\/\/www.mahou-sanmiguel.com\/tienda\/p\/libro-reflejo-de-un-compromiso.html\" data-vars-ga-ux-element=\"Hyperlink\" data-vars-ga-call-to-action=\"tienda online de Mahou San Miguel\" data-node-id=\"13.4\" class=\"body-link css-103hk4r emevuu60\" rel=\"nofollow noopener\" target=\"_blank\">tienda online de Mahou San Miguel<\/a>. Pocas veces un cambio de color puede llevar la esperanza a tantas personas. <\/p>\n<p><img draggable=\"true\" alt=\"solan de cabras, cancer, cancer de mama, reflejo de un compromiso, libro\" title=\"solan de cabras, cancer, cancer de mama, reflejo de un compromiso, libro\" loading=\"lazy\" width=\"2333\" height=\"3500\" decoding=\"async\" data-nimg=\"1\" style=\"color:transparent;width:100%;height:auto;\"   src=\"https:\/\/www.europesays.com\/es\/wp-content\/uploads\/2025\/10\/reflejo-de-un-compromiso-8-68e8be0217ad1.jpg\" class=\"css-0 e1g79fud0\"\/><\/p>\n<p>Sol\u00e1n de Cabras<\/p>\n<p><img src=\"https:\/\/www.europesays.com\/es\/wp-content\/uploads\/2025\/10\/f743a3cc-5da2-4fab-91ef-f36c3360157b_1715600603.file\" alt=\"Headshot of Juan Pelegr\u00edn\" title=\"Headshot of Juan Pelegr\u00edn\" width=\"100%\" height=\"100%\" decoding=\"async\" loading=\"lazy\" class=\"css-o0wq4v ev8dhu53\"\/><\/p>\n<p>Juan Pelegr\u00edn es fot\u00f3grafo y redactor desde hace m\u00e1s de veinticinco a\u00f1os y, por necesidad y pasi\u00f3n, experto en la tecnolog\u00eda que lleva optimizando su trabajo desde que abandon\u00f3 los carretes. O un poco antes. En los lejanos a\u00f1os 80 algunas de las primeras unidades que llegaron a Espa\u00f1a de los legendarios ZX-81 y ZX-Spectrum cayeron en sus manos. \u00a0\u00a0<\/p>\n<p>Juan ha escrito o fotografiado, a veces tambi\u00e9n las dos cosas a la vez, deportes, viajes, informaci\u00f3n general, cultura y sociedad. Suele contar entre sus d\u00edas m\u00e1s felices los a\u00f1os en los que ejerci\u00f3 como cr\u00edtico de \u00f3pera, para al d\u00eda siguiente sentarse a pie de pista a fotografiar un partido de baloncesto o coger un vuelo a cualquier aeropuerto del mundo. \u201cEn \u00c1frica siempre mejor\u201d, asegura.<\/p>\n<p>La tecnolog\u00eda le hace ahorrar tiempo, optimizar su flujo de trabajo y enviar sus fotos y textos los m\u00e1s r\u00e1pidamente posible (y con la mejor calidad) desde la localizaci\u00f3n en la que trabaje.\u00a0<\/p>\n<p>Tambi\u00e9n, por supuesto, conectarse con el mundo, aprender sobre cualquier tema o, por qu\u00e9 no, echar un rato en la consola con su hijo (o en solitario, que enfrentarse a los zombies, suele decir, relaja bastante).\u00a0<\/p>\n<p>Juan estudi\u00f3 Ingenier\u00eda Inform\u00e1tica en la UPM, pero enseguida el periodismo se meti\u00f3 en sus venas. Con el paso de los a\u00f1os curs\u00f3 Filolog\u00eda Hisp\u00e1nica en la UCM. En 2021 empez\u00f3 a colaborar con diferentes cabeceras de Hearst. Juan ha editado varios libros de fotograf\u00eda y lleva publicando en diferentes medios espa\u00f1oles y extranjeros m\u00e1s de dos d\u00e9cadas\u00a0<\/p>\n","protected":false},"excerpt":{"rendered":"La uni\u00f3n y la lucha son los ejes sobre los que se ha construido Reflejo de un compromiso,&hellip;\n","protected":false},"author":2,"featured_media":182310,"comment_status":"","ping_status":"","sticky":false,"template":"","format":"standard","meta":{"footnotes":""},"categories":[172],"tags":[224,13966,146,147,25,24,225,51651,23],"class_list":{"0":"post-182309","1":"post","2":"type-post","3":"status-publish","4":"format-standard","5":"has-post-thumbnail","7":"category-libros","8":"tag-books","9":"tag-branded","10":"tag-entertainment","11":"tag-entretenimiento","12":"tag-es","13":"tag-espana","14":"tag-libros","15":"tag-solan-de-cabras","16":"tag-spain"},"share_on_mastodon":{"url":"","error":""},"_links":{"self":[{"href":"https:\/\/www.europesays.com\/es\/wp-json\/wp\/v2\/posts\/182309","targetHints":{"allow":["GET"]}}],"collection":[{"href":"https:\/\/www.europesays.com\/es\/wp-json\/wp\/v2\/posts"}],"about":[{"href":"https:\/\/www.europesays.com\/es\/wp-json\/wp\/v2\/types\/post"}],"author":[{"embeddable":true,"href":"https:\/\/www.europesays.com\/es\/wp-json\/wp\/v2\/users\/2"}],"replies":[{"embeddable":true,"href":"https:\/\/www.europesays.com\/es\/wp-json\/wp\/v2\/comments?post=182309"}],"version-history":[{"count":0,"href":"https:\/\/www.europesays.com\/es\/wp-json\/wp\/v2\/posts\/182309\/revisions"}],"wp:featuredmedia":[{"embeddable":true,"href":"https:\/\/www.europesays.com\/es\/wp-json\/wp\/v2\/media\/182310"}],"wp:attachment":[{"href":"https:\/\/www.europesays.com\/es\/wp-json\/wp\/v2\/media?parent=182309"}],"wp:term":[{"taxonomy":"category","embeddable":true,"href":"https:\/\/www.europesays.com\/es\/wp-json\/wp\/v2\/categories?post=182309"},{"taxonomy":"post_tag","embeddable":true,"href":"https:\/\/www.europesays.com\/es\/wp-json\/wp\/v2\/tags?post=182309"}],"curies":[{"name":"wp","href":"https:\/\/api.w.org\/{rel}","templated":true}]}}