{"id":182317,"date":"2025-10-17T07:04:11","date_gmt":"2025-10-17T07:04:11","guid":{"rendered":"https:\/\/www.europesays.com\/es\/182317\/"},"modified":"2025-10-17T07:04:11","modified_gmt":"2025-10-17T07:04:11","slug":"castellon-acoge-el-encuentro-internacional-de-special-olympics-espana","status":"publish","type":"post","link":"https:\/\/www.europesays.com\/es\/182317\/","title":{"rendered":"Castell\u00f3n acoge el Encuentro Internacional de Special Olympics Espa\u00f1a"},"content":{"rendered":"<p>Este fin de semana se celebra en Castell\u00f3n el Meeting Internacional Special Olympics Espa\u00f1a.<\/p>\n<p>Este evento finalizar\u00e1 el 19 de octubre.<\/p>\n<p>Van a participar m\u00e1s de 500 personas: deportistas, entrenadores y acompa\u00f1antes.<br \/>Vienen delegaciones de 14 comunidades de Espa\u00f1a y de 8 pa\u00edses: Portugal, Andorra, B\u00e9lgica, Alemania, Austria, Hungr\u00eda, Ruman\u00eda y Azerbaiy\u00e1n.<\/p>\n<p>Las competiciones se har\u00e1n en el Polideportivo Sindical, la Piscina Ol\u00edmpica y en escuelas de Vilafam\u00e9s, Pe\u00f1\u00edscola y Burriana.<\/p>\n<p>Este evento forma parte de un movimiento deportivo que tiene m\u00e1s de 4,2 millones de deportistas en todo el mundo.<\/p>\n<p>Su objetivo es ayudar a que todas las personas tengan las mismas oportunidades.<\/p>\n<p>7 disciplinas deportivas<\/p>\n<p>Los deportistas competir\u00e1n en 7 disciplinas: baloncesto, f\u00fatbol, nataci\u00f3n, atletismo y p\u00e1del, adem\u00e1s de dos modalidades no competitivas: J\u00f3venes Atletas y Pruebas Motrices.<\/p>\n<p>En el evento estar\u00e1 Theresa Zabell, que ha ganado dos medallas ol\u00edmpicas.<br \/>Este evento tambi\u00e9n va a ayudar a la econom\u00eda y el turismo de la ciudad.<br \/>Habr\u00e1 un foro sobre h\u00e1bitos saludables para apoyar a los deportistas.<\/p>\n","protected":false},"excerpt":{"rendered":"Este fin de semana se celebra en Castell\u00f3n el Meeting Internacional Special Olympics Espa\u00f1a. Este evento finalizar\u00e1 el&hellip;\n","protected":false},"author":2,"featured_media":182318,"comment_status":"","ping_status":"","sticky":false,"template":"","format":"standard","meta":{"footnotes":""},"categories":[93],"tags":[634,168,25,24,23,167],"class_list":{"0":"post-182317","1":"post","2":"type-post","3":"status-publish","4":"format-standard","5":"has-post-thumbnail","7":"category-deportes","8":"tag-deporte","9":"tag-deportes","10":"tag-es","11":"tag-espana","12":"tag-spain","13":"tag-sports"},"share_on_mastodon":{"url":"","error":""},"_links":{"self":[{"href":"https:\/\/www.europesays.com\/es\/wp-json\/wp\/v2\/posts\/182317","targetHints":{"allow":["GET"]}}],"collection":[{"href":"https:\/\/www.europesays.com\/es\/wp-json\/wp\/v2\/posts"}],"about":[{"href":"https:\/\/www.europesays.com\/es\/wp-json\/wp\/v2\/types\/post"}],"author":[{"embeddable":true,"href":"https:\/\/www.europesays.com\/es\/wp-json\/wp\/v2\/users\/2"}],"replies":[{"embeddable":true,"href":"https:\/\/www.europesays.com\/es\/wp-json\/wp\/v2\/comments?post=182317"}],"version-history":[{"count":0,"href":"https:\/\/www.europesays.com\/es\/wp-json\/wp\/v2\/posts\/182317\/revisions"}],"wp:featuredmedia":[{"embeddable":true,"href":"https:\/\/www.europesays.com\/es\/wp-json\/wp\/v2\/media\/182318"}],"wp:attachment":[{"href":"https:\/\/www.europesays.com\/es\/wp-json\/wp\/v2\/media?parent=182317"}],"wp:term":[{"taxonomy":"category","embeddable":true,"href":"https:\/\/www.europesays.com\/es\/wp-json\/wp\/v2\/categories?post=182317"},{"taxonomy":"post_tag","embeddable":true,"href":"https:\/\/www.europesays.com\/es\/wp-json\/wp\/v2\/tags?post=182317"}],"curies":[{"name":"wp","href":"https:\/\/api.w.org\/{rel}","templated":true}]}}