{"id":182331,"date":"2025-10-17T07:12:09","date_gmt":"2025-10-17T07:12:09","guid":{"rendered":"https:\/\/www.europesays.com\/es\/182331\/"},"modified":"2025-10-17T07:12:09","modified_gmt":"2025-10-17T07:12:09","slug":"las-rotaciones-del-balonmano-soria-en-el-punto-de-mira","status":"publish","type":"post","link":"https:\/\/www.europesays.com\/es\/182331\/","title":{"rendered":"Las rotaciones del Balonmano Soria, en el punto de mira"},"content":{"rendered":"<p class=\"paragraph\">Al <b>BM Soria<\/b> le cuesta imponerse en sus enfrentamientos. La \u00faltima demostraci\u00f3n se produjo frente al <b>OAR Coru\u00f1a<\/b>. Una segunda parte deficiente le apart\u00f3 de la posibilidad de sumar una nueva victoria, la segunda en liga, y avanzar en una clasificaci\u00f3n muy comprimida y con escasas diferencias. \u00abSer\u00e1 la t\u00f3nica de toda la temporada\u00bb, asegur\u00f3 ayer <b>Oriol Castellarnau<\/b> analizando la anterior jornada disputada por su equipo .<\/p>\n<p class=\"paragraph\">En su <b>repaso semanal<\/b>, el t\u00e9cnico del BM Soria asumi\u00f3 que no se puede dejar escapar un partido cuando has disfrutado de ventajas de cinco o seis goles. \u00abHay que tener regularidad para mantener esas diferencias favorables. Si no tienes calidad no consigues irte en el marcador\u00bb, indic\u00f3 Castellarnau, que se reproch\u00f3, asumiendo la autocr\u00edtica junto al <b>cuerpo t\u00e9cnico<\/b>, un problema en la <b>rotaci\u00f3n<\/b>. \u00abLos jugadores que salen del banquillo deben estar m\u00e1s seguros\u00bb, analiz\u00f3.<\/p>\n<p class=\"paragraph\">La <b>nueva derrot<\/b>a no es un problema de mentalidad, seg\u00fan coment\u00f3 el entrenador. \u00abNuestros rivales se adaptan a nuestros cambios y nos cost\u00f3 variar la din\u00e1mica\u00bb, asumi\u00f3. \u00abTenemos que competir, algo que solo hemos dejado de hacer en el partido frente al <b>Bar\u00e7a<\/b> y en unos momentos frente a <b>Eivissa<\/b>\u00bb, advirti\u00f3. Ese es el camino, competir. Y ah\u00ed centra sus intenciones en la pr\u00f3xima jornada en <b>Sevilla<\/b>. \u00abTenemos que ser positivos. Estamos trabajando bien y llegar\u00e1 el momento\u00bb, se anim\u00f3.<\/p>\n<p class=\"paragraph\">El rival es un conjunto similar a otros de su nivel a los que ya se ha medido, el <b>Benidorm<\/b> y el OAR Coru\u00f1a, y con los que ha perdido. \u00abCreo que est\u00e1n a la altura y ocupar\u00e1n una posici\u00f3n similar\u00bb, anunci\u00f3. Sobre las caracter\u00edsticas del Sevilla, Oriol recalc\u00f3 la rapidez de su juego, sus acciones sin bal\u00f3n, la correcta lectura de los partidos y la figura de \u00c1ngel Montoro, uno de sus efectivos m\u00e1s destacados.<\/p>\n<p class=\"paragraph\">Preguntado sobre el rival en <b>Copa del Rey<\/b>, <b>Anaitasuna<\/b> de Pamplona, conocido esta semana tras el emparejamiento por sorteo realizado en la <b>Federaci\u00f3n Espa\u00f1ola de Balonmano<\/b>, el entrenador del club soriano asegur\u00f3 que es un buen equipo dirigido por, a su entender, \u00abel mejor entrenador de la categor\u00eda\u00bb, <b>Nacho Moyano<\/b>.\u00a0<\/p>\n<p>            <a href=\"#\" title=\"\"><\/p>\n<p>                    <img loading=\"lazy\" decoding=\"async\" data-index=\"\" width=\"140\" height=\"140\" alt=\"Los amarillos logran su primera victoria\" data-full=\"[object Object]\" data-original=\"[object Object]\" src=\"https:\/\/imagenes.heraldodiariodesoria.es\/files\/related_image\/uploads\/2025\/09\/27\/68d84ff5f2ea8.jpeg\" data-full-src=\"https:\/\/www.europesays.com\/es\/wp-content\/uploads\/2025\/10\/68d84ff5f2ea8.jpeg\"\/><\/p>\n<p>            <\/a><\/p>\n<p class=\"paragraph\">El BM Soria se medir\u00e1 al equipo navarro el pr\u00f3ximo mes de noviembre, el d\u00eda 5, a eliminatoria \u00fanica y en la cancha soriana del San Andr\u00e9s. Un rival que se encuentra en la misma categor\u00eda que el conjunto amarillo. Una primera ronda en la que han entrado 24 equipos procedentes de la <b>Divisi\u00f3n de Honor Masculina<\/b> y la <b>Divisi\u00f3n de Honor Plata Masculina<\/b>.<\/p>\n<p>            <a href=\"#\" title=\"\"><\/p>\n<p>                    <img loading=\"lazy\" decoding=\"async\" data-index=\"\" width=\"140\" height=\"140\" alt=\"La capacidad goleadora de Vinicius no fue suficiente para que el BM Soria sumase ante Oar Coru\u00f1a.\" data-full=\"[object Object]\" data-original=\"[object Object]\" src=\"https:\/\/imagenes.heraldodiariodesoria.es\/files\/related_image\/uploads\/2025\/10\/11\/68ea982b49557.jpeg\" data-full-src=\"https:\/\/www.europesays.com\/es\/wp-content\/uploads\/2025\/10\/68ea982b49557.jpeg\"\/><\/p>\n<p>            <\/a><\/p>\n<p class=\"paragraph\">Acompa\u00f1ando al t\u00e9cnico del BM Soria particip\u00f3 en el repaso de la actualidad del equipo, el jugador <b>Rub\u00e9n Etayo<\/b>, recuperado de sus problemas f\u00edsicos pero todav\u00eda falto de ritmo de competici\u00f3n. Su aportaci\u00f3n se extiende al terreno de juego y al vestuario por su condici\u00f3n de jugador experimentado en la categor\u00eda.\u00a0<\/p>\n<p class=\"paragraph\">\u00abQuiero dar lo mejor de m\u00ed y contagiar al resto de los compa\u00f1eros aunque parezca que soy fr\u00edo. Debemos dar un mensaje de responsabilidad y tambi\u00e9n de tranquilidad, pero sin perder la ambici\u00f3n de ganar\u00bb, coment\u00f3 Etayo. De eso se trata, \u00ab<b>de ganar<\/b>\u00bb. Sumar puntos. \u00abNo nos puede superar la ansiedad porque eso se traslada al terreno de juego provoc\u00e1ndonos errores, como <b>p\u00e9rdidas de balones<\/b>\u00bb, asumi\u00f3.<\/p>\n<p class=\"paragraph\">Pese a todo, el jugador cree que se encuentran en el \u00ab<b>buen camino<\/b>\u00bb, admitiendo que el desplazamiento a Sevilla no es c\u00f3modo y el rival, menos. La temporada ha comenzado recientemente y las distancias no se han disparado en la clasificaci\u00f3n. Tampoco los equipos han marcado diferencias insalvables.\u00a0<\/p>\n<p class=\"paragraph\">La t\u00f3nica de la temporada ser\u00e1 la de ver una <b>igualdad muy marcada<\/b> entre los equipos y resoluciones de partidos por detalles. \u00abEl grupo es muy igualado y estar\u00e1 as\u00ed toda la temporada\u00bb, auspici\u00f3 Oriol Castellarnau, consciente tambi\u00e9n de la dificultad que entra\u00f1a el enfrentamiento con el conjunto sevillano. Una <b>oportunidad<\/b> m\u00e1s de no perder el paso en la competici\u00f3n y de sumar el primer punto o los dos primeros como visitante.<\/p>\n","protected":false},"excerpt":{"rendered":"Al BM Soria le cuesta imponerse en sus enfrentamientos. La \u00faltima demostraci\u00f3n se produjo frente al OAR Coru\u00f1a.&hellip;\n","protected":false},"author":2,"featured_media":182332,"comment_status":"","ping_status":"","sticky":false,"template":"","format":"standard","meta":{"footnotes":""},"categories":[278],"tags":[376,7092,4535,1941,168,25,24,375,12764,23,167],"class_list":{"0":"post-182331","1":"post","2":"type-post","3":"status-publish","4":"format-standard","5":"has-post-thumbnail","7":"category-balonmano","8":"tag-balonmano","9":"tag-benidorm","10":"tag-bm-soria","11":"tag-copa-del-rey","12":"tag-deportes","13":"tag-es","14":"tag-espana","15":"tag-handball","16":"tag-sevilla-fc","17":"tag-spain","18":"tag-sports"},"share_on_mastodon":{"url":"","error":""},"_links":{"self":[{"href":"https:\/\/www.europesays.com\/es\/wp-json\/wp\/v2\/posts\/182331","targetHints":{"allow":["GET"]}}],"collection":[{"href":"https:\/\/www.europesays.com\/es\/wp-json\/wp\/v2\/posts"}],"about":[{"href":"https:\/\/www.europesays.com\/es\/wp-json\/wp\/v2\/types\/post"}],"author":[{"embeddable":true,"href":"https:\/\/www.europesays.com\/es\/wp-json\/wp\/v2\/users\/2"}],"replies":[{"embeddable":true,"href":"https:\/\/www.europesays.com\/es\/wp-json\/wp\/v2\/comments?post=182331"}],"version-history":[{"count":0,"href":"https:\/\/www.europesays.com\/es\/wp-json\/wp\/v2\/posts\/182331\/revisions"}],"wp:featuredmedia":[{"embeddable":true,"href":"https:\/\/www.europesays.com\/es\/wp-json\/wp\/v2\/media\/182332"}],"wp:attachment":[{"href":"https:\/\/www.europesays.com\/es\/wp-json\/wp\/v2\/media?parent=182331"}],"wp:term":[{"taxonomy":"category","embeddable":true,"href":"https:\/\/www.europesays.com\/es\/wp-json\/wp\/v2\/categories?post=182331"},{"taxonomy":"post_tag","embeddable":true,"href":"https:\/\/www.europesays.com\/es\/wp-json\/wp\/v2\/tags?post=182331"}],"curies":[{"name":"wp","href":"https:\/\/api.w.org\/{rel}","templated":true}]}}