{"id":182337,"date":"2025-10-17T07:18:08","date_gmt":"2025-10-17T07:18:08","guid":{"rendered":"https:\/\/www.europesays.com\/es\/182337\/"},"modified":"2025-10-17T07:18:08","modified_gmt":"2025-10-17T07:18:08","slug":"oscar-piastri-niega-favoritismo-hacia-lando-norris-en-mclaren","status":"publish","type":"post","link":"https:\/\/www.europesays.com\/es\/182337\/","title":{"rendered":"Oscar Piastri niega favoritismo hacia Lando Norris en McLaren"},"content":{"rendered":"<p>Los pilotos de McLaren Oscar Piastri y Lando Norris han comentado el incidente del pasado Gran Premio de Singapur, con Piastri negando que el equipo est\u00e9 favoreciendo a Norris para el campeonato de Pilotos y Norris aceptando un castigo del equipo a pesar de verse beneficiado por la colisi\u00f3n que \u00e9l provoc\u00f3.<\/p>\n<p>La colisi\u00f3n entre los dos compa\u00f1eros de equipo en Singapur ayud\u00f3 una vez m\u00e1s a Max Verstappen a superar a McLaren en el podio. El equipo ech\u00f3 la culpa a Norris, lo que al piloto brit\u00e1nico le parece \u00abjusto\u00bb, sin explicar qu\u00e9 repercusiones negativas tuvo para \u00e9l.<\/p>\n<p>\u00abA veces las repercusiones no son positivas, pero al mismo tiempo est\u00e1 claro que el inter\u00e9s para Andrea (Stella, director del equipo) es preservar el trabajo en equipo positivo que tenemos\u00bb, dijo Norris.<\/p>\n<p>Actualmente, Piastri lidera la tabla con 336 puntos, pero Norris le sigue a 22 puntos. A pesar de culpar a Norris, algunas personas han especulado con que McLaren favoreci\u00f3 a Norris durante la carrera, cuando el equipo le permiti\u00f3 mantener la tercera posici\u00f3n cuando adelant\u00f3 a Piastri, que fue lo que provoc\u00f3 el contacto.<\/p>\n<p>Sin embargo, Piastri, que acab\u00f3 cuarto por culpa de Norris y vio reducida su ventaja en tres puntos, cree que no hay favoritismo ni parcialidad: \u00abHemos analizado el incidente. Ha habido responsabilidad de Lando, en \u00faltima instancia, en esa colisi\u00f3n. Pero estoy muy contento de que no haya favoritismo ni parcialidad\u00bb.<\/p>\n<p><img loading=\"lazy\" decoding=\"async\" id=\"img-1533873-4703973\" data-fullsize=\"\/media\/39\/oscarpiastridenies_4703973b.jpg\" data-lazy=\"\" src=\"https:\/\/www.gamereactor.eshttps:\/\/www.gamereactor.es\/media\/39\/oscarpiastridenies_4703973_650x.jpg\" width=\"650\" onclick=\"if (!window.__cfRLUnblockHandlers) return false; gallery_openmodal('1533873','4703973',false,'0ef4da93c99f2a32f9c97329fbf4e342');\" height=\"433\" alt=\"Oscar Piastri niega favoritismo hacia su compa\u00f1ero de McLaren Lando Norris en la F\u00f3rmula 1\" class=\"rwd_col_content lazy\" data-cf-modified-783cfa767015aee89fcea747-=\"\"\/>Jay Hirano \/ Shutterstock<\/p>\n","protected":false},"excerpt":{"rendered":"Los pilotos de McLaren Oscar Piastri y Lando Norris han comentado el incidente del pasado Gran Premio de&hellip;\n","protected":false},"author":2,"featured_media":182338,"comment_status":"","ping_status":"","sticky":false,"template":"","format":"standard","meta":{"footnotes":""},"categories":[270],"tags":[168,25,24,306,271,272,23,167],"class_list":{"0":"post-182337","1":"post","2":"type-post","3":"status-publish","4":"format-standard","5":"has-post-thumbnail","7":"category-formula-1","8":"tag-deportes","9":"tag-es","10":"tag-espana","11":"tag-f1","12":"tag-formula-1","13":"tag-formula1","14":"tag-spain","15":"tag-sports"},"share_on_mastodon":{"url":"","error":""},"_links":{"self":[{"href":"https:\/\/www.europesays.com\/es\/wp-json\/wp\/v2\/posts\/182337","targetHints":{"allow":["GET"]}}],"collection":[{"href":"https:\/\/www.europesays.com\/es\/wp-json\/wp\/v2\/posts"}],"about":[{"href":"https:\/\/www.europesays.com\/es\/wp-json\/wp\/v2\/types\/post"}],"author":[{"embeddable":true,"href":"https:\/\/www.europesays.com\/es\/wp-json\/wp\/v2\/users\/2"}],"replies":[{"embeddable":true,"href":"https:\/\/www.europesays.com\/es\/wp-json\/wp\/v2\/comments?post=182337"}],"version-history":[{"count":0,"href":"https:\/\/www.europesays.com\/es\/wp-json\/wp\/v2\/posts\/182337\/revisions"}],"wp:featuredmedia":[{"embeddable":true,"href":"https:\/\/www.europesays.com\/es\/wp-json\/wp\/v2\/media\/182338"}],"wp:attachment":[{"href":"https:\/\/www.europesays.com\/es\/wp-json\/wp\/v2\/media?parent=182337"}],"wp:term":[{"taxonomy":"category","embeddable":true,"href":"https:\/\/www.europesays.com\/es\/wp-json\/wp\/v2\/categories?post=182337"},{"taxonomy":"post_tag","embeddable":true,"href":"https:\/\/www.europesays.com\/es\/wp-json\/wp\/v2\/tags?post=182337"}],"curies":[{"name":"wp","href":"https:\/\/api.w.org\/{rel}","templated":true}]}}