{"id":182381,"date":"2025-10-17T07:44:10","date_gmt":"2025-10-17T07:44:10","guid":{"rendered":"https:\/\/www.europesays.com\/es\/182381\/"},"modified":"2025-10-17T07:44:10","modified_gmt":"2025-10-17T07:44:10","slug":"me-da-pena-todo-lo-que-ha-ocurrido","status":"publish","type":"post","link":"https:\/\/www.europesays.com\/es\/182381\/","title":{"rendered":"Me da pena todo lo que ha ocurrido"},"content":{"rendered":"<p data-journey-content=\"true\" data-node-id=\"3\" class=\"css-6wxqfj emevuu60\"><strong data-node-id=\"3.0\"> Juan Pe\u00f1a se pronuncia sobre la salida de Leire Mart\u00ednez de &#8216;La Oreja de Van Gogh&#8217;: \u00abMe da pena todo lo que ha ocurrido\u00bb, dice.<\/strong> El pasado 15 de octubre, <a href=\"https:\/\/www.diezminutos.es\/famosos-corazon\/famosos-espanoles\/a69041472\/la-oreja-de-van-gogh-amaia-montero-regreso\/\" target=\"_blank\" data-vars-ga-outbound-link=\"https:\/\/www.diezminutos.es\/famosos-corazon\/famosos-espanoles\/a69041472\/la-oreja-de-van-gogh-amaia-montero-regreso\/\" data-vars-ga-ux-element=\"Hyperlink\" data-vars-ga-call-to-action=\"la ic\u00f3nica banda espa\u00f1ola confirmaba el regreso de Amaia Montero\" data-node-id=\"3.2\" class=\"body-link css-177bzfx emevuu60\" rel=\"nofollow noopener\">la ic\u00f3nica banda espa\u00f1ola confirmaba el regreso de Amaia Montero<\/a> al grupo, rompiendo as\u00ed su silencio ante los constantes rumores sobre la posible vuelta de la cantante a la banda un a\u00f1o despu\u00e9s de que se confirmara la<strong data-node-id=\"3.4\"> <a href=\"https:\/\/www.diezminutos.es\/famosos-corazon\/famosos-espanoles\/a62595299\/leire-martinez-abandona-la-oreja-de-van-gogh\/\" target=\"_blank\" data-vars-ga-outbound-link=\"https:\/\/www.diezminutos.es\/famosos-corazon\/famosos-espanoles\/a62595299\/leire-martinez-abandona-la-oreja-de-van-gogh\/\" data-vars-ga-ux-element=\"Hyperlink\" data-vars-ga-call-to-action=\"despedida de Leire Mart\u00ednez del grupo\" data-node-id=\"3.4.1\" class=\"body-link css-177bzfx emevuu60\" rel=\"nofollow noopener\">despedida de Leire Mart\u00ednez del grupo<\/a><\/strong>. Durante los \u00faltimos 365 d\u00edas, los fans de la banda se hab\u00edan dividido entre los que quer\u00edan que Amaia regresara al grupo de sus inicios y los que defend\u00edan el trabajo de Leire, que ha estado m\u00e1s a\u00f1os que Montero en la formaci\u00f3n. <\/p>\n<p data-journey-content=\"true\" data-node-id=\"6\" class=\"css-6wxqfj emevuu60\">Los primeros indicios sobre las novedades en &#8216;La Oreja de Van Gogh&#8217; llegaron cuando la banda borr\u00f3 en redes el comunicado sobre la salida de Leire y public\u00f3 <a href=\"https:\/\/www.diezminutos.es\/famosos-corazon\/famosos-espanoles\/a69019715\/la-oreja-de-van-gogh-mensaje-redes-sociales\/\" target=\"_blank\" data-vars-ga-outbound-link=\"https:\/\/www.diezminutos.es\/famosos-corazon\/famosos-espanoles\/a69019715\/la-oreja-de-van-gogh-mensaje-redes-sociales\/\" data-vars-ga-ux-element=\"Hyperlink\" data-vars-ga-call-to-action=\"una misteriosa publicaci\u00f3n\" data-node-id=\"6.1\" class=\"body-link css-177bzfx emevuu60\" rel=\"nofollow noopener\">una misteriosa publicaci\u00f3n<\/a>: <strong data-node-id=\"6.3\">una foto en blanco<\/strong>, sin nada escrito. Adem\u00e1s, en su biograf\u00eda a\u00f1adieron \u00ab<strong data-node-id=\"6.5\">S<\/strong><strong data-node-id=\"6.6\">olo juntos tiene sentido<\/strong>\u00ab. Con la inquietud de los seguidores, el periodista Javi de Hoyos fue quien solt\u00f3 un adelanto de lo que podr\u00eda pasar. \u00ab<strong data-node-id=\"6.8\">Atentos todos los fans de &#8216;La Oreja de Van Gogh&#8217; porque tenemos un anuncio que vais a flipar<\/strong>\u00ab, comenz\u00f3 en el programa &#8216;D Coraz\u00f3n&#8217;, donde explic\u00f3 que el grupo anunciar\u00e1 su inminente gira para primavera de 2026, en la que contar\u00e1n con Amaia Montero.<\/p>\n<p><img draggable=\"true\" alt=\"'la oreja de van gogh'\" title=\"'La Oreja de Van Gogh' con Amaia Montero\" loading=\"lazy\" width=\"3264\" height=\"2448\" decoding=\"async\" data-nimg=\"1\" style=\"color:transparent;width:100%;height:auto;\"   src=\"https:\/\/www.europesays.com\/es\/wp-content\/uploads\/2025\/10\/la-oreja-de-van-gogh-68ed337fc4dfc.jpg\" class=\"css-0 e1g79fud0\"\/>Gtres<\/p>\n<p>\u2019La Oreja de Van Gogh\u2019 con Amaia Montero.<\/p>\n<p>Juan Pe\u00f1a sobre Leire Mart\u00ednez: \u00abSeguir\u00e1 triunfando como solista\u00bb<\/p>\n<p data-journey-content=\"true\" data-node-id=\"10\" class=\"css-6wxqfj emevuu60\">Adem\u00e1s de los fieles seguidores de la banda, la situaci\u00f3n tambi\u00e9n ha provocado que algunos <strong data-node-id=\"10.1\">rostros conocidos de nuestro pa\u00eds y compa\u00f1eros de profesi\u00f3n se pronuncien al respecto<\/strong>, entre ellos el cantante <strong data-node-id=\"10.3\">J<\/strong><strong data-node-id=\"10.4\">uan Pe\u00f1a<\/strong>, que hace unos meses se mostraba feliz celebrando la <a href=\"https:\/\/www.diezminutos.es\/famosos-corazon\/famosos-espanoles\/a64929622\/juan-pena-sonia-gonzalez-primera-comunion-tristan\/\" target=\"_blank\" data-vars-ga-outbound-link=\"https:\/\/www.diezminutos.es\/famosos-corazon\/famosos-espanoles\/a64929622\/juan-pena-sonia-gonzalez-primera-comunion-tristan\/\" data-vars-ga-ux-element=\"Hyperlink\" data-vars-ga-call-to-action=\"Primera Comuni\u00f3n de su hijo\" data-node-id=\"10.6\" class=\"body-link css-177bzfx emevuu60\" rel=\"nofollow noopener\">Primera Comuni\u00f3n de su hijo<\/a> con Sonia Gonz\u00e1lez. En la gala para presentar la Feria de Mayo de Madrid, el cantante <strong data-node-id=\"10.8\">explic\u00f3 c\u00f3mo se encuentra en su momento actual<\/strong>: \u00abEstoy colaborando con la cl\u00ednica de Cristiano Ronaldo, pero no me he puesto pelo\u00bb, bromeaba. \u00ab<strong data-node-id=\"10.10\">A<\/strong><strong data-node-id=\"10.11\"> todo el mundo que quiere que le cante, el dinerito por delante y yo voy<\/strong>\u00ab. Adem\u00e1s, tambi\u00e9n le dedic\u00f3 unas palabras a Morante tras su retirada: \u00abLe deseo mucha suerte. Se pondr\u00e1 superfuerte y dentro de un tiempo querr\u00e1 reaparecer\u00bb.<\/p>\n<p><img draggable=\"true\" alt=\"juan pe\u00f1a\" title=\"Juan Pe\u00f1a\" loading=\"lazy\" width=\"2621\" height=\"3932\" decoding=\"async\" data-nimg=\"1\" style=\"color:transparent;width:100%;height:auto;\"   src=\"https:\/\/www.europesays.com\/es\/wp-content\/uploads\/2025\/10\/juan-pena-68ef5500ed356.jpg\" class=\"css-0 e1g79fud0\"\/><\/p>\n<p>Gtres\u200b<\/p>\n<p>Juan Pe\u00f1a sobre &#8216;La Oreja de Van Gogh&#8217;: \u00abA Leire le tengo much\u00edsimo cari\u00f1o, a Amaia no la conozco\u00bb<\/p>\n<p data-journey-content=\"true\" data-node-id=\"16\" class=\"css-6wxqfj emevuu60\">Entre conversaciones y risas con las c\u00e1maras, lleg\u00f3 el momento de hablar de la situaci\u00f3n de Leire Mart\u00ednez. \u00ab<strong data-node-id=\"16.1\">Vi que &#8216;La Oreja de Van Gogh&#8217; vuelve, pero una cosa muy extra\u00f1a<\/strong>\u00ab, confesaba. <a href=\"https:\/\/www.diezminutos.es\/famosos-corazon\/famosos-espanoles\/a69043024\/leire-martinez-reaccion-regreso-amaia-montero-la-oreja-de-van-gogh\/\" target=\"_blank\" data-vars-ga-outbound-link=\"https:\/\/www.diezminutos.es\/famosos-corazon\/famosos-espanoles\/a69043024\/leire-martinez-reaccion-regreso-amaia-montero-la-oreja-de-van-gogh\/\" data-vars-ga-ux-element=\"Hyperlink\" data-vars-ga-call-to-action=\"&quot;\" data-node-id=\"16.3\" class=\"body-link css-177bzfx emevuu60\" rel=\"nofollow noopener\">\u00ab<\/a><strong data-node-id=\"16.4\"><a href=\"https:\/\/www.diezminutos.es\/famosos-corazon\/famosos-espanoles\/a69043024\/leire-martinez-reaccion-regreso-amaia-montero-la-oreja-de-van-gogh\/\" target=\"_blank\" data-vars-ga-outbound-link=\"https:\/\/www.diezminutos.es\/famosos-corazon\/famosos-espanoles\/a69043024\/leire-martinez-reaccion-regreso-amaia-montero-la-oreja-de-van-gogh\/\" data-vars-ga-ux-element=\"Hyperlink\" data-vars-ga-call-to-action=\"A Leire le tengo much\u00edsimo cari\u00f1o\" data-node-id=\"16.4.0\" class=\"body-link css-177bzfx emevuu60\" rel=\"nofollow noopener\">A Leire le tengo much\u00edsimo cari\u00f1o<\/a>, a Amaia no la conozco<\/strong>\u00ab, asegur\u00f3. Aunque la pol\u00e9mica no est\u00e1 relacionada con \u00e9l, Juan Pe\u00f1a afirm\u00f3 que \u00ab<strong data-node-id=\"16.6\">me da pena todo lo que ha ocurrido<\/strong>\u00bb y reflexionaba sobre la situaci\u00f3n de las bandas musicales: \u00abCasi todos los grupos pasa algo, se separan\u00bb. Su opini\u00f3n terminaba con un mensaje contundente para la cantante que deja el grupo. \u00ab<strong data-node-id=\"16.8\">Leire seguir\u00e1 su carrera porque es una gran cantante<\/strong>, una gran artista\u00bb, sentenci\u00f3. \u00ab<strong data-node-id=\"16.10\">Seguir\u00e1 triunfando como solista<\/strong>\u00ab, asegur\u00f3.<\/p>\n","protected":false},"excerpt":{"rendered":"Juan Pe\u00f1a se pronuncia sobre la salida de Leire Mart\u00ednez de &#8216;La Oreja de Van Gogh&#8217;: \u00abMe da&hellip;\n","protected":false},"author":2,"featured_media":182382,"comment_status":"","ping_status":"","sticky":false,"template":"","format":"standard","meta":{"footnotes":""},"categories":[174],"tags":[255,253,146,147,25,24,256,23],"class_list":{"0":"post-182381","1":"post","2":"type-post","3":"status-publish","4":"format-standard","5":"has-post-thumbnail","7":"category-famosos","8":"tag-celebrities","9":"tag-discover","10":"tag-entertainment","11":"tag-entretenimiento","12":"tag-es","13":"tag-espana","14":"tag-famosos","15":"tag-spain"},"share_on_mastodon":{"url":"","error":""},"_links":{"self":[{"href":"https:\/\/www.europesays.com\/es\/wp-json\/wp\/v2\/posts\/182381","targetHints":{"allow":["GET"]}}],"collection":[{"href":"https:\/\/www.europesays.com\/es\/wp-json\/wp\/v2\/posts"}],"about":[{"href":"https:\/\/www.europesays.com\/es\/wp-json\/wp\/v2\/types\/post"}],"author":[{"embeddable":true,"href":"https:\/\/www.europesays.com\/es\/wp-json\/wp\/v2\/users\/2"}],"replies":[{"embeddable":true,"href":"https:\/\/www.europesays.com\/es\/wp-json\/wp\/v2\/comments?post=182381"}],"version-history":[{"count":0,"href":"https:\/\/www.europesays.com\/es\/wp-json\/wp\/v2\/posts\/182381\/revisions"}],"wp:featuredmedia":[{"embeddable":true,"href":"https:\/\/www.europesays.com\/es\/wp-json\/wp\/v2\/media\/182382"}],"wp:attachment":[{"href":"https:\/\/www.europesays.com\/es\/wp-json\/wp\/v2\/media?parent=182381"}],"wp:term":[{"taxonomy":"category","embeddable":true,"href":"https:\/\/www.europesays.com\/es\/wp-json\/wp\/v2\/categories?post=182381"},{"taxonomy":"post_tag","embeddable":true,"href":"https:\/\/www.europesays.com\/es\/wp-json\/wp\/v2\/tags?post=182381"}],"curies":[{"name":"wp","href":"https:\/\/api.w.org\/{rel}","templated":true}]}}