{"id":182400,"date":"2025-10-17T07:55:10","date_gmt":"2025-10-17T07:55:10","guid":{"rendered":"https:\/\/www.europesays.com\/es\/182400\/"},"modified":"2025-10-17T07:55:10","modified_gmt":"2025-10-17T07:55:10","slug":"la-policia-francesa-evita-un-atentado-en-biarritz-contra-un-opositor-a-vladimir-putin","status":"publish","type":"post","link":"https:\/\/www.europesays.com\/es\/182400\/","title":{"rendered":"La Polic\u00eda francesa evita un atentado en Biarritz contra un opositor a Vlad\u00edmir Putin"},"content":{"rendered":"<p>Los servicios de seguridad de Francia frustraron este jueves un atentado en Biarritz contra un opositor del presidente de Rusia, Vlad\u00edmir Putin. La Direcci\u00f3n General  &#8230; de Seguridad Interior (DGSI) detuvo a cuatro hombres -de entre 26 y 38 a\u00f1os-, en el marco de una investigaci\u00f3n abierta a mediados de septiembre \u00abrelacionada con un plan de acci\u00f3n contra un opositor ruso\u00bb, seg\u00fan confirmaron fuentes de la Fiscal\u00eda Nacional Antiterrorista (PNAT) a Europa Press.<\/p>\n<p class=\"v-p\">La PNAT ha abierto una investigaci\u00f3n judicial por el cargo de participaci\u00f3n en una asociaci\u00f3n delictiva terrorista con el fin de preparar uno o m\u00e1s delitos. Tambi\u00e9n se han solicitado requerimientos de procesamiento y prisi\u00f3n preventiva.<\/p>\n<p><a href=\"http:\/\/www.elcorreo.com\/internacional\/europa\/justicia-rusa-condena-dias-prision-joven-canto-20251016185724-ntrc.html#vtm_modulosEngag=mod-rel:internacional:noticia:1:cmp:1-not\" class=\"v-a-link\" aria-label=\"Imagen\" rel=\"nofollow noopener\" target=\"_blank\"><\/p>\n<p><img decoding=\"async\" loading=\"lazy\" src=\"https:\/\/www.europesays.com\/es\/wp-content\/uploads\/2025\/10\/rusia-cantante-k0oC--366x256@RC.JPG\" class=\"v-a-img\" width=\"258\" height=\"180\" alt=\"\" data-voc-vtm-id=\"in-text-traffic\"\/><\/p>\n<p><\/a><\/p>\n<p class=\"v-p\">Si bien la Fiscal\u00eda Antiterrorista no ha confirmado la identidad del opositor, el diario franc\u00e9s &#8216;Le Parisien&#8217;, que adelant\u00f3 la noticia, inform\u00f3 de que el objetivo del ataque era el activista de Derechos Humanos Vladimir Ossetchkin, que cre\u00f3 el portal Gulagu.net y vive en Francia desde hace una d\u00e9cada. Ya en 2022 dijo haber sufrido un intento de asesinato en Biarritz.<\/p>\n<p class=\"v-p\">Esta misma semana, el Gobierno ruso ha recrudecido su campa\u00f1a contra la oposici\u00f3n en el exilio con la imputaci\u00f3n del delito de terrorismo a algunas de sus figuras m\u00e1s conocidas. El Servicio Federal de Seguridad (FSB, el antiguo KGB) comunic\u00f3 la apertura de una causa penal contra el fundador del Comit\u00e9 Antib\u00e9lico de Rusia, Mija\u00edl Jodorkovski, el ajedrecista Garry Kasp\u00e1rov, y 21 miembros m\u00e1s de la plataforma. Entre ellos est\u00e1n Ilia Yashin, Vlad\u00edmir Kara-Murza y Ekaterina Shulman.<\/p>\n","protected":false},"excerpt":{"rendered":"Los servicios de seguridad de Francia frustraron este jueves un atentado en Biarritz contra un opositor del presidente&hellip;\n","protected":false},"author":2,"featured_media":182401,"comment_status":"","ping_status":"","sticky":false,"template":"","format":"standard","meta":{"footnotes":""},"categories":[42],"tags":[11406,51697,17,18,12041,13,14,1751,11,61,62,63,64,19,20,9,10,15,16,51698,586,10981,12,21,22,36477,65,66,67],"class_list":{"0":"post-182400","1":"post","2":"type-post","3":"status-publish","4":"format-standard","5":"has-post-thumbnail","7":"category-internacional","8":"tag-atentado","9":"tag-biarritz","10":"tag-breaking-news","11":"tag-breakingnews","12":"tag-evita","13":"tag-featured-news","14":"tag-featurednews","15":"tag-francesa","16":"tag-headlines","17":"tag-internacional","18":"tag-international","19":"tag-international-news","20":"tag-internationalnews","21":"tag-latest-news","22":"tag-latestnews","23":"tag-news","24":"tag-noticias","25":"tag-noticias-destacadas","26":"tag-noticiasdestacadas","27":"tag-opositor","28":"tag-policia","29":"tag-putin","30":"tag-titulares","31":"tag-ultimas-noticias","32":"tag-ultimasnoticias","33":"tag-vladimir","34":"tag-world","35":"tag-world-news","36":"tag-worldnews"},"share_on_mastodon":{"url":"","error":""},"_links":{"self":[{"href":"https:\/\/www.europesays.com\/es\/wp-json\/wp\/v2\/posts\/182400","targetHints":{"allow":["GET"]}}],"collection":[{"href":"https:\/\/www.europesays.com\/es\/wp-json\/wp\/v2\/posts"}],"about":[{"href":"https:\/\/www.europesays.com\/es\/wp-json\/wp\/v2\/types\/post"}],"author":[{"embeddable":true,"href":"https:\/\/www.europesays.com\/es\/wp-json\/wp\/v2\/users\/2"}],"replies":[{"embeddable":true,"href":"https:\/\/www.europesays.com\/es\/wp-json\/wp\/v2\/comments?post=182400"}],"version-history":[{"count":0,"href":"https:\/\/www.europesays.com\/es\/wp-json\/wp\/v2\/posts\/182400\/revisions"}],"wp:featuredmedia":[{"embeddable":true,"href":"https:\/\/www.europesays.com\/es\/wp-json\/wp\/v2\/media\/182401"}],"wp:attachment":[{"href":"https:\/\/www.europesays.com\/es\/wp-json\/wp\/v2\/media?parent=182400"}],"wp:term":[{"taxonomy":"category","embeddable":true,"href":"https:\/\/www.europesays.com\/es\/wp-json\/wp\/v2\/categories?post=182400"},{"taxonomy":"post_tag","embeddable":true,"href":"https:\/\/www.europesays.com\/es\/wp-json\/wp\/v2\/tags?post=182400"}],"curies":[{"name":"wp","href":"https:\/\/api.w.org\/{rel}","templated":true}]}}