{"id":182421,"date":"2025-10-17T08:08:12","date_gmt":"2025-10-17T08:08:12","guid":{"rendered":"https:\/\/www.europesays.com\/es\/182421\/"},"modified":"2025-10-17T08:08:12","modified_gmt":"2025-10-17T08:08:12","slug":"jiri-dokoupil-inventa-un-universo-hipnotico-en-torno-a-sus-pompas-de-jabon-y-pintura","status":"publish","type":"post","link":"https:\/\/www.europesays.com\/es\/182421\/","title":{"rendered":"Jiri Dokoupil inventa un universo hipn\u00f3tico en torno a sus pompas de jab\u00f3n y pintura"},"content":{"rendered":"<p><a class=\"v-mdl-ath__fig-a\" href=\"https:\/\/www.canarias7.es\/autor\/patricia-vidanes-sanchez-3406.html\" title=\"Patricia Vidanes S\u00e1nchez\" rel=\"nofollow noopener\" target=\"_blank\"><br \/>\n<img decoding=\"async\" class=\"v-mdl-ath__img\" src=\"https:\/\/www.europesays.com\/es\/wp-content\/uploads\/2025\/09\/autor-3406-foto-2.jpeg\" alt=\"Patricia Vidanes S\u00e1nchez\"\/><br \/>\n<\/a><\/p>\n<p class=\"v-mdl-ath__p v-mdl-ath__p--6\">\nJueves, 16 de octubre 2025, 17:09<\/p>\n<p class=\"v-p\"><strong>Una treintena de piezas de gran formato realizadas por Jiri Dokoupil (n. Krnov, antigua Checoslovaquia, 1954) con pompas de jab\u00f3n y pintura<\/strong> componen la muestra que este viernes inaugura el Centro de Arte La Regenta, en la capital grancanaria. Pero<strong> &#8216;Dokoupil: pintura abstracta&#8217;<\/strong> es mucho m\u00e1s que eso. El artista checo, vinculado a Canarias desde hace tiempo, lleva d\u00e9cadas investigando y desarrollando t\u00e9cnicas propias. Hace a\u00f1os que dej\u00f3 atr\u00e1s su inicial etapa figurativa y neoexpresionista, cuando formaba parte de los grupos art\u00edsticos alemanes M\u00fclheimer Freiheit y Junge Wilde (j\u00f3venes salvajes), surgidos en los a\u00f1os 70 del pasado siglo XX. Ahora el universo de Jiri Dokoupil es totalmente abstracto, hipn\u00f3tico, colorido, renovador&#8230;<\/p>\n<p class=\"v-p\">El artista ha desarrollado una t\u00e9cnica pict\u00f3rica que se aleja de lo nunca hecho hasta el momento. Como \u00e9l mismo dice: \u00abNunca hab\u00e9is visto un cuadro pintado con burbujas de jab\u00f3n\u00bb. Cierto. \u00abEs un reto absurdo\u00bb, pero materializado. Lo que demuestra, se\u00f1ala Dokoupil, que \u00abno es verdad que no se puede inventar nada nuevo, que s\u00f3lo se puede copiar ya. Eso no es verdad\u00bb.<\/p>\n<p class=\"v-p\">Y la prueba es que el propio creador checo ha perfeccionado una t\u00e9cnica que se le ocurri\u00f3 hace m\u00e1s de tres d\u00e9cadas \u00abpara salir de la comodidad\u00bb art\u00edstica en la que se encontraba. En total,<strong> hasta el 17 de enero de 2026 pueden verse en el Centro de Arte La Regenta 28 obras de gran formato, pompas de jab\u00f3n y pintura<\/strong> que conforman un universo particular que causa una atracci\u00f3n infinita.<\/p>\n<p class=\"v-p\">La muestra es \u00abuna experiencia sensorial que revela el poder del gesto y del color, donde la pintura se expande m\u00e1s all\u00e1 de sus l\u00edmites y el azar se convierte en lenguaje\u00bb, explica el equipo organizador. Comisariada por Carlos D\u00edaz-Bertrana, la apertura oficial ser\u00e1 en la noche de este viernes 17 de octubre; este jueves el propio artista ejerci\u00f3 de gu\u00eda para la prensa, recorriendo las diferentes salas, dejando claro que no es en s\u00ed una serie, aunque lo parezca. El pintor estuvo acompa\u00f1ado de Horacio Umpi\u00e9rrez, viceconsejero de Cultura del Gobierno de Canarias; Carlos D\u00edaz-Bertrana, comisario de la muestra; y Alejandro Vitaubet, director del Centro de Arte La Regenta.<\/p>\n<p class=\"v-p\">Todos estuvieron de acuerdo en que<strong> la exposici\u00f3n \u00abes de lo mejor que se ha visto en Canarias en los \u00faltimos a\u00f1os\u00bb<\/strong>. Son palabras de D\u00edaz-Bertrana, que destaca adem\u00e1s que Jiri Dokoupil \u00abes un virtuoso del color\u00bb, lo que se traduce en \u00abuna sinton\u00eda crom\u00e1tica\u00bb que lleva al hipnotismo del espectador. Para ello, utiliza una t\u00e9cnica \u00abmuy compleja\u00bb, pompas de jab\u00f3n rellenas de pintura que deben ser llevadas estrat\u00e9gicamente al lienzo, sobre el que trabaja desde arriba, normalmente subido en una escalera y asistido por una sola ayudante.<\/p>\n<p class=\"v-p\">Una t\u00e9cnica cargada de la profesionalidad que dan los a\u00f1os, pero en la que no falta el juego. Porque a Jiri Dokoupil, a sus 71 a\u00f1os, no se le olvida que la vida es un juego, de ah\u00ed sus gui\u00f1os a la infancia y al divertimento de una etapa de la vida que se va demasiado r\u00e1pido pero que con imaginaci\u00f3n se puede mantener. Lo cual no quiere decir que en el proceso creativo olvide la estructura compositiva. Al contrario, las pompas est\u00e1n pensadas, aunque reconoce que tambi\u00e9n se ha dejado llevar por el azar. \u00abYa no me enfado\u00bb cuando las pompas de jab\u00f3n rellenas de pinturas cobran vida propia y hacen lo que quieren ellas.<\/p>\n<p class=\"v-p\">Su fascinaci\u00f3n por esas pompas viene de tan lejos que Dokoupil no sabe ponerle fecha, aunque es sobre 1992 cuando de forma recurrente comienza a utilizarlas. En la exposici\u00f3n de La Regenta se re\u00fanen obras realizadas en Canarias desde 2020 hasta la actualidad en las que queda patente su exploraci\u00f3n sobre la materia, el color y la energ\u00eda del movimiento con resultados espectaculares.<\/p>\n<p><img decoding=\"async\" loading=\"lazy\" src=\"https:\/\/www.europesays.com\/es\/wp-content\/uploads\/2025\/10\/Burbuja2-kf9E--650x455@Canarias7.jpg\" class=\"v-a-img\" width=\"650\" height=\"455\" alt=\"Detalle de 'Debajo del mar'. 205 x 325 cm.\" data-voc-vtm-id=\"in-text-traffic\"\/><\/p>\n<p>Detalle de &#8216;Debajo del mar&#8217;. 205 x 325 cm.<\/p>\n<p><img loading=\"lazy\" decoding=\"async\" src=\"https:\/\/www.europesays.com\/es\/wp-content\/uploads\/2025\/10\/Burbuja2-kf9E--650x455@Canarias7.jpg\" class=\"v-mdl__img-z\" width=\"650\" height=\"455\" alt=\"\"\/><\/p>\n<p>Actividades paralelas<\/p>\n<p><img decoding=\"async\" loading=\"lazy\" src=\"https:\/\/www.europesays.com\/es\/wp-content\/uploads\/2025\/10\/Burbuja4-kf9E--160x160@Canarias7.jpg\" class=\"v-a-img\" width=\"160\" height=\"160\" alt=\"\" data-voc-vtm-id=\"in-text-traffic\"\/><\/p>\n<p class=\"v-p\">\nInauguraci\u00f3n Este viernes 17 de octubre, a las 20.30 horas. Entrada libre hasta completar aforo.\n<\/p>\n<p class=\"v-p\">\nInfantil. El viernes 24 de octubre. Visita dise\u00f1ada para estimular el potencial creativo y taller dinamizado para ni\u00f1as y ni\u00f1os a partir de 7 a\u00f1os. Invitaciones disponibles en laregenta.org\n<\/p>\n<p class=\"v-p\">\nOtra mirada. El 12 de noviembre, visita comentada para personas adultas dirigida por el artista pl\u00e1stico Javier Duchement. Invitaciones disponibles a partir del 5 de noviembre.\n<\/p>\n<p class=\"v-p\">\nGuiarte. El 10 de diciembre, visita dialogada para personas adultas. Invitaciones disponibles a partir del 3 de diciembre.\n<\/p>\n<p class=\"v-p\">      Arte en familia. El 16 de enero de 2026. Visita comentada y taller de estimulaci\u00f3n de capacidades creativas para ni\u00f1os y ni\u00f1as de 3 a 6 a\u00f1os en compa\u00f1\u00eda de familiares. Invitaciones disponibles a partir del 9 de enero.\n<\/p>\n<p>Reporta un error<\/p>\n","protected":false},"excerpt":{"rendered":"Jueves, 16 de octubre 2025, 17:09 Una treintena de piezas de gran formato realizadas por Jiri Dokoupil (n.&hellip;\n","protected":false},"author":2,"featured_media":182422,"comment_status":"","ping_status":"","sticky":false,"template":"","format":"standard","meta":{"footnotes":""},"categories":[173],"tags":[229,233,231,230,232,234,51703,146,147,25,24,51704,11131,51706,32735,503,51705,23,23135,9911],"class_list":{"0":"post-182421","1":"post","2":"type-post","3":"status-publish","4":"format-standard","5":"has-post-thumbnail","7":"category-arte-y-diseno","8":"tag-arte","9":"tag-arte-y-diseno","10":"tag-arts","11":"tag-arts-and-design","12":"tag-design","13":"tag-diseno","14":"tag-dokoupil","15":"tag-entertainment","16":"tag-entretenimiento","17":"tag-es","18":"tag-espana","19":"tag-hipnotico","20":"tag-inventa","21":"tag-jabon","22":"tag-jiri","23":"tag-pintura","24":"tag-pompas","25":"tag-spain","26":"tag-torno","27":"tag-universo"},"share_on_mastodon":{"url":"","error":""},"_links":{"self":[{"href":"https:\/\/www.europesays.com\/es\/wp-json\/wp\/v2\/posts\/182421","targetHints":{"allow":["GET"]}}],"collection":[{"href":"https:\/\/www.europesays.com\/es\/wp-json\/wp\/v2\/posts"}],"about":[{"href":"https:\/\/www.europesays.com\/es\/wp-json\/wp\/v2\/types\/post"}],"author":[{"embeddable":true,"href":"https:\/\/www.europesays.com\/es\/wp-json\/wp\/v2\/users\/2"}],"replies":[{"embeddable":true,"href":"https:\/\/www.europesays.com\/es\/wp-json\/wp\/v2\/comments?post=182421"}],"version-history":[{"count":0,"href":"https:\/\/www.europesays.com\/es\/wp-json\/wp\/v2\/posts\/182421\/revisions"}],"wp:featuredmedia":[{"embeddable":true,"href":"https:\/\/www.europesays.com\/es\/wp-json\/wp\/v2\/media\/182422"}],"wp:attachment":[{"href":"https:\/\/www.europesays.com\/es\/wp-json\/wp\/v2\/media?parent=182421"}],"wp:term":[{"taxonomy":"category","embeddable":true,"href":"https:\/\/www.europesays.com\/es\/wp-json\/wp\/v2\/categories?post=182421"},{"taxonomy":"post_tag","embeddable":true,"href":"https:\/\/www.europesays.com\/es\/wp-json\/wp\/v2\/tags?post=182421"}],"curies":[{"name":"wp","href":"https:\/\/api.w.org\/{rel}","templated":true}]}}