{"id":182423,"date":"2025-10-17T08:09:12","date_gmt":"2025-10-17T08:09:12","guid":{"rendered":"https:\/\/www.europesays.com\/es\/182423\/"},"modified":"2025-10-17T08:09:12","modified_gmt":"2025-10-17T08:09:12","slug":"la-gala-de-los-xii-premios-editorial-circulo-rojo-este-domingo-en-andalucia-television","status":"publish","type":"post","link":"https:\/\/www.europesays.com\/es\/182423\/","title":{"rendered":"La gala de los XII Premios Editorial C\u00edrculo Rojo, este domingo en Andaluc\u00eda Televisi\u00f3n"},"content":{"rendered":"<p style=\"text-align: justify;\"><b>Andaluc\u00eda Televisi\u00f3n <\/b>emite este domingo, 19 de octubre, la <b>gala de entrega de los duod\u00e9cimos\u00a0Premios Editorial C\u00edrculo Rojo, <\/b>la firma de referencia en Espa\u00f1a en el \u00e1mbito de la autopublicaci\u00f3n, que se celebr\u00f3 en el <b>Teatro Auditorio de<\/b><b> Roquetas de Mar (Almer\u00eda) <\/b>con presencia del alcalde\u00a0de la localidad<b>, Gabriel Amat; <\/b>y el fundador de la editorial,<b> Alberto Cerezuela.<\/b><\/p>\n<p style=\"text-align: justify;\">La gala, organizada por <strong>Editorial C\u00edrculo Rojo y el Grupo Lantia, con la colabroaci\u00f3n del Ayuntamiento de Roquetas de Mar y la Diputaci\u00f3n de Almer\u00eda, ha contado con el actor Jes\u00fas Olmedo y la periodista y editora Raquel Mart\u00ednez<\/strong> como conductores. La m\u00fasica en directo de <strong>Cientocero<\/strong> y del humor de<strong> Ra\u00fal Massana<\/strong>, junto con la intervenci\u00f3n de numerosas personalidades del mundo art\u00edstico y medi\u00e1tico, han amenizado la celebraci\u00f3n de estos premios.<\/p>\n<p style=\"text-align: justify;\">Por la alfombra roja, previa a la gala, han pasado los actores <strong>Carlos Scholz, Ramiro Blas, Carmen S\u00e1nchez, Cinta Ram\u00edrez, Nerea Camacho y Rober Garc\u00eda, el periodista Omar Su\u00e1rez,\u00a0los influencers como La Pelo, Jenni Alcolado, Mahi Masegosa y May Te.<\/strong><\/p>\n<p style=\"text-align: justify;\">Los premios por categor\u00edas distinguieron a <strong>Joana Coloma<\/strong>\u00a0en Poes\u00eda; en Novela Rom\u00e1ntica, el premio recay\u00f3 en <strong>Nidia Represa<\/strong>; en Infantil y Juvenil la premiada fue <strong>Sara Bra\u00f1a<\/strong>; para el g\u00e9nero de Fantas\u00eda y Ciencia Ficci\u00f3n, la victoria fue para <strong>J. del Boce<\/strong>; en Relatos, el premio recay\u00f3 en <strong>Juan Carlos Yebra<\/strong>; en Ficci\u00f3n Contempor\u00e1nea, la distinci\u00f3n fue para <strong>Fany R. M.<\/strong>, en misterio, terror y novela negra, el ganador fue <strong>\u00d3scar L\u00f3pez<\/strong> y en la modalidad de Historia e investigaci\u00f3n, el reconocimiento fue para <strong>Juan Manuel Fern\u00e1ndez Mill\u00e1n y Francisco Hermida Bouzas<\/strong> que m\u00e1s tarde recibir\u00eda tambi\u00e9n el Premio Especial al Mejor Libro del A\u00f1o dotado con 7.000 euros y entregado por a periodista y presentadora <strong>Noor Ben Yessef<\/strong>.<\/p>\n<p style=\"text-align: justify;\">Los\u00a0<b>Premios Editorial C\u00edrculo Rojo 2025\u00a0<\/b>ponen de manifiesto que actualmente existe un abundante talento en las letras espa\u00f1olas. Autores de diferentes estilos y trayectorias se consagraron durante una ceremonia en la que hubo espacio para la reivindicaci\u00f3n social y cultural o para los tradicionales discursos de agradecimiento a familiares y amigos.<\/p>\n<p style=\"text-align: justify;\">La editorial C\u00edrculo Rojo es una referencia nacional e internacional en la autopublicaci\u00f3n de libros. Fundada por\u00a0Alberto Cerezuela\u00a0en 2008, a d\u00eda de hoy ha publicado m\u00e1s de\u00a040.000 t\u00edtulos\u00a0distintos de autores de todas las partes de Espa\u00f1a.<\/p>\n<p style=\"text-align: justify;\"><b>Fecha de emisi\u00f3n: domingo, 19 de octubre, a las 17:30 horas, en Andaluc\u00eda Televisi\u00f3n (ATV).<\/b><\/p>\n","protected":false},"excerpt":{"rendered":"Andaluc\u00eda Televisi\u00f3n emite este domingo, 19 de octubre, la gala de entrega de los duod\u00e9cimos\u00a0Premios Editorial C\u00edrculo Rojo,&hellip;\n","protected":false},"author":2,"featured_media":182424,"comment_status":"","ping_status":"","sticky":false,"template":"","format":"standard","meta":{"footnotes":""},"categories":[172],"tags":[224,146,147,25,24,225,23],"class_list":{"0":"post-182423","1":"post","2":"type-post","3":"status-publish","4":"format-standard","5":"has-post-thumbnail","7":"category-libros","8":"tag-books","9":"tag-entertainment","10":"tag-entretenimiento","11":"tag-es","12":"tag-espana","13":"tag-libros","14":"tag-spain"},"share_on_mastodon":{"url":"","error":""},"_links":{"self":[{"href":"https:\/\/www.europesays.com\/es\/wp-json\/wp\/v2\/posts\/182423","targetHints":{"allow":["GET"]}}],"collection":[{"href":"https:\/\/www.europesays.com\/es\/wp-json\/wp\/v2\/posts"}],"about":[{"href":"https:\/\/www.europesays.com\/es\/wp-json\/wp\/v2\/types\/post"}],"author":[{"embeddable":true,"href":"https:\/\/www.europesays.com\/es\/wp-json\/wp\/v2\/users\/2"}],"replies":[{"embeddable":true,"href":"https:\/\/www.europesays.com\/es\/wp-json\/wp\/v2\/comments?post=182423"}],"version-history":[{"count":0,"href":"https:\/\/www.europesays.com\/es\/wp-json\/wp\/v2\/posts\/182423\/revisions"}],"wp:featuredmedia":[{"embeddable":true,"href":"https:\/\/www.europesays.com\/es\/wp-json\/wp\/v2\/media\/182424"}],"wp:attachment":[{"href":"https:\/\/www.europesays.com\/es\/wp-json\/wp\/v2\/media?parent=182423"}],"wp:term":[{"taxonomy":"category","embeddable":true,"href":"https:\/\/www.europesays.com\/es\/wp-json\/wp\/v2\/categories?post=182423"},{"taxonomy":"post_tag","embeddable":true,"href":"https:\/\/www.europesays.com\/es\/wp-json\/wp\/v2\/tags?post=182423"}],"curies":[{"name":"wp","href":"https:\/\/api.w.org\/{rel}","templated":true}]}}