{"id":182427,"date":"2025-10-17T08:11:18","date_gmt":"2025-10-17T08:11:18","guid":{"rendered":"https:\/\/www.europesays.com\/es\/182427\/"},"modified":"2025-10-17T08:11:18","modified_gmt":"2025-10-17T08:11:18","slug":"linkin-park-en-el-festival-o-son-do-camino-edge-of-paradise-estrenan-version-zurbaran-rock-concierto-en-valladolid","status":"publish","type":"post","link":"https:\/\/www.europesays.com\/es\/182427\/","title":{"rendered":"LINKIN PARK en el festival O Son Do Cami\u00f1o. EDGE OF PARADISE estrenan versi\u00f3n. Zurbar\u00e1n Rock: concierto en Valladolid."},"content":{"rendered":"<p>\u00a0<\/p>\n<p style=\"text-align: center;\"><strong><a href=\"#LINKIN_PARK\">LINKIN PARK en el festival O Son Do Cami\u00f1o <\/a>\u2013 <a href=\"#EDGE_OF_PARADISE\">EDGE OF PARADISE estrenan versi\u00f3n<\/a> \u2013 <a href=\"http:\/\/Zurbaran\" rel=\"nofollow\">Zurbar\u00e1n Rock: concierto en Valladolid. <\/a><\/strong><\/p>\n<p><a href=\"https:\/\/linkinpark.com\/\" target=\"_blank\" rel=\"noopener nofollow\"><strong>LINKIN PARK<\/strong><\/a> ser\u00e1n cabeza de cartel en el festival O Son Do Cami\u00f1o que se celebrar\u00e1 entre los d\u00edas 18 y 20 de junio en el Monte Do Gozo de Santiago de Compostela.<\/p>\n<p><img fetchpriority=\"high\" decoding=\"async\" src=\"https:\/\/www.europesays.com\/es\/wp-content\/uploads\/2025\/10\/o_son.jpg\" alt=\"LINKIN PARK en el festival O Son Do Cami\u00f1o\" width=\"400\" height=\"500\"\/><\/p>\n<p><a href=\"https:\/\/linkinpark.com\/\" target=\"_blank\" rel=\"noopener nofollow\"><strong>LINKIN PARK<\/strong><\/a> sacaron en verano una edici\u00f3n de lujo de su \u00faltimo trabajo \u201cFrom Zero\u201d con tres temas extra.<\/p>\n<p>La banda estar\u00e1 los d\u00edas 23 y 24 de junio de 2026 en el Auditorio Miguel R\u00edos de Rivas-Vaciamadrid.<\/p>\n<p>\u201cFrom Zero\u201d sali\u00f3 el 15 de noviembre de 2024.<\/p>\n<p>\u00a0<\/p>\n<p><a href=\"https:\/\/www.facebook.com\/EdgeOfParadiseBand\" target=\"_blank\" rel=\"noopener nofollow\"><strong>EDGE OF PARADISE<\/strong><\/a> han estrenado una versi\u00f3n del tema de la pel\u00edcula \u201cRequiem For A Dream (And The Angels Of Static)\u201d.<\/p>\n<p>El tema ha sido mezclado y masterizado por Jacob Hansen con los ingenieros Mike Plotnikoff y Rob Black. El v\u00eddeo ha sido dirigido por la cantante Margarita Monet y Julian Oyanedel Santiesteban. La portada ha sido creada por Monet.<\/p>\n<p><a href=\"https:\/\/www.facebook.com\/EdgeOfParadiseBand\" target=\"_blank\" rel=\"noopener nofollow\"><strong>EDGE OF PARADISE<\/strong><\/a> editaron el 7 de marzo a trav\u00e9s de Napalm Records un nuevo disco titulado \u201cProphecy\u201d.<\/p>\n<p>Todos los detalles en esta <a href=\"https:\/\/www.rafabasa.com\/2025\/01\/08\/nuevo-disco-y-single-de-edge-of-paradise\/\" target=\"_blank\" rel=\"noopener nofollow\">noticia<\/a> y los v\u00eddeos aparecidos en <a href=\"https:\/\/www.rafabasa.com\/2025\/09\/22\/edge-of-paradise-iced-earth-igorrr\/#EDGE_OF_PARADISE\" target=\"_blank\" rel=\"noopener nofollow\">esta<\/a>.<\/p>\n<p>Pod\u00e9is adquirirlo en este <a href=\"https:\/\/www.youtube.com\/redirect?event=video_description&amp;redir_token=QUFFLUhqa2EtM2UtbWM2eDJqRUZrQ0RNVzNNbmdUemsyZ3xBQ3Jtc0tuTGY2M2xXbVgyclFUMmlIdi1uNktheDlSTnJJcDdieW5jNmpYRVpsZWNHbEZ5Ym41RERxdnNjVG1tZmFjV1Q3Nm9sbnc3R1EzdU5PSGowUG9tcHZBRmw1a0I5ZXFLNzRPbTVmZENLZnp2dFI4WFhURQ&amp;q=https%3A%2F%2Flnk.to%2FEOP-Prophecy&amp;v=oot4pfIkvL4\" target=\"_blank\" rel=\"noopener nofollow\">enlace<\/a>.<\/p>\n<p>\u00a0<\/p>\n<p>\u00a0<\/p>\n<p><strong>Zurbar\u00e1n Rock visitar\u00e1 Valladolid<\/strong> y sus organizadores han publicado el siguiente comunicado:<\/p>\n<p>\u201cEl pr\u00f3ximo 1 de noviembre, el Bar Mordor (C\/ Marqu\u00e9s del Duero, 3) acoger\u00e1 el primer evento \u201cZurbar\u00e1n Rock Burgos te visita\u201d, una iniciativa con la que el festival burgal\u00e9s sale por primera vez de su provincia para estrechar lazos con la escena metalera de otras regiones.<\/p>\n<p>Cada a\u00f1o, son miles las personas que llegan desde otras latitudes a Burgos, para disfrutar del Zurbar\u00e1n Rock Burgos, un festival que se ha consolidado como punto de encuentro para la comunidad heavy metalera.<\/p>\n<p>En esta ocasi\u00f3n, es el festival quien da el paso de visitar a su gente, llevando su esp\u00edritu, su filosof\u00eda y su energ\u00eda all\u00ed donde late el metal. Una forma de agradecer la fidelidad del p\u00fablico y reforzar esa conexi\u00f3n real que une a los \u201czurbaraners\u201d dentro y fuera de Burgos.<\/p>\n<p>La jornada contar\u00e1 con la actuaci\u00f3n en ac\u00fastico de la banda vallisoletana MALASANGRE, en un evento con entrada gratuita, siguiendo la filosof\u00eda que caracteriza a la Asociaci\u00f3n Metal Castellae, organizadora del Zurbar\u00e1n Rock Burgos.<\/p>\n<p>Este encuentro nace con el prop\u00f3sito de fortalecer los lazos entre el tejido asociativo heavy metalero, fomentando la colaboraci\u00f3n y la uni\u00f3n entre los distintos colectivos que, en toda Espa\u00f1a, mantienen viva la cultura del metal.<\/p>\n<p>En esta primera edici\u00f3n, el evento se organiza en colaboraci\u00f3n con las asociaciones Pucela Heavy Rock, Cena Heavy Fest, Atalaya Rock (Pozal de Gallinas) y Bodega Rock (Hornillos de Eresma), todas ellas impulsoras de actividades culturales sin \u00e1nimo de lucro en Valladolid y con una forma de trabajo plenamente alineada con los valores del Zurbar\u00e1n Rock Burgos.<\/p>\n<p>Estas entidades comparten los mismos valores que inspiran el Zurbar\u00e1n Rock Burgos: cultura de base, abierta, accesible y participativa, capaz de tejer redes de hermandad y cooperaci\u00f3n que sirvan como motor de cambio y transformaci\u00f3n social.<\/p>\n<p>Adem\u00e1s de la actuaci\u00f3n en directo de Malasangre, el evento incluir\u00e1 pinchadas musicales a cargo del programa Vive Metal \u2013 Vive Radio Castilla y Le\u00f3n y de las distintas asociaciones colaboradoras, creando un ambiente de encuentro, m\u00fasica y comunidad.<\/p>\n<p>Os esperamos el 1 de noviembre, a partir de las 19:00 h, en el Bar Mordor de Valladolid.<\/p>\n<p>\u00a1\u00danete a este gran evento de hermandad de la comunidad festivalera!<\/p>\n<p><strong><a href=\"https:\/\/www.facebook.com\/zurbaranrockfestival\" target=\"_blank\" rel=\"noopener nofollow\">Zurbar\u00e1n Rock Burgos<\/a> celebrar\u00e1 su 9\u00aa edici\u00f3n los d\u00edas 10 y 11 de julio en el Espacio El Plant\u00edo (C\/ La Chopera) de Burgos.<\/strong><\/p>\n<p>El festival estrena una nueva ubicaci\u00f3n que, con todos los servicios de la ciudad al alcance de la mano, abre nuevas posibilidades para mejorar la experiencia y el confort de las miles de personas que acuden cada a\u00f1o a disfrutar de este referente del metal gratuito en Espa\u00f1a.\u201d<\/p>\n<p>M\u00e1s detalles en este <a href=\"https:\/\/www.facebook.com\/zurbaranrockfestival\" rel=\"nofollow noopener\" target=\"_blank\">enlace<\/a>.<\/p>\n<p><img loading=\"lazy\" decoding=\"async\" src=\"https:\/\/www.europesays.com\/es\/wp-content\/uploads\/2025\/10\/valladolid.jpg\" alt=\"Zurbaran Valladolid\" width=\"400\" height=\"500\"\/><\/p>\n<p>\u00a0<\/p>\n<p>\u00a0<\/p>\n<p align=\"center\"><strong>Sigue el\u00a0<a href=\"https:\/\/whatsapp.com\/channel\/0029VaCprxVBA1f555USvT2O\" target=\"_blank\" rel=\"nofollow noopener\">Canal de RAFABASA.COM en WhatsApp<\/a>, donde encontrar\u00e1s todas nuestras novedades al instante<\/strong><\/p>\n<p>\u00a0<\/p>\n<p>\u00a0<\/p>\n<p>\u00a0<\/p>\n<p>\u00a0<\/p>\n","protected":false},"excerpt":{"rendered":"\u00a0 LINKIN PARK en el festival O Son Do Cami\u00f1o \u2013 EDGE OF PARADISE estrenan versi\u00f3n \u2013 Zurbar\u00e1n&hellip;\n","protected":false},"author":2,"featured_media":182428,"comment_status":"","ping_status":"","sticky":false,"template":"","format":"standard","meta":{"footnotes":""},"categories":[170],"tags":[42321,146,147,25,24,43041,184,185,23,3609],"class_list":{"0":"post-182427","1":"post","2":"type-post","3":"status-publish","4":"format-standard","5":"has-post-thumbnail","7":"category-musica","8":"tag-edge-of-paradise","9":"tag-entertainment","10":"tag-entretenimiento","11":"tag-es","12":"tag-espana","13":"tag-linkin-park","14":"tag-music","15":"tag-musica","16":"tag-spain","17":"tag-zurbaran-rock"},"share_on_mastodon":{"url":"","error":""},"_links":{"self":[{"href":"https:\/\/www.europesays.com\/es\/wp-json\/wp\/v2\/posts\/182427","targetHints":{"allow":["GET"]}}],"collection":[{"href":"https:\/\/www.europesays.com\/es\/wp-json\/wp\/v2\/posts"}],"about":[{"href":"https:\/\/www.europesays.com\/es\/wp-json\/wp\/v2\/types\/post"}],"author":[{"embeddable":true,"href":"https:\/\/www.europesays.com\/es\/wp-json\/wp\/v2\/users\/2"}],"replies":[{"embeddable":true,"href":"https:\/\/www.europesays.com\/es\/wp-json\/wp\/v2\/comments?post=182427"}],"version-history":[{"count":0,"href":"https:\/\/www.europesays.com\/es\/wp-json\/wp\/v2\/posts\/182427\/revisions"}],"wp:featuredmedia":[{"embeddable":true,"href":"https:\/\/www.europesays.com\/es\/wp-json\/wp\/v2\/media\/182428"}],"wp:attachment":[{"href":"https:\/\/www.europesays.com\/es\/wp-json\/wp\/v2\/media?parent=182427"}],"wp:term":[{"taxonomy":"category","embeddable":true,"href":"https:\/\/www.europesays.com\/es\/wp-json\/wp\/v2\/categories?post=182427"},{"taxonomy":"post_tag","embeddable":true,"href":"https:\/\/www.europesays.com\/es\/wp-json\/wp\/v2\/tags?post=182427"}],"curies":[{"name":"wp","href":"https:\/\/api.w.org\/{rel}","templated":true}]}}