{"id":182438,"date":"2025-10-17T08:18:07","date_gmt":"2025-10-17T08:18:07","guid":{"rendered":"https:\/\/www.europesays.com\/es\/182438\/"},"modified":"2025-10-17T08:18:07","modified_gmt":"2025-10-17T08:18:07","slug":"ultima-hora-del-conflicto-en-oriente-proximo-en-directo-israel-pinta-una-linea-fronteriza-dentro-de-gaza-y-respondera-con-fuego-a-quien-intente-traspasarla-internacional","status":"publish","type":"post","link":"https:\/\/www.europesays.com\/es\/182438\/","title":{"rendered":"\u00daltima hora del conflicto en Oriente Pr\u00f3ximo, en directo | Israel pinta una l\u00ednea fronteriza dentro de Gaza y responder\u00e1 \u201ccon fuego\u201d a quien intente traspasarla | Internacional"},"content":{"rendered":"<p class=\"ev-title\">Israel pinta una l\u00ednea fronteriza dentro de Gaza y avisa de que \u201cresponder\u00e1 con fuego\u201d a quien intente traspasarla<\/p>\n<p>El ministro de Defensa israel\u00ed, Israel Katz, ha anunciado este viernes que el ej\u00e9rcito est\u00e1 pintando una l\u00ednea fronteriza dentro de Gaza, la llamada l\u00ednea amarilla detr\u00e1s de la cual se han retirado las tropas. Y ha advertido de que los militares \u201cresponder\u00e1n con fuego\u201d a cualquier persona que intente cruzarla.\u00a0<\/p>\n<p>En los \u00faltimos d\u00edas, el ej\u00e9rcito ha abierto fuego contra varias personas acusadas de ser \u201csospechosas\u201d por acercarse a la l\u00ednea, causando la muerte de al menos tres de ellas.\u00a0<\/p>\n<p>El anuncio del titular de Defensa se produce cuando el alto el fuego en Gaza cumple una semana, durante la que el ej\u00e9rcito ha abatido m\u00e1s de 20 gazat\u00edes, seg\u00fan el recuento de la agencia Efe,\u00a0que cruzaban esta l\u00ednea hacia \u00e1reas aun bajo control de Israel.<\/p>\n","protected":false},"excerpt":{"rendered":"Israel pinta una l\u00ednea fronteriza dentro de Gaza y avisa de que \u201cresponder\u00e1 con fuego\u201d a quien intente&hellip;\n","protected":false},"author":2,"featured_media":182439,"comment_status":"","ping_status":"","sticky":false,"template":"","format":"standard","meta":{"footnotes":""},"categories":[42],"tags":[17,18,68,70,71,72,13,14,73,69,75,11,61,62,63,64,74,19,20,9,10,15,16,77,76,12,21,22,65,66,67],"class_list":{"0":"post-182438","1":"post","2":"type-post","3":"status-publish","4":"format-standard","5":"has-post-thumbnail","7":"category-internacional","8":"tag-breaking-news","9":"tag-breakingnews","10":"tag-conflicto-arabe-israeli","11":"tag-conflictos","12":"tag-conflictos-armados","13":"tag-conflictos-internacionales","14":"tag-featured-news","15":"tag-featurednews","16":"tag-franja-gaza","17":"tag-guerra","18":"tag-hamas","19":"tag-headlines","20":"tag-internacional","21":"tag-international","22":"tag-international-news","23":"tag-internationalnews","24":"tag-israel","25":"tag-latest-news","26":"tag-latestnews","27":"tag-news","28":"tag-noticias","29":"tag-noticias-destacadas","30":"tag-noticiasdestacadas","31":"tag-oriente-proximo","32":"tag-palestina","33":"tag-titulares","34":"tag-ultimas-noticias","35":"tag-ultimasnoticias","36":"tag-world","37":"tag-world-news","38":"tag-worldnews"},"share_on_mastodon":{"url":"","error":""},"_links":{"self":[{"href":"https:\/\/www.europesays.com\/es\/wp-json\/wp\/v2\/posts\/182438","targetHints":{"allow":["GET"]}}],"collection":[{"href":"https:\/\/www.europesays.com\/es\/wp-json\/wp\/v2\/posts"}],"about":[{"href":"https:\/\/www.europesays.com\/es\/wp-json\/wp\/v2\/types\/post"}],"author":[{"embeddable":true,"href":"https:\/\/www.europesays.com\/es\/wp-json\/wp\/v2\/users\/2"}],"replies":[{"embeddable":true,"href":"https:\/\/www.europesays.com\/es\/wp-json\/wp\/v2\/comments?post=182438"}],"version-history":[{"count":0,"href":"https:\/\/www.europesays.com\/es\/wp-json\/wp\/v2\/posts\/182438\/revisions"}],"wp:featuredmedia":[{"embeddable":true,"href":"https:\/\/www.europesays.com\/es\/wp-json\/wp\/v2\/media\/182439"}],"wp:attachment":[{"href":"https:\/\/www.europesays.com\/es\/wp-json\/wp\/v2\/media?parent=182438"}],"wp:term":[{"taxonomy":"category","embeddable":true,"href":"https:\/\/www.europesays.com\/es\/wp-json\/wp\/v2\/categories?post=182438"},{"taxonomy":"post_tag","embeddable":true,"href":"https:\/\/www.europesays.com\/es\/wp-json\/wp\/v2\/tags?post=182438"}],"curies":[{"name":"wp","href":"https:\/\/api.w.org\/{rel}","templated":true}]}}