{"id":182449,"date":"2025-10-17T08:27:07","date_gmt":"2025-10-17T08:27:07","guid":{"rendered":"https:\/\/www.europesays.com\/es\/182449\/"},"modified":"2025-10-17T08:27:07","modified_gmt":"2025-10-17T08:27:07","slug":"lio-servido-en-mclaren-norris-confirma-que-su-polemica-con-piastri-tendra-repercusiones","status":"publish","type":"post","link":"https:\/\/www.europesays.com\/es\/182449\/","title":{"rendered":"\u00a1L\u00edo servido en McLaren! Norris confirma que su pol\u00e9mica con Piastri tendr\u00e1 \u00abrepercusiones\u00bb"},"content":{"rendered":"<p data-gtm-element-container=\"modulo-texto-link\" class=\"paragraph\">Con el t\u00edtulo de constructores ya en el saco, en <strong>McLaren <\/strong>se acab\u00f3 el cuento de hadas. <strong>Lando Norris y Oscar Piastri tienen la oportunidad de su vida delante de sus narices <\/strong>y solo uno de ellos puede ser campe\u00f3n por primera vez en su vida. Por eso ya no hay tiempo para amistades y bromas entre los dos candidatos y la mejor prueba de ello fue la salida de Singapur de hace dos semanas.<\/p>\n<p data-gtm-element-container=\"modulo-texto-link\" class=\"paragraph\">Norris necesitaba recortar puntos s\u00ed o s\u00ed ante Piastri y <strong><a href=\"https:\/\/www.mundodeportivo.com\/motor\/f1\/20251006\/1004000986\/lando-norris-defiende-me-critican-meter-mi-coche-gran-hueco-deberian-f1.html\" rel=\"nofollow noopener\" target=\"_blank\">el brit\u00e1nico se lanz\u00f3 por el interior con una maniobra tan arriesgada que acab\u00f3 tocando al australiano<\/a><\/strong>. Por suerte para McLaren, los dos pudieron seguir sin problemas y acabar la carrera. Piastri acab\u00f3 muy cabreado por esa acci\u00f3n y se ve que en Woking han sido semanas de discusi\u00f3n seg\u00fan lo que explic\u00f3 Lando en la previa del GP de Estados Unidos, que se celebra en Austin este fin de semana.\u00a0<\/p>\n<p data-gtm-element-container=\"modulo-texto-link\" class=\"paragraph\">Seg\u00fan cont\u00f3 el brit\u00e1nico, en McLaren ven claro que es una acci\u00f3n que podr\u00eda evitarse por su parte y por eso Lando asegur\u00f3 que esa maniobra tendr\u00e1 repercusiones en \u00e9l mismo. <strong>\u00abSe revisaron las cosas y habr\u00e1 repercusiones para m\u00ed hasta el final de la temporada<\/strong>\u00ab, dijo en Sky Sports.<\/p>\n<p data-gtm-element-container=\"modulo-texto-link\" class=\"paragraph\">No es que me haya salido con la m\u00eda, pero tambi\u00e9n fue un incidente menor y hab\u00eda posibilidades de evitarlo.<br \/>\nDespu\u00e9s de la carrera dije que no puedo permitirme tener ning\u00fan contacto ni que ocurra nada como lo que ocurri\u00f3, porque pongo en riesgo todo mi campeonato si algo sale mal, al igual que lo hago con cualquiera de mis rivales.<br \/>\nPor supuesto, h<strong>abr\u00e1 repercusiones para m\u00ed, pero por lo dem\u00e1s, la participaci\u00f3n y la forma en que competimos seguir\u00e1 siendo la misma de siempre\u00bb<\/strong>.\u00a0<\/p>\n<p>Piastri no urga en la herida<\/p>\n<p data-gtm-element-container=\"modulo-texto-link\" class=\"paragraph\">Como no pod\u00eda ser de otra manera, el otro protagonista de la acci\u00f3n, Oscar Piastri, fue preguntado por esas repercusiones de las que hablaba su compa\u00f1ero y rival por la corona. El l\u00edder, que llega a Austin con 22 puntos de margen, no entr\u00f3 en detalles pero valor\u00f3 positivamente que el equipo haya zanjado el tema.<\/p>\n<p data-gtm-element-container=\"modulo-texto-link\" class=\"paragraph\">\u00ab<strong>No puedo decir cu\u00e1les son las repercusiones, eso es algo que debe saber el equipo<\/strong>. La conclusi\u00f3n fue que lo que ocurri\u00f3 en Singapur no es la forma en que queremos competir como equipo y, en \u00faltima instancia<strong>, Lando ha asumido la responsabilidad <\/strong>por ello. As\u00ed que eso ya es agua pasada y las reglas no cambiar\u00e1n por eso\u00bb, dict\u00f3 sentencia en SkySports.<\/p>\n<p data-gtm-element-container=\"modulo-texto-link\" class=\"paragraph\">Adem\u00e1s, en McLaren deben tener otro factor en cuenta: Max Verstappen. El neerland\u00e9s se peg\u00f3 de nuevo en la lucha desde la vuelta de vacaciones de verano cuando en julio estaba pr\u00e1cticamente descartado. Desde Monza recuper\u00f3 muchos puntos y ahora est\u00e1 a 63 de Piastri. Es bastante, pero nada se puede descartar con el tetracampe\u00f3n. Por eso mismo, otro toque que significara un KO para Norris y Piastri ser\u00eda fatal para sus intereses. De ah\u00ed la preocupaci\u00f3n por lo ocurrido en Singapur<\/p>\n","protected":false},"excerpt":{"rendered":"Con el t\u00edtulo de constructores ya en el saco, en McLaren se acab\u00f3 el cuento de hadas. Lando&hellip;\n","protected":false},"author":2,"featured_media":182450,"comment_status":"","ping_status":"","sticky":false,"template":"","format":"standard","meta":{"footnotes":""},"categories":[270],"tags":[168,25,24,306,271,272,23,167],"class_list":{"0":"post-182449","1":"post","2":"type-post","3":"status-publish","4":"format-standard","5":"has-post-thumbnail","7":"category-formula-1","8":"tag-deportes","9":"tag-es","10":"tag-espana","11":"tag-f1","12":"tag-formula-1","13":"tag-formula1","14":"tag-spain","15":"tag-sports"},"share_on_mastodon":{"url":"","error":""},"_links":{"self":[{"href":"https:\/\/www.europesays.com\/es\/wp-json\/wp\/v2\/posts\/182449","targetHints":{"allow":["GET"]}}],"collection":[{"href":"https:\/\/www.europesays.com\/es\/wp-json\/wp\/v2\/posts"}],"about":[{"href":"https:\/\/www.europesays.com\/es\/wp-json\/wp\/v2\/types\/post"}],"author":[{"embeddable":true,"href":"https:\/\/www.europesays.com\/es\/wp-json\/wp\/v2\/users\/2"}],"replies":[{"embeddable":true,"href":"https:\/\/www.europesays.com\/es\/wp-json\/wp\/v2\/comments?post=182449"}],"version-history":[{"count":0,"href":"https:\/\/www.europesays.com\/es\/wp-json\/wp\/v2\/posts\/182449\/revisions"}],"wp:featuredmedia":[{"embeddable":true,"href":"https:\/\/www.europesays.com\/es\/wp-json\/wp\/v2\/media\/182450"}],"wp:attachment":[{"href":"https:\/\/www.europesays.com\/es\/wp-json\/wp\/v2\/media?parent=182449"}],"wp:term":[{"taxonomy":"category","embeddable":true,"href":"https:\/\/www.europesays.com\/es\/wp-json\/wp\/v2\/categories?post=182449"},{"taxonomy":"post_tag","embeddable":true,"href":"https:\/\/www.europesays.com\/es\/wp-json\/wp\/v2\/tags?post=182449"}],"curies":[{"name":"wp","href":"https:\/\/api.w.org\/{rel}","templated":true}]}}