{"id":182451,"date":"2025-10-17T08:28:12","date_gmt":"2025-10-17T08:28:12","guid":{"rendered":"https:\/\/www.europesays.com\/es\/182451\/"},"modified":"2025-10-17T08:28:12","modified_gmt":"2025-10-17T08:28:12","slug":"ucam-murcia-cb-falk-y-hicks-la-cara-y-la-cruz-del-arranque-del-ucam-murcia","status":"publish","type":"post","link":"https:\/\/www.europesays.com\/es\/182451\/","title":{"rendered":"UCAM Murcia CB | Falk y Hicks, la cara y la cruz del arranque del UCAM Murcia"},"content":{"rendered":"<p class=\"ft-text\"><a class=\"ft-link ft-link--decoration\" href=\"https:\/\/www.laopiniondemurcia.es\/deportes\/2025\/09\/27\/ucam-murcia-zach-hicks-elegido-122002070.html\" target=\"_blank\" rel=\"nofollow noopener\">Zach Hicks lleg\u00f3 al UCAM Murcia para sustituir al lesionado Kaiser Gates<\/a>. <strong>El club recurri\u00f3 a un novato reci\u00e9n salido de la NCAA para paliar la importante baja del estadounidense<\/strong>, quien estar\u00e1 seis meses de baja. Tres semanas despu\u00e9s sigue siendo un jugador t\u00edmido, <strong>con miedo a lanzar a canasta como qued\u00f3 patente el pasado mi\u00e9rcoles en el primer partido de la FIBA Europa Cup<\/strong>.<\/p>\n<p class=\"ft-text\"><a class=\"ft-link ft-link--decoration\" href=\"https:\/\/www.laopiniondemurcia.es\/deportes\/2025\/10\/15\/fiba-europe-cup-ucam-murcia-122660361.html\" target=\"_blank\" rel=\"nofollow noopener\">Hicks representa la cruz en este inicio de temporada notable del conjunto murciano, con dos victorias en ACB y una en competici\u00f3n europea<\/a>. \u00abSi Hicks, cuando est\u00e1 solo, no tira, no va a jugar ni un minuto. Vamos a darle otra oportunidad, y <strong>cuando est\u00e9 solo, si no tira, no volver\u00e1 a jugar y jugar\u00e1 otro<\/strong>\u00bb, dijo rotundamente Sito Alonso tras el triunfo en el Palacio ante el Rilski Sportist b\u00falgaro. En este encuentro fue el \u00fanico jugador del equipo que no anot\u00f3 ni un solo punto. <strong>Intent\u00f3 cuatro triples y los fall\u00f3 todos en 11:33 minutos en pista. Captur\u00f3 un rebote y cometi\u00f3 cuatro faltas personales. <\/strong><\/p>\n<p><img decoding=\"async\" src=\"https:\/\/www.europesays.com\/es\/wp-content\/uploads\/2025\/10\/fd2f546a-39d6-4b34-a26e-3e22e5882171_alta-libre-aspect-ratio_default_0.jpg\" width=\"1200\" height=\"1600\" alt=\"Las im\u00e1genes del UCAM Murcia - Rilski Sportist\" class=\"ft-helper-img-rd\" loading=\"lazy\" hasdataaida=\"true\"\/><\/p>\n<p class=\"ft-helper-fontColor-quaternary ft-helper-fontSize-body-S ft-helper-spacer-t-xxs\">Hicks lanza a canasta en el partido de la FIBA Europe Cup  \/ Juan Carlos Caval<\/p>\n<p class=\"ft-text\">La otra cara la representa el sueco <strong>Will Falk, un jugador al que se le ha visto actuar hasta en tres posiciones: escolta, alero y ala p\u00edvot<\/strong>. Y ha demostrado que tambi\u00e9n puede rendir como \u20184\u2019 gracias a su intensidad. En liga est\u00e1 promediando 14:14 minutos y 3,5 puntos. Y en la Fiba Europe Cup <strong>estuvo en pista 26:35 minutos, en los que anot\u00f3 9 puntos con seis tiros de campo, y sum\u00f3 los dos tiros libres que intent\u00f3. Tambi\u00e9n aport\u00f3 11 rebotes<\/strong> y una asistencia y con \u00e9l en la pista su equipo hizo un +20. \u00ab<strong>Ven\u00eda haciendo un trabajo espectacular que no se hab\u00eda reflejado en los n\u00fameros en los anteriores partidos<\/strong>. Y ya lo hemos dicho muchas veces, es el representante de la identidad de este club\u00bb, afirm\u00f3 Sito Alonso, quien a\u00f1adi\u00f3 que \u00ab<a class=\"ft-link ft-link--decoration\" href=\"https:\/\/www.laopiniondemurcia.es\/deportes\/2025\/05\/09\/ucam-repesca-falk-recta-final-117206071.html\" target=\"_blank\" rel=\"nofollow noopener\">es un jugador muy especial, que ha atravesado momentos duros en su carrera deportiva, muy dif\u00edciles, con dos operaciones de rodilla<\/a> y una peritonitis, problemas que han lastrado su debut mucho antes\u00bb. Y para el t\u00e9cnico, lo m\u00e1s importante en su caso \u00abes la determinaci\u00f3n que tiene de d\u00f3nde quiere estar, con qui\u00e9n quiere estar, y el sentimiento que tiene con las personas que le rodean, que para \u00e9l no es negociable. <strong>Es normal que haga esos n\u00fameros cuando no para de trabajar todo el rato<\/strong>\u00bb.<\/p>\n<p class=\"ft-text\">De momento, <strong>Falk, quien el a\u00f1o pasado estuvo cedido en dos equipos de Segunda FEB donde tuvo un papel discreto<\/strong>, est\u00e1 dando la raz\u00f3n a la direcci\u00f3n deportiva y al entrenador, que no dudaron este verano en incluirle entre los jugadores que tendr\u00edan ficha profesional del primer equipo, algo que sorprendi\u00f3. <strong>Sin embargo, esos mismos responsables a\u00fan est\u00e1n esperando que Hicks, al que el sueco ha adelantado con creces en la rotaci\u00f3n, \u2018explote\u2019 o al menos justifique las actuaciones que firm\u00f3 en la NCAA<\/strong> y que le han permitido tener una oportunidad en Europa.<\/p>\n<p><img decoding=\"async\" src=\"https:\/\/www.europesays.com\/es\/wp-content\/uploads\/2025\/10\/d6821942-d21e-43a2-adf3-d80db371cdcd_alta-libre-aspect-ratio_default_0.jpg\" width=\"1200\" height=\"800\" alt=\"Las im\u00e1genes del UCAM Murcia - Rilski Sportist\" class=\"ft-helper-img-rd\" loading=\"lazy\" hasdataaida=\"true\"\/><\/p>\n<p class=\"ft-helper-fontColor-quaternary ft-helper-fontSize-body-S ft-helper-spacer-t-xxs\">Howard Sant-Roos y Devontae Cacok, viendo el partido ante el Rilsti  \/ Juan Carlos Caval<\/p>\n<p class=\"ft-text\">La situaci\u00f3n de ambos jugadores se produce en un contexto donde las rotaciones van a ser habituales durante el curso. De hecho, hasta el argentino Lee Aaliya, del U22, jug\u00f3 el pasado mi\u00e9rcoles. \u00abEl a\u00f1o pasado aprendimos que algunos jugadores hab\u00edan llegado con mucha dificultad al final de liga, como el caso de Howard Sant-Roos. <strong>Y otros necesitan descanso porque han jugado con su selecci\u00f3n, como de Toni Nakic, que no ha descansado ni un d\u00eda desde que vino del Eurobasket<\/strong>\u00bb, afirm\u00f3 Sito Alonso, quien al respecto a\u00f1adi\u00f3 que \u00abes fundamental hacer entender a los dem\u00e1s de la importancia que tiene salir con una concentraci\u00f3n m\u00e1xima ante cualquier rival que nos enfrentemos\u00bb.<\/p>\n","protected":false},"excerpt":{"rendered":"Zach Hicks lleg\u00f3 al UCAM Murcia para sustituir al lesionado Kaiser Gates. El club recurri\u00f3 a un novato&hellip;\n","protected":false},"author":2,"featured_media":182452,"comment_status":"","ping_status":"","sticky":false,"template":"","format":"standard","meta":{"footnotes":""},"categories":[269],"tags":[9250,299,298,2608,1798,7383,168,25,24,700,51707,44500,23,167,9413,3918,1402],"class_list":{"0":"post-182451","1":"post","2":"type-post","3":"status-publish","4":"format-standard","5":"has-post-thumbnail","7":"category-baloncesto","8":"tag-arranque","9":"tag-baloncesto","10":"tag-basketball","11":"tag-cara","12":"tag-club","13":"tag-cruz","14":"tag-deportes","15":"tag-es","16":"tag-espana","17":"tag-europa","18":"tag-falk","19":"tag-hicks","20":"tag-spain","21":"tag-sports","22":"tag-ucam","23":"tag-ucam-murcia","24":"tag-ucam-murcia-cb"},"share_on_mastodon":{"url":"","error":""},"_links":{"self":[{"href":"https:\/\/www.europesays.com\/es\/wp-json\/wp\/v2\/posts\/182451","targetHints":{"allow":["GET"]}}],"collection":[{"href":"https:\/\/www.europesays.com\/es\/wp-json\/wp\/v2\/posts"}],"about":[{"href":"https:\/\/www.europesays.com\/es\/wp-json\/wp\/v2\/types\/post"}],"author":[{"embeddable":true,"href":"https:\/\/www.europesays.com\/es\/wp-json\/wp\/v2\/users\/2"}],"replies":[{"embeddable":true,"href":"https:\/\/www.europesays.com\/es\/wp-json\/wp\/v2\/comments?post=182451"}],"version-history":[{"count":0,"href":"https:\/\/www.europesays.com\/es\/wp-json\/wp\/v2\/posts\/182451\/revisions"}],"wp:featuredmedia":[{"embeddable":true,"href":"https:\/\/www.europesays.com\/es\/wp-json\/wp\/v2\/media\/182452"}],"wp:attachment":[{"href":"https:\/\/www.europesays.com\/es\/wp-json\/wp\/v2\/media?parent=182451"}],"wp:term":[{"taxonomy":"category","embeddable":true,"href":"https:\/\/www.europesays.com\/es\/wp-json\/wp\/v2\/categories?post=182451"},{"taxonomy":"post_tag","embeddable":true,"href":"https:\/\/www.europesays.com\/es\/wp-json\/wp\/v2\/tags?post=182451"}],"curies":[{"name":"wp","href":"https:\/\/api.w.org\/{rel}","templated":true}]}}