{"id":182460,"date":"2025-10-17T08:33:09","date_gmt":"2025-10-17T08:33:09","guid":{"rendered":"https:\/\/www.europesays.com\/es\/182460\/"},"modified":"2025-10-17T08:33:09","modified_gmt":"2025-10-17T08:33:09","slug":"tension-humor-y-terror-cinco-series-para-no-salir-de-casa-este-fin-de-semana","status":"publish","type":"post","link":"https:\/\/www.europesays.com\/es\/182460\/","title":{"rendered":"Tensi\u00f3n, humor y terror: cinco series para no salir de casa este fin de semana"},"content":{"rendered":"<p class=\"v-mdl-ath__p v-mdl-ath__p--6\">\nViernes, 17 de octubre 2025, 06:05<\/p>\n<p class=\"v-p\">Este fin de semana existen m\u00faltiples opciones para disfrutar frente a la pantalla, con estrenos y propuestas que van desde el thriller de alto voltaje hasta la comedia m\u00e1s ingeniosa, sin olvidar el <a href=\"https:\/\/www.lagacetadesalamanca.es\/television\/sabes-iniciarte-genero-terror-clasicos-debes-ver-20251009065000-nt.html\" data-voc-vtm-id=\"in-text-traffic\" title=\"toque de terror propio de octubre\" rel=\"nofollow noopener\" target=\"_blank\">toque de terror propio de octubre<\/a>.<\/p>\n<p class=\"v-p\">Para los que deseen un poco de <strong>acci\u00f3n o drama<\/strong>, destacan dos series espa\u00f1olas muy potentes. En Movistar+, <strong>&#8216;El Centro&#8217;<\/strong> se adentra en el universo del espionaje espa\u00f1ol con una historia ambientada en la actualidad, pero con claros ecos de la Guerra Fr\u00eda. Todo comienza con un asesinato que destapa una operaci\u00f3n internacional de los servicios de inteligencia rusos, obligando al CNI a actuar contrarreloj mientras intenta descubrir a un traidor entre sus filas. Una serie que combina acci\u00f3n, intriga y drama, y que muestra el lado m\u00e1s humano de quienes viven entre la lealtad, la traici\u00f3n y el deber.<\/p>\n<p class=\"v-p\">En HBO, <strong>&#8216;Pubertat&#8217;<\/strong> ofrece un enfoque muy distinto. Un drama contempor\u00e1neo que sacude a una comunidad cuando una denuncia de agresi\u00f3n sexual en redes sociales se\u00f1ala a tres adolescentes. Los adultos implicados deber\u00e1n enfrentarse a la tensi\u00f3n y revisar sus propias creencias sobre la sexualidad, en una historia que revela c\u00f3mo los traumas y tab\u00faes tambi\u00e9n pueden heredarse. <\/p>\n<p class=\"v-p\">Si lo que se busca es distraerse con unas <strong>buenas risas<\/strong>, hay dos comedias ideales. En Movistar+, <strong>&#8216;Poquita Fe&#8217;<\/strong> propone una mirada costumbrista y muy \u00e1cida a la vida de pareja a trav\u00e9s de Berta y Jos\u00e9 Ram\u00f3n, interpretados por Ra\u00fal Cimas y Esperanza Pedre\u00f1o. Con episodios de 15 minutos, es una opci\u00f3n ligera, inteligente y con mucho humor negro. En Netflix, <strong>&#8216;Animal&#8217;<\/strong> cambia el campo por la ciudad. Luis Zahera interpreta a Ant\u00f3n, un veterinario rural que, tras una serie de problemas econ\u00f3micos, acaba trabajando con su sobrina Ux\u00eda en una cl\u00ednica para mascotas muy mimadas en A Coru\u00f1a. Del choque de estos dosmundos nace un humor muy divertido y tierno perfecto para desconectar.<\/p>\n<p class=\"v-p\">Y por \u00faltimo, una pizca de terror, que siempre es bienvenida en el mes de octubre. En Netflix sigue triunfando <strong>&#8216;Monstruo: La historia de Ed Gein&#8217;<\/strong>, un inquietante retrato del hombre que inspir\u00f3 algunos de los asesinos m\u00e1s famosos del cine. Ambientada en la Wisconsin rural de los a\u00f1os 50, la serie explora la relaci\u00f3n enfermiza entre Gein y su madre, y c\u00f3mo la soledad, la pisosis y la obsesi\u00f3n lo llevaron a construir una aut\u00e9ntica &#8216;casa de los horrores&#8217; llena de cruentos cr\u00edmenes.<\/p>\n<p>Reporta un error<\/p>\n","protected":false},"excerpt":{"rendered":"Viernes, 17 de octubre 2025, 06:05 Este fin de semana existen m\u00faltiples opciones para disfrutar frente a la&hellip;\n","protected":false},"author":2,"featured_media":182461,"comment_status":"","ping_status":"","sticky":false,"template":"","format":"standard","meta":{"footnotes":""},"categories":[171],"tags":[385,5810,146,147,25,24,772,24705,16427,773,805,23,8487,6667,214],"class_list":{"0":"post-182460","1":"post","2":"type-post","3":"status-publish","4":"format-standard","5":"has-post-thumbnail","7":"category-tv","8":"tag-casa","9":"tag-cinco","10":"tag-entertainment","11":"tag-entretenimiento","12":"tag-es","13":"tag-espana","14":"tag-fin","15":"tag-humor","16":"tag-salir","17":"tag-semana","18":"tag-series","19":"tag-spain","20":"tag-tension","21":"tag-terror","22":"tag-tv"},"share_on_mastodon":{"url":"","error":""},"_links":{"self":[{"href":"https:\/\/www.europesays.com\/es\/wp-json\/wp\/v2\/posts\/182460","targetHints":{"allow":["GET"]}}],"collection":[{"href":"https:\/\/www.europesays.com\/es\/wp-json\/wp\/v2\/posts"}],"about":[{"href":"https:\/\/www.europesays.com\/es\/wp-json\/wp\/v2\/types\/post"}],"author":[{"embeddable":true,"href":"https:\/\/www.europesays.com\/es\/wp-json\/wp\/v2\/users\/2"}],"replies":[{"embeddable":true,"href":"https:\/\/www.europesays.com\/es\/wp-json\/wp\/v2\/comments?post=182460"}],"version-history":[{"count":0,"href":"https:\/\/www.europesays.com\/es\/wp-json\/wp\/v2\/posts\/182460\/revisions"}],"wp:featuredmedia":[{"embeddable":true,"href":"https:\/\/www.europesays.com\/es\/wp-json\/wp\/v2\/media\/182461"}],"wp:attachment":[{"href":"https:\/\/www.europesays.com\/es\/wp-json\/wp\/v2\/media?parent=182460"}],"wp:term":[{"taxonomy":"category","embeddable":true,"href":"https:\/\/www.europesays.com\/es\/wp-json\/wp\/v2\/categories?post=182460"},{"taxonomy":"post_tag","embeddable":true,"href":"https:\/\/www.europesays.com\/es\/wp-json\/wp\/v2\/tags?post=182460"}],"curies":[{"name":"wp","href":"https:\/\/api.w.org\/{rel}","templated":true}]}}