{"id":182488,"date":"2025-10-17T08:50:07","date_gmt":"2025-10-17T08:50:07","guid":{"rendered":"https:\/\/www.europesays.com\/es\/182488\/"},"modified":"2025-10-17T08:50:07","modified_gmt":"2025-10-17T08:50:07","slug":"f1-gp-estados-unidos-2025-a-que-hora-y-donde-ver-por-tv-la-clasificacion-y-la-carrera-en-las-americas-el-mundo","status":"publish","type":"post","link":"https:\/\/www.europesays.com\/es\/182488\/","title":{"rendered":"F1 GP Estados Unidos 2025: a qu\u00e9 hora y d\u00f3nde ver por TV la clasificaci\u00f3n y la carrera en las Am\u00e9ricas &#8211; El Mundo"},"content":{"rendered":"<ol>\n<li><a href=\"https:\/\/news.google.com\/rss\/articles\/CBMid0FVX3lxTE1IYkJzTWdTRXM3dHFybnlaTDl2RGVTM1NiczdlZ1BsM2hJMjdBNm5CTWZOSkpjdEZQWmhLNVpNaTA1YkV0ZkRpU2NCSTFHQXZCNE8yMlNlbHRkakVnaHd2ZGtja2o2eWpGMllJNEptOGtMc3duYWEw0gF3QVVfeXFMT1JaSjZNZmlnakk3Rm0wbW9tZFFxM0NzMjFRaVBGVF9QZDhDNGVTNkMyYUlRSDJCa25OT0s1dFBfOEotdHVQcUFYWlFBYlFQLTdEcDB3eGN4RC1ZN2R1dHFuYmo4OEZwRG5oMko0czBGbWFpNGgwdEE?oc=5\" target=\"_blank\" rel=\"nofollow noopener\">F1 GP Estados Unidos 2025: a qu\u00e9 hora y d\u00f3nde ver por TV la clasificaci\u00f3n y la carrera en las Am\u00e9ricas<\/a>&nbsp;&nbsp;El Mundo<\/li>\n<li><a href=\"https:\/\/news.google.com\/rss\/articles\/CBMiogFBVV95cUxNb2VQMDNuNFBDV2RjaGtmS0hsN2s2N0NxODFnd1BreDJma1FPMGNrVTJ5eDFIQjF6b2JkdklFTXpvQjhZeW0zRWNuaGlraDQwVE5mcUppcnplMzRvSWp1eklpXzR5cldqR0FCOWVWeUw2TjRudHdUNnFreDBYSkFTbmktMDhGWnZzNVd6c2h0Wk1aM1BWVVZiem1JTGNjczludFHSAaIBQVVfeXFMTmFFdzlWdEM2M05Ka0plS2lPLWZTQkY4LU10dXYyNGZrYkpFNTRoa3FXMHh3WlpiRDBQLVJNR1FVVlAzOXRPeDZ5TF9pU3lRRW1PdkZiYVhoMEpqS2lhMDlzQU04cUMzZ3Y4VkE2TktGYVJHMmY4UHgxOVVlcmhPVG1LMWtsd0E3a09SdkdrUkJ6Rkx0V1RQTVUzOGtVWTI5OEpR?oc=5\" target=\"_blank\" rel=\"nofollow noopener\">La FIA declara peligro de calor para el fin de semana en Austin<\/a>&nbsp;&nbsp;MARCA<\/li>\n<li><a href=\"https:\/\/news.google.com\/rss\/articles\/CBMirwFBVV95cUxQVzVNdGlOaFZYR0ZPb2RVNkt0SDJEZUo1eEhKQzdmNFIzeDhySnJXamNEOG10eXRpNzRHek1WT0t3aFR5QnNhR0ZzZ1RPTWZ2TFZuN3hJR0lZM0lYNGp6bFEzcm1iQ1ZOM0RvZThrYkZaeGxRd1o5MElzVFBsYU5IVTF2clNoY3dneGV2U3pvOTVBQmVNLUs0LTJncGl6dkJlcUgyWGVMZVFjMXRsc29n0gHDAUFVX3lxTE05bms0TjZnTVdTenZXZEhmUkd0T3FZaXp1T1kycVJkS0pEMDU0Q2J3RndiVGFYMnY3MS1YbXdadml3b18wOHVwa3lYNGN4VEZvUzJ3V3FmVUo3LTdOT2FPekd2dER2OGxxSEhzcXJTcU1ILVNmOHpvZTJCSFZneXBKMng4QmMtbHdsbVEzU2hmMHl6MDdIY1VZY19JbWsyQ1NZbXdiRjdQTjJSX0xUS3paVnlGUVZKZzI0dFhnYjE5aWVMMA?oc=5\" target=\"_blank\" rel=\"nofollow noopener\">FIA lanza alerta extrema debida a las altas temperaturas en el Gran Premio de Estados Unidos<\/a>&nbsp;&nbsp;Cadena SER<\/li>\n<li><a href=\"https:\/\/news.google.com\/rss\/articles\/CBMiigFBVV95cUxQSUZUWXdsOGpSdDJ2UVNjT3hFd0FhcTVzOXk2bFBDVVpLLXJLTGJUXzJwU0tkbGY0a2VZaWd0NEtKMEpXT0dTMGxWMFdPbVdOSW9tYjNjMG9UUkNJQ29Wdk9nQnBsS0JPSlNQZ25ZTHJIeDN4LUhTQVJkVV9MSnlUcHZ4RElFMWpBVXfSAY8BQVVfeXFMUGJKZTZaZTV6aGV3OEtWbkM2RzFQbmVILS1meTJhYXhoSGUtSUxjVlliX1lVa2tIaHhzbFptaVo0djlFR1B1WHBya21MYlA3ZXhJQXgxenlVYW1sMjdqSEY5ZllFUXEwQjlIbF9rX2xPU0ZLX0xqd2prRFFvbjVuSWJtRGIxdWVRRFBTVGpGOFE?oc=5\" target=\"_blank\" rel=\"nofollow noopener\">\u00bfBatalla a cuatro por la victoria en Estados Unidos?<\/a>&nbsp;&nbsp;SoyMotor.com<\/li>\n<li><a href=\"https:\/\/news.google.com\/rss\/articles\/CBMizgFBVV95cUxPNXJCN0pBdEh4YmRRQmVMRzN1T3AzX3VNVlFFaHZnWm5fVDRfRGhiOEN5dXRXNFRuRHhvLVo1T1I3RTA5aHV6TjBNcmU1VEZwczRrRkFaMFlnZmdXckt6RUxWR25nWXptRXBMVnItZ1ZOOGRmaExJQklsVzFmd0dUaFBFb2g1c2x4dVBNNy1MR3JmWFNYZDdVY0JibUZqUVVfNkZJQ3ZPdFl3WE1SdUt1WE1LRWx1SmFZWWxBbzlXVmNob3pmLTk1SG1qOTVNUQ?oc=5\" target=\"_blank\" rel=\"nofollow noopener\">Piastri y Norris pugnan en Austin ante el &#8216;modo remontada&#8217; de Verstappen<\/a>&nbsp;&nbsp;Europa Press<\/li>\n<\/ol>\n","protected":false},"excerpt":{"rendered":"F1 GP Estados Unidos 2025: a qu\u00e9 hora y d\u00f3nde ver por TV la clasificaci\u00f3n y la carrera&hellip;\n","protected":false},"author":2,"featured_media":154570,"comment_status":"","ping_status":"","sticky":false,"template":"","format":"standard","meta":{"footnotes":""},"categories":[270],"tags":[2170,168,25,24,306,271,272,23,167],"class_list":{"0":"post-182488","1":"post","2":"type-post","3":"status-publish","4":"format-standard","5":"has-post-thumbnail","7":"category-formula-1","8":"tag-como","9":"tag-deportes","10":"tag-es","11":"tag-espana","12":"tag-f1","13":"tag-formula-1","14":"tag-formula1","15":"tag-spain","16":"tag-sports"},"share_on_mastodon":{"url":"","error":""},"_links":{"self":[{"href":"https:\/\/www.europesays.com\/es\/wp-json\/wp\/v2\/posts\/182488","targetHints":{"allow":["GET"]}}],"collection":[{"href":"https:\/\/www.europesays.com\/es\/wp-json\/wp\/v2\/posts"}],"about":[{"href":"https:\/\/www.europesays.com\/es\/wp-json\/wp\/v2\/types\/post"}],"author":[{"embeddable":true,"href":"https:\/\/www.europesays.com\/es\/wp-json\/wp\/v2\/users\/2"}],"replies":[{"embeddable":true,"href":"https:\/\/www.europesays.com\/es\/wp-json\/wp\/v2\/comments?post=182488"}],"version-history":[{"count":0,"href":"https:\/\/www.europesays.com\/es\/wp-json\/wp\/v2\/posts\/182488\/revisions"}],"wp:featuredmedia":[{"embeddable":true,"href":"https:\/\/www.europesays.com\/es\/wp-json\/wp\/v2\/media\/154570"}],"wp:attachment":[{"href":"https:\/\/www.europesays.com\/es\/wp-json\/wp\/v2\/media?parent=182488"}],"wp:term":[{"taxonomy":"category","embeddable":true,"href":"https:\/\/www.europesays.com\/es\/wp-json\/wp\/v2\/categories?post=182488"},{"taxonomy":"post_tag","embeddable":true,"href":"https:\/\/www.europesays.com\/es\/wp-json\/wp\/v2\/tags?post=182488"}],"curies":[{"name":"wp","href":"https:\/\/api.w.org\/{rel}","templated":true}]}}