{"id":182493,"date":"2025-10-17T08:53:08","date_gmt":"2025-10-17T08:53:08","guid":{"rendered":"https:\/\/www.europesays.com\/es\/182493\/"},"modified":"2025-10-17T08:53:08","modified_gmt":"2025-10-17T08:53:08","slug":"la-actriz-diane-keaton-fallecio-de-neumonia","status":"publish","type":"post","link":"https:\/\/www.europesays.com\/es\/182493\/","title":{"rendered":"La actriz Diane Keaton falleci\u00f3 de neumon\u00eda"},"content":{"rendered":"<p>            La actriz Diane Keaton falleci\u00f3 de neumon\u00eda                <\/p>\n<p>La actriz Diane Keaton falleci\u00f3 de neumon\u00eda<\/p>\n<p class=\"epigraph\">Seg\u00fan revelaron a la revista estadounidense desde el entorno de Keaton, su salud se hab\u00eda deteriorado \u00abrepentinamente\u00bb en los \u00faltimos meses.<\/p>\n<p class=\"paragraph\"><a href=\"https:\/\/www.heraldo.es\/noticias\/ocio-y-cultura\/2025\/10\/16\/muere-penelope-milford-actriz-nominada-oscar-regreso-1862581.html\" title=\"Muere a los 77 a\u00f1os Penelope Milford, actriz nominada al Oscar por El regreso\" target=\"_blank\" rel=\"nofollow noopener\">Diane Keaton falleci\u00f3 de una neumon\u00eda. <\/a>As\u00ed lo explic\u00f3 la familia en un comunicado con en el que ha querido agradecer las muestras de cari\u00f1o. <b>\u00abLa familia Keaton est\u00e1 muy agradecida por los extraordinarios mensajes de amor<\/b> y apoyo que han recibido estos \u00faltimos d\u00edas en nombre de su amada Diane, quien falleci\u00f3 de neumon\u00eda el 11 de octubre\u00bb, explican en la nota remitida a la revista &#8216;People&#8217;.<\/p>\n<p>            Conforme a los criterios de<br \/>\n            <a class=\"trustproject_img\" id=\"trustproject_img\" href=\"https:\/\/thetrustproject.org\/\" target=\"_blank\" rel=\"nofollow noopener\" aria-label=\"Trust Project\"><img decoding=\"async\" loading=\"lazy\" src=\"https:\/\/www.heraldo.es\/images\/Trust-Logo-Horizontal.svg\" alt=\"Logo Trust Project\" width=\"200\" height=\"34\"\/><\/a><\/p>\n<p>        <a href=\"https:\/\/www.henneo.com\/\" title=\"Grupo Henneo\" class=\"logo\" rel=\"nofollow noopener\" target=\"_blank\"><br \/>\n            <img decoding=\"async\" src=\"https:\/\/www.heraldo.es\/images\/logo_henneo_gris.svg\" alt=\"Logo Henneo\" width=\"559\" height=\"389\" loading=\"lazy\"\/><br \/>\n        <\/a><\/p>\n<p>\u00a9 HERALDO DE ARAGON EDITORA, S.L.U.<br \/>Tel\u00e9fono 976 765 000 \/ &#8211; P\u00ba. Independencia, 29, 50001 Zaragoza &#8211; CIF: B99288763 &#8211; Inscrita en el Registro Mercantil de Zaragoza al Tomo 3796, Libro 0, Folio 177, Secci\u00f3n 8, Hoja Z-50564<br \/>Queda prohibida toda reproducci\u00f3n sin permiso escrito de la empresa a los efectos del art\u00edculo 32.1, p\u00e1rrafo segundo, de la Ley de Propiedad Intelectual<\/p>\n<p>\n                P\u00ba Independencia, 29, 50001 Zaragoza<br \/> Tel\u00e9fono 976 765 000\n            <\/p>\n<p>                    Actualmente tu navegador no permite ejecutar JavaScript. Para poder disfrutar de nuestro contenido es necesario que lo permita.<br \/>\n                                        <img decoding=\"async\" loading=\"lazy\" alt=\"Heraldo logo\" src=\"https:\/\/dkumiip2e9ary.cloudfront.net\/xalok\/heraldo\/especiales\/hola-de-nuevo\/logo-heraldo.svg\" width=\"215\" height=\"43\"\/><\/p>\n","protected":false},"excerpt":{"rendered":"La actriz Diane Keaton falleci\u00f3 de neumon\u00eda La actriz Diane Keaton falleci\u00f3 de neumon\u00eda Seg\u00fan revelaron a la&hellip;\n","protected":false},"author":2,"featured_media":182494,"comment_status":"","ping_status":"","sticky":false,"template":"","format":"standard","meta":{"footnotes":""},"categories":[174],"tags":[6456,255,38401,146,147,25,24,13764,256,49535,3430,23],"class_list":{"0":"post-182493","1":"post","2":"type-post","3":"status-publish","4":"format-standard","5":"has-post-thumbnail","7":"category-famosos","8":"tag-actriz","9":"tag-celebrities","10":"tag-diane","11":"tag-entertainment","12":"tag-entretenimiento","13":"tag-es","14":"tag-espana","15":"tag-fallecio","16":"tag-famosos","17":"tag-keaton","18":"tag-neumonia","19":"tag-spain"},"share_on_mastodon":{"url":"","error":""},"_links":{"self":[{"href":"https:\/\/www.europesays.com\/es\/wp-json\/wp\/v2\/posts\/182493","targetHints":{"allow":["GET"]}}],"collection":[{"href":"https:\/\/www.europesays.com\/es\/wp-json\/wp\/v2\/posts"}],"about":[{"href":"https:\/\/www.europesays.com\/es\/wp-json\/wp\/v2\/types\/post"}],"author":[{"embeddable":true,"href":"https:\/\/www.europesays.com\/es\/wp-json\/wp\/v2\/users\/2"}],"replies":[{"embeddable":true,"href":"https:\/\/www.europesays.com\/es\/wp-json\/wp\/v2\/comments?post=182493"}],"version-history":[{"count":0,"href":"https:\/\/www.europesays.com\/es\/wp-json\/wp\/v2\/posts\/182493\/revisions"}],"wp:featuredmedia":[{"embeddable":true,"href":"https:\/\/www.europesays.com\/es\/wp-json\/wp\/v2\/media\/182494"}],"wp:attachment":[{"href":"https:\/\/www.europesays.com\/es\/wp-json\/wp\/v2\/media?parent=182493"}],"wp:term":[{"taxonomy":"category","embeddable":true,"href":"https:\/\/www.europesays.com\/es\/wp-json\/wp\/v2\/categories?post=182493"},{"taxonomy":"post_tag","embeddable":true,"href":"https:\/\/www.europesays.com\/es\/wp-json\/wp\/v2\/tags?post=182493"}],"curies":[{"name":"wp","href":"https:\/\/api.w.org\/{rel}","templated":true}]}}