{"id":182509,"date":"2025-10-17T09:01:11","date_gmt":"2025-10-17T09:01:11","guid":{"rendered":"https:\/\/www.europesays.com\/es\/182509\/"},"modified":"2025-10-17T09:01:11","modified_gmt":"2025-10-17T09:01:11","slug":"lo-que-se-sabe-de-la-boda-de-stella-banderas-en-valladolid","status":"publish","type":"post","link":"https:\/\/www.europesays.com\/es\/182509\/","title":{"rendered":"Lo que se sabe de la boda de Stella Banderas en Valladolid"},"content":{"rendered":"<p>\t\t\t \t\t \t\t\t\t\t\t\tStella Banderas, hija de Antonio Banderas, en una imagen de archivo <strong class=\"pd-l\">Cordon Press  <\/strong><\/p>\n<p>\t\t\t\t\t\tLa hija de Antonio Banderas y Melanie\u00a0Griffith se casa este s\u00e1bado en Abad\u00eda\u00a0Retuerta Leomanine entre grandes medidas de seguridad y mucho secretismo<br \/>\n\t\t\t\t\t\t\t\t\t\t\t\t<strong>16 oct 2025<\/strong> . Actualizado a las 15:40 h.\t\t\t\t\t\t<\/p>\n<p class=\"first-paragraph txt\">Una <a class=\"link-txt\" href=\"https:\/\/www.lavozdegalicia.es\/noticia\/gente\/2025\/08\/21\/revelo-donde-sera-ansiada-boda-stella-carmen-hija-antonio-banderas-amor-infancia\/00031755768075714370495.htm\" rel=\"nofollow noopener\" target=\"_blank\">boda blindada en <strong>Abad\u00eda Retuerta Ledomaine<\/strong><\/a>, situada en Sard\u00f3n del Duero, a unos 50 kil\u00f3metros de <a href=\"https:\/\/www.lavozdegalicia.es\/temas\/valladolid\" rel=\"nofollow noopener\" target=\"_blank\">Valladolid<\/a>, una novia famosa desde la cuna: <strong>Stella del Carmen Banderas<\/strong> y un padrino,<strong> <a href=\"https:\/\/www.lavozdegalicia.es\/temas\/antonio-banderas\" rel=\"nofollow noopener\" target=\"_blank\">Antonio Banderas<\/a><\/strong>, que a est\u00e1 en la zona ya supervisando todo para el gran d\u00eda. El pr\u00f3ximo 18 de octubre Stella Banderas y su novio,\u00a0Alex Gruszynski, se dar\u00e1n el s\u00ed quiero en este enclave, que est\u00e1 rodeado de altas medidas de seguridad y mucho hermetismo, incluida la firma de contratos de confidencialidad para el personal. Esto es lo que se sabe de una boda de la que, es posible que no se conozcan fotos hasta una hipot\u00e9tica exclusiva.\u00a0<\/p>\n<p>\t\t\t \t\t \t\t\t\t\t\t\tStella Banderas y su novio, en M\u00e1laga <strong class=\"pd-l\">Cordon Press  <\/strong><\/p>\n<p class=\"ladillo\">Los novios: Stella del Carmen Banderas y Alex Gruszynski<\/p>\n<p class=\"txt\"><strong>Stella del Carmen Banderas<\/strong>, nacida el 24 de septiembre de 1996 en Marbella, es la tercera hija de Melanie Griffith y la primera de Antonio Banderas. La actriz estadounidense ten\u00eda de su anterior matrimonio con Don Johnson a Dakota Johnson\u00a0y a Alexander Bauer, de otra relaci\u00f3n con Steven Bauer. Famosa desde su nacimiento, la joven ha seguido los pasos de sus padres en el mundo del cine, donde tambi\u00e9n ha probado suerte como actriz. <strong>Alex Gruszynski<\/strong> es CEO de una empresa tecnol\u00f3gica y ambos se conocieron cuando eran apenas unos ni\u00f1os en la escuela infantil Wagon Wheel, un centro ubicado en Los \u00c1ngeles.\u00a0<\/p>\n<blockquote class=\"instagram-media\" data-instgrm-captioned=\"\" data-instgrm-permalink=\"https:\/\/www.instagram.com\/p\/C-3yas5y-GU\/?utm_source=ig_embed&amp;utm_campaign=loading\" data-instgrm-version=\"14\" style=\" background:#FFF; border:0; border-radius:3px; box-shadow:0 0 1px 0 rgba(0,0,0,0.5),0 1px 10px 0 rgba(0,0,0,0.15); margin: 1px; max-width:658px; min-width:326px; padding:0; width:99.375%; width:-webkit-calc(100% - 2px); width:calc(100% - 2px);\"\/>\n<p class=\"txt\">Comenzaron a salir en el 2015, pero se separaron cuatro a\u00f1os despu\u00e9s. Stella del Carmen mantuvo una breve relaci\u00f3n con Eli Meyer, pero el destino volvi\u00f3 a unir sus caminos y en el 2023 confirmaban que estaban juntos de nuevo en San Valent\u00edn. Ahora, se casan.\u00a0\u00ab\u00a1Puedo salir con <a class=\"link-txt\" href=\"https:\/\/www.lavozdegalicia.es\/noticia\/sociedad\/2024\/08\/20\/stella-carmen-hija-antonio-banderas-melanie-griffith-anuncia-casa-persona-favorita-tierra\/00031724152233216385749.htm\" rel=\"nofollow noopener\" target=\"_blank\">mi persona favorita sobre la faz de la Tierra para siempre<\/a>!\u00bb, escrib\u00eda<strong> Stella Banderas<\/strong> en su Instagram para anunciar su compromiso.\u00a0<\/p>\n<p class=\"ladillo\">El lugar de la boda: un monasterio de Valladolid<\/p>\n<p class=\"txt\">\u00bfQu\u00e9 hace<strong> Stella Banderas<\/strong>, malague\u00f1a de seguir la Semana Santa desde los balcones emocionada, cas\u00e1ndose en el municipio de Sard\u00f3n del Duero, a unos 50 kil\u00f3metros de Valladolid?. Pues se trata del monasterio Abad\u00eda Retuerta LeDomaine, un exclusivo hotel de cinco estrellas, considerado uno de los mejores de Espa\u00f1a y que da a la pareja la exclusividad y la intimidad que buscan. Se trata de una construcci\u00f3n rom\u00e1nica del siglo XII, con m\u00e1s de 8.000 metros cuadrados, rodeada de vi\u00f1edos y que incluye helipuerto, un factor importante para preservar el anonimato.\u00a0<\/p>\n<blockquote class=\"instagram-media\" data-instgrm-captioned=\"\" data-instgrm-permalink=\"https:\/\/www.instagram.com\/reel\/DPlWFKNDZC-\/?utm_source=ig_embed&amp;utm_campaign=loading\" data-instgrm-version=\"14\" style=\" background:#FFF; border:0; border-radius:3px; box-shadow:0 0 1px 0 rgba(0,0,0,0.5),0 1px 10px 0 rgba(0,0,0,0.15); margin: 1px; max-width:658px; min-width:326px; padding:0; width:99.375%; width:-webkit-calc(100% - 2px); width:calc(100% - 2px);\"\/>\n<p class=\"txt\">\u00abSoy muy afortunada de poder casarme en el pa\u00eds que me vio nacer\u00bb, explicaba la novia a \u00a1Hola!. El restaurante del hotel est\u00e1 reconocido con tres llaves Michel\u00edn.\u00a0<\/p>\n<p class=\"ladillo\">\u00bfQui\u00e9nes son los invitados?<\/p>\n<p class=\"txt\">Entre ellos hay una lista de famosos importantes. Sus padres, Antonio Banderas y Melanie Griffith, su abuela, la ic\u00f3nica actriz Tippie\u00a0Hedren. Adem\u00e1s se espera a la actriz Dakota Jonshon y hay quien dice que igual tambi\u00e9n asiste (y podr\u00eda actuar) su exnovio, Chris Martin, de <a href=\"https:\/\/www.lavozdegalicia.es\/temas\/coldplay\" rel=\"nofollow noopener\" target=\"_blank\">Coldplay<\/a>. Dicen que no faltar\u00e1 Don Jonshon, padre de Dakota.\u00a0\u00abEstoy emocionada porque muchos de nuestros familiares y amigos van a visitar Espa\u00f1a por primera vez y estoy segura de que <a class=\"link-txt\" href=\"https:\/\/www.lavozdegalicia.es\/noticia\/gente\/2025\/10\/01\/cuenta-atras-boda-stella-banderas-familiares-amigos-van-visitar-espana-primera-vez\/00031759305593139175813.htm\" rel=\"nofollow noopener\" target=\"_blank\">se enamorar\u00e1n de su magia tanto como yo<\/a>\u00bb, explicaba en \u00a1Hola!.\u00a0<\/p>\n<p>&#13;<br \/>\n\tArchivado en:&#13;<br \/>\n\t\t\t\t\t<a href=\"https:\/\/www.lavozdegalicia.es\/temas\/antonio-banderas\/\" target=\"_blank\" class=\"mg-l\" rel=\"nofollow noopener\">Antonio Banderas<\/a>&#13;<br \/>\n\t\t\t\t\t<a href=\"https:\/\/www.lavozdegalicia.es\/temas\/valladolid\/\" target=\"_blank\" class=\"mg-l\" rel=\"nofollow noopener\">Valladolid<\/a>&#13;<br \/>\n\t&#13;<\/p>\n<p>\t\t\t\t<script async src=\"\/\/www.instagram.com\/embed.js\"><\/script><\/p>\n","protected":false},"excerpt":{"rendered":"Stella Banderas, hija de Antonio Banderas, en una imagen de archivo Cordon Press La hija de Antonio Banderas&hellip;\n","protected":false},"author":2,"featured_media":182510,"comment_status":"","ping_status":"","sticky":false,"template":"","format":"standard","meta":{"footnotes":""},"categories":[91],"tags":[3083,146,147,25,24,23,1607],"class_list":{"0":"post-182509","1":"post","2":"type-post","3":"status-publish","4":"format-standard","5":"has-post-thumbnail","7":"category-entretenimiento","8":"tag-antonio-banderas","9":"tag-entertainment","10":"tag-entretenimiento","11":"tag-es","12":"tag-espana","13":"tag-spain","14":"tag-valladolid"},"share_on_mastodon":{"url":"","error":""},"_links":{"self":[{"href":"https:\/\/www.europesays.com\/es\/wp-json\/wp\/v2\/posts\/182509","targetHints":{"allow":["GET"]}}],"collection":[{"href":"https:\/\/www.europesays.com\/es\/wp-json\/wp\/v2\/posts"}],"about":[{"href":"https:\/\/www.europesays.com\/es\/wp-json\/wp\/v2\/types\/post"}],"author":[{"embeddable":true,"href":"https:\/\/www.europesays.com\/es\/wp-json\/wp\/v2\/users\/2"}],"replies":[{"embeddable":true,"href":"https:\/\/www.europesays.com\/es\/wp-json\/wp\/v2\/comments?post=182509"}],"version-history":[{"count":0,"href":"https:\/\/www.europesays.com\/es\/wp-json\/wp\/v2\/posts\/182509\/revisions"}],"wp:featuredmedia":[{"embeddable":true,"href":"https:\/\/www.europesays.com\/es\/wp-json\/wp\/v2\/media\/182510"}],"wp:attachment":[{"href":"https:\/\/www.europesays.com\/es\/wp-json\/wp\/v2\/media?parent=182509"}],"wp:term":[{"taxonomy":"category","embeddable":true,"href":"https:\/\/www.europesays.com\/es\/wp-json\/wp\/v2\/categories?post=182509"},{"taxonomy":"post_tag","embeddable":true,"href":"https:\/\/www.europesays.com\/es\/wp-json\/wp\/v2\/tags?post=182509"}],"curies":[{"name":"wp","href":"https:\/\/api.w.org\/{rel}","templated":true}]}}