{"id":182511,"date":"2025-10-17T09:03:08","date_gmt":"2025-10-17T09:03:08","guid":{"rendered":"https:\/\/www.europesays.com\/es\/182511\/"},"modified":"2025-10-17T09:03:08","modified_gmt":"2025-10-17T09:03:08","slug":"ultima-hora-de-la-opa-del-bbva-por-el-sabadell-en-directo-el-presidente-del-sabadell-celebra-el-fracaso-de-la-opa-del-bbva-es-el-mejor-camino-para-ambos-economia","status":"publish","type":"post","link":"https:\/\/www.europesays.com\/es\/182511\/","title":{"rendered":"\u00daltima hora de la opa del BBVA por el Sabadell, en directo | El presidente del Sabadell celebra el fracaso de la opa del BBVA: \u201cEs el mejor camino para ambos\u201d | Econom\u00eda"},"content":{"rendered":"<p class=\"ev-title\">Gonz\u00e1lez Bueno (Sabadell) asegura que el resultado de la opa \u201cha sorprendido muy favorablemente\u201d<\/p>\n<p>El consejero delegado del Banco Sabadell, C\u00e9sar Gonz\u00e1lez-Bueno, asegur\u00f3 este viernes que el resultado de la opa del BBVA sobre la entidad catalana \u201cha sorprendido muy favorablemente\u201d, despu\u00e9s del fracaso de la operaci\u00f3n, con una aceptaci\u00f3n de solo el 25,47%.<\/p>\n<p>\u201cEstoy contento porque ha sido una fiesta en el banco\u201d, reconoci\u00f3 en una entrevista en Onda Cero, recogida por Servimedia. Gonz\u00e1lez-Bueno admiti\u00f3 que en Sabadell esperaban que la opa no prosperara, aunque estimaban que el resultado estar\u00eda \u201crozando el poste\u201d, m\u00e1s cerca del 30% que daba la opci\u00f3n de lanzar una opa obligatoria, y no \u201ctan por debajo\u201d, con ese 25,47%. \u201cSi restamos algunos arbitrajistas que es la parte m\u00e1s especuladora, y restamos a David Mart\u00ednez, el apoyo ha sido m\u00ednimo\u201d, manifest\u00f3 Gonz\u00e1lez Bueno.\u00a0<\/p>\n<p>David Mart\u00ednez es el empresario mexicano y tercer accionista del Sabadell, con un 3,86%, que explicit\u00f3 su apoyo a la opa de BBVA. El consejero delegado del Sabadell brome\u00f3 durante la entrevista con que no habr\u00eda \u201crepresalias\u201d para este accionista porque \u201choy es d\u00eda de alegr\u00eda\u201d.<\/p>\n<p>Gonz\u00e1lez-Bueno se\u00f1al\u00f3 que el resultado de la opa avala que Sabadell es \u201cun gran proyecto\u201d y esto produce una \u201cgran satisfacci\u00f3n dentro de la entidad\u201d. \u201cLo \u00fanico que me queda es el resultado, que a la primera opa contribuy\u00f3 un 1,1% de los accionistas individuales del Sabadell, que adem\u00e1s son nuestros clientes\u201d, agreg\u00f3. Tambi\u00e9n destac\u00f3 que ni siquiera con los arbitrajistas, que suelen ser quienes \u201cconsiguen cambiar las tornas de las cosas\u201d, la opa ha logrado prosperar.<br \/>\u00a0<\/p>\n","protected":false},"excerpt":{"rendered":"Gonz\u00e1lez Bueno (Sabadell) asegura que el resultado de la opa \u201cha sorprendido muy favorablemente\u201d El consejero delegado del&hellip;\n","protected":false},"author":2,"featured_media":182512,"comment_status":"","ping_status":"","sticky":false,"template":"","format":"standard","meta":{"footnotes":""},"categories":[80],"tags":[5219,3287,3285,82,10654,7899,40208,95,94,2308,25,24,14873,1841,40207,6558,13347,23],"class_list":{"0":"post-182511","1":"post","2":"type-post","3":"status-publish","4":"format-standard","5":"has-post-thumbnail","7":"category-economia","8":"tag-banca","9":"tag-banco-sabadell","10":"tag-bbva","11":"tag-business","12":"tag-carlos-torres-vila","13":"tag-cnmv","14":"tag-comercio-y-empresa","15":"tag-economia","16":"tag-economy","17":"tag-empresas","18":"tag-es","19":"tag-espana","20":"tag-josep-oliu","21":"tag-mercados-financieros","22":"tag-ministerio-de-economia","23":"tag-opa-hostil","24":"tag-salvador-illa","25":"tag-spain"},"share_on_mastodon":{"url":"","error":""},"_links":{"self":[{"href":"https:\/\/www.europesays.com\/es\/wp-json\/wp\/v2\/posts\/182511","targetHints":{"allow":["GET"]}}],"collection":[{"href":"https:\/\/www.europesays.com\/es\/wp-json\/wp\/v2\/posts"}],"about":[{"href":"https:\/\/www.europesays.com\/es\/wp-json\/wp\/v2\/types\/post"}],"author":[{"embeddable":true,"href":"https:\/\/www.europesays.com\/es\/wp-json\/wp\/v2\/users\/2"}],"replies":[{"embeddable":true,"href":"https:\/\/www.europesays.com\/es\/wp-json\/wp\/v2\/comments?post=182511"}],"version-history":[{"count":0,"href":"https:\/\/www.europesays.com\/es\/wp-json\/wp\/v2\/posts\/182511\/revisions"}],"wp:featuredmedia":[{"embeddable":true,"href":"https:\/\/www.europesays.com\/es\/wp-json\/wp\/v2\/media\/182512"}],"wp:attachment":[{"href":"https:\/\/www.europesays.com\/es\/wp-json\/wp\/v2\/media?parent=182511"}],"wp:term":[{"taxonomy":"category","embeddable":true,"href":"https:\/\/www.europesays.com\/es\/wp-json\/wp\/v2\/categories?post=182511"},{"taxonomy":"post_tag","embeddable":true,"href":"https:\/\/www.europesays.com\/es\/wp-json\/wp\/v2\/tags?post=182511"}],"curies":[{"name":"wp","href":"https:\/\/api.w.org\/{rel}","templated":true}]}}