{"id":182519,"date":"2025-10-17T09:07:06","date_gmt":"2025-10-17T09:07:06","guid":{"rendered":"https:\/\/www.europesays.com\/es\/182519\/"},"modified":"2025-10-17T09:07:06","modified_gmt":"2025-10-17T09:07:06","slug":"el-balonmano-lanzarote-ciudad-de-arrecife-se-enfrenta-al-disiclin-lalin","status":"publish","type":"post","link":"https:\/\/www.europesays.com\/es\/182519\/","title":{"rendered":"El Balonmano Lanzarote Ciudad de Arrecife se enfrenta al Disiclin Lal\u00edn"},"content":{"rendered":"<p><strong>LanzaroteDeportiva.com<\/strong><\/p>\n<p>Prosigue la competici\u00f3n en la Primera Nacional Masculina, con la celebraci\u00f3n este fin de semana de la sexta jornada y en la que el Balonmano Lanzarote Ciudad de Arrecife luchar\u00e1 por seguir con el pleno de triunfos. El equipo masculino del San Jos\u00e9 Obrero recibe en el mediod\u00eda del domingo la visita del Disiclin Balonmano Lal\u00edn, un rival que todas las temporadas lucha por los puestos altos de la clasificaci\u00f3n.<\/p>\n<p>El entrenador del Balonmano Lanzarote Ciudad de Arrecife, David Betancort, considera que \u201cel inicio de temporada est\u00e1 siendo positivo\u201d y explica que \u201cel equipo est\u00e1 en proceso constante de crecimiento y los jugadores cada semana entrenan con compromiso para ir asimilando mejor todo\u201d. A pesar del buen arranque, el t\u00e9cnico a\u00f1ade que \u201csabemos que tenemos margen de mejora, pero lo importante es que el grupo muestra una buena actitud, con ganas de seguir trabajando y marcando nuestro estilo de juego\u201d.<\/p>\n<p>El conjunto lanzarote\u00f1o recupera para este encuentro al central Adri\u00e1n Ju\u00e1rez y al canterano Acoid\u00e1n Mart\u00edn, jugadores que no pudieron estar en la convocatoria del pasado fin de semana por molestias f\u00edsicas. Por contra, ser\u00e1 baja el lateral Mauro Jaureguiberry, jugador que ha sido sancionado con un encuentro tras la descalificaci\u00f3n sufrida la pasada jornada.<\/p>\n<p>El Disiclin Balonmano Lal\u00edn ser\u00e1 el rival del Balonmano Lanzarote Ciudad de Arrecife en la sexta jornada de la Primera Nacional Masculina. El equipo ocupa en estos momentos la octava posici\u00f3n de la clasificaci\u00f3n con 5 puntos, con un balance de 2 victorias, 1 empate y 2 derrotas. La pasada semana regres\u00f3 a la senda de los triunfos, logrando la victoria en su cancha ante el Balonmano Porri\u00f1o (33-26).<\/p>\n<p>Sobre el rival, David Betancort se\u00f1ala que \u201ces un equipo que siempre est\u00e1 compitiendo por los mejores puestos de la categor\u00eda\u201d y advierte que \u201cplantear\u00e1n diferentes defensas y nos exigir\u00e1n estar concentrados los 60 minutos\u201d. \u201cNosotros debemos seguir mejorando como grupo, centrados en mantener el esfuerzo y la intensidad\u201d, comenta y destaca que \u201csi hacemos las cosas bien, tendremos opciones de volver a sumar dos puntos en casa\u201d.<\/p>\n<p>El encuentro entre el Balonmano Lanzarote Ciudad de Arrecife y el Disiclin Balonmano Lal\u00edn se disputa el domingo a las 12:00 horas en el Pabell\u00f3n Municipal de Titerroy. Gerardo Herrera Garc\u00eda y Diego Pastoriza Est\u00e9vez, son los colegiados designados para el partido de la sexta jornada del grupo A de la Primera Nacional Masculina.<\/p>\n","protected":false},"excerpt":{"rendered":"LanzaroteDeportiva.com Prosigue la competici\u00f3n en la Primera Nacional Masculina, con la celebraci\u00f3n este fin de semana de la&hellip;\n","protected":false},"author":2,"featured_media":182520,"comment_status":"","ping_status":"","sticky":false,"template":"","format":"standard","meta":{"footnotes":""},"categories":[278],"tags":[376,168,4007,25,24,375,40450,36441,23,167],"class_list":{"0":"post-182519","1":"post","2":"type-post","3":"status-publish","4":"format-standard","5":"has-post-thumbnail","7":"category-balonmano","8":"tag-balonmano","9":"tag-deportes","10":"tag-destacado","11":"tag-es","12":"tag-espana","13":"tag-handball","14":"tag-primera-nacional-masculina","15":"tag-san-jose-obrero","16":"tag-spain","17":"tag-sports"},"share_on_mastodon":{"url":"","error":""},"_links":{"self":[{"href":"https:\/\/www.europesays.com\/es\/wp-json\/wp\/v2\/posts\/182519","targetHints":{"allow":["GET"]}}],"collection":[{"href":"https:\/\/www.europesays.com\/es\/wp-json\/wp\/v2\/posts"}],"about":[{"href":"https:\/\/www.europesays.com\/es\/wp-json\/wp\/v2\/types\/post"}],"author":[{"embeddable":true,"href":"https:\/\/www.europesays.com\/es\/wp-json\/wp\/v2\/users\/2"}],"replies":[{"embeddable":true,"href":"https:\/\/www.europesays.com\/es\/wp-json\/wp\/v2\/comments?post=182519"}],"version-history":[{"count":0,"href":"https:\/\/www.europesays.com\/es\/wp-json\/wp\/v2\/posts\/182519\/revisions"}],"wp:featuredmedia":[{"embeddable":true,"href":"https:\/\/www.europesays.com\/es\/wp-json\/wp\/v2\/media\/182520"}],"wp:attachment":[{"href":"https:\/\/www.europesays.com\/es\/wp-json\/wp\/v2\/media?parent=182519"}],"wp:term":[{"taxonomy":"category","embeddable":true,"href":"https:\/\/www.europesays.com\/es\/wp-json\/wp\/v2\/categories?post=182519"},{"taxonomy":"post_tag","embeddable":true,"href":"https:\/\/www.europesays.com\/es\/wp-json\/wp\/v2\/tags?post=182519"}],"curies":[{"name":"wp","href":"https:\/\/api.w.org\/{rel}","templated":true}]}}