{"id":182531,"date":"2025-10-17T09:16:08","date_gmt":"2025-10-17T09:16:08","guid":{"rendered":"https:\/\/www.europesays.com\/es\/182531\/"},"modified":"2025-10-17T09:16:08","modified_gmt":"2025-10-17T09:16:08","slug":"martin-urrutia-presenta-su-nuevo-single-nuevos-recuerdos-en-radio-nervion","status":"publish","type":"post","link":"https:\/\/www.europesays.com\/es\/182531\/","title":{"rendered":"Martin Urrutia presenta su nuevo single \u2018Nuevos recuerdos&#8217; en Radio Nervi\u00f3n"},"content":{"rendered":"<p data-start=\"464\" data-end=\"898\"><strong data-start=\"481\" data-end=\"499\">Martin Urrutia<\/strong>, conocido por su paso por <a href=\"https:\/\/www.radionervion.com\/2025\/05\/12\/asi-sera-el-casting-de-operacion-triunfo-en-bilbao-fecha-hora-y-lugar\/\" rel=\"nofollow noopener\" target=\"_blank\">Operaci\u00f3n Triunfo 2023<\/a>, visit\u00f3 el programa <strong data-start=\"571\" data-end=\"606\">Lo m\u00e1s nuevo de Radio Nervi\u00f3n<\/strong> para presentar su \u00faltimo single, <strong data-start=\"640\" data-end=\"662\">Nuevos recuerdos<\/strong>, una canci\u00f3n que define como el reflejo de una etapa \u201cm\u00e1s madura, emocional y conceptual\u201d. El bilba\u00edno habl\u00f3 de su proceso creativo, de su pr\u00f3ximo \u00e1lbum y del curioso personaje digital que acompa\u00f1a su nueva identidad musical: <strong data-start=\"889\" data-end=\"897\">Muno<\/strong>.<\/p>\n<p data-start=\"464\" data-end=\"898\">Durante la entrevista, Urrutia explic\u00f3 que su nuevo tema \u201cmezcla lo nost\u00e1lgico con lo futurista\u201d, y que busca \u201crecordar con cari\u00f1o los momentos vividos para inspirar nuevos\u201d. En el videoclip, el protagonista simboliza ese impulso por seguir avanzando: \u201csolo corre, sin rumbo, pero siempre hacia adelante\u201d, explic\u00f3 el cantante entre risas.<\/p>\n<p>    Publicidad<\/p>\n<p data-start=\"1296\" data-end=\"1662\">El artista reconoci\u00f3 que este proceso de transformaci\u00f3n le ha supuesto \u201cm\u00e1s afrontar lo nuevo que dejar atr\u00e1s lo anterior\u201d. \u201cEstoy aprendiendo a vivir el presente, a crear desde lo que me pasa ahora\u201d, dijo. A las puertas de su primer \u00e1lbum, confirm\u00f3 que el disco \u201cver\u00e1 la luz en la primera parte de 2026\u201d, aunque sin fecha cerrada por posibles ajustes de producci\u00f3n.<\/p>\n<p><strong data-start=\"1664\" data-end=\"1709\">Un disco con 12 canciones y mucha emoci\u00f3n<\/strong><\/p>\n<p><a href=\"https:\/\/gtsmanagement.com\/management\/martin-urrutia\/\" target=\"_blank\" rel=\"noopener nofollow\">Urrutia<\/a> adelant\u00f3 que el \u00e1lbum contar\u00e1 con <strong data-start=\"1754\" data-end=\"1766\">12 temas<\/strong>, todos producidos junto a <strong data-start=\"1793\" data-end=\"1809\">Hidro y Enes<\/strong>, y que el proyecto busca consolidar su camino dentro del pop alternativo. \u201cEs un proceso guay, en el que conf\u00edo mucho. Me imagino ya en los conciertos\u201d, afirm\u00f3.<\/p>\n<p data-start=\"1972\" data-end=\"2247\">El exconcursante de OT tambi\u00e9n habl\u00f3 de su paso por el programa: \u201cFue la mejor experiencia de mi vida. Mucha presi\u00f3n, s\u00ed, pero mucho crecimiento\u201d. Record\u00f3 an\u00e9cdotas con sus compa\u00f1eros y asegur\u00f3 que el m\u00edtico grupo de WhatsApp de su edici\u00f3n \u201csigue vivo y con el mismo nombre\u201d.<\/p>\n<p data-start=\"1972\" data-end=\"2247\">Uno de los momentos m\u00e1s destacados fue cuando habl\u00f3 de <strong data-start=\"2350\" data-end=\"2358\">Muno<\/strong>, su alter ego: \u201cEs un ser disfrut\u00f3n, libre, sin prejuicios. Me dir\u00eda que escuche de todo y viva sin juicio\u201d. Tambi\u00e9n revel\u00f3 su rutina de grabaci\u00f3n: \u201cAntes de cada parte me coloco f\u00edsicamente, preparo el cuerpo; la t\u00e9cnica vocal est\u00e1 muy ligada a la postura\u201d.<\/p>\n<p data-start=\"2621\" data-end=\"2906\">El bilba\u00edno, que confes\u00f3 ser fan de <strong data-start=\"2657\" data-end=\"2696\">Nintendo, Pok\u00e9mon y Animal Crossing<\/strong>, asegur\u00f3 que encuentra inspiraci\u00f3n tanto en los videojuegos como en su entorno cercano: \u201cPasar tiempo con mis amigas o volver a Las Arenas me resetea. El deporte tambi\u00e9n me da paz mental, me limpia las nubes\u201d.<\/p>\n<p data-start=\"2621\" data-end=\"2906\">Sobre la exposici\u00f3n medi\u00e1tica, Martin fue claro: \u201cSolo deben importarte las opiniones de tu gente, las que puedes contar con los dedos\u201d. Recomend\u00f3 \u201cver con distancia lo que se dice en redes\u201d y no dejar que afecte al proceso creativo. \u201cHay haters que no tienen vida, pero yo prefiero enfocarme en lo que me dice mi entorno\u201d, subray\u00f3.<\/p>\n<p data-start=\"3278\" data-end=\"3431\">El artista cerr\u00f3 su paso por Lo m\u00e1s nuevo prometiendo volver a Radio Nervi\u00f3n cuando su disco est\u00e9 listo: \u201cDesde Las Arenas al mundo\u201d, dijo sonriendo.<\/p>\n","protected":false},"excerpt":{"rendered":"Martin Urrutia, conocido por su paso por Operaci\u00f3n Triunfo 2023, visit\u00f3 el programa Lo m\u00e1s nuevo de Radio&hellip;\n","protected":false},"author":2,"featured_media":182532,"comment_status":"","ping_status":"","sticky":false,"template":"","format":"standard","meta":{"footnotes":""},"categories":[174],"tags":[255,146,147,25,24,256,51712,49317,49318,222,30326,23],"class_list":{"0":"post-182531","1":"post","2":"type-post","3":"status-publish","4":"format-standard","5":"has-post-thumbnail","7":"category-famosos","8":"tag-celebrities","9":"tag-entertainment","10":"tag-entretenimiento","11":"tag-es","12":"tag-espana","13":"tag-famosos","14":"tag-lo-mas-nuevo","15":"tag-martin-urrutia","16":"tag-nuevos-recuerdos","17":"tag-operacion-triunfo","18":"tag-radio-nervion","19":"tag-spain"},"share_on_mastodon":{"url":"","error":""},"_links":{"self":[{"href":"https:\/\/www.europesays.com\/es\/wp-json\/wp\/v2\/posts\/182531","targetHints":{"allow":["GET"]}}],"collection":[{"href":"https:\/\/www.europesays.com\/es\/wp-json\/wp\/v2\/posts"}],"about":[{"href":"https:\/\/www.europesays.com\/es\/wp-json\/wp\/v2\/types\/post"}],"author":[{"embeddable":true,"href":"https:\/\/www.europesays.com\/es\/wp-json\/wp\/v2\/users\/2"}],"replies":[{"embeddable":true,"href":"https:\/\/www.europesays.com\/es\/wp-json\/wp\/v2\/comments?post=182531"}],"version-history":[{"count":0,"href":"https:\/\/www.europesays.com\/es\/wp-json\/wp\/v2\/posts\/182531\/revisions"}],"wp:featuredmedia":[{"embeddable":true,"href":"https:\/\/www.europesays.com\/es\/wp-json\/wp\/v2\/media\/182532"}],"wp:attachment":[{"href":"https:\/\/www.europesays.com\/es\/wp-json\/wp\/v2\/media?parent=182531"}],"wp:term":[{"taxonomy":"category","embeddable":true,"href":"https:\/\/www.europesays.com\/es\/wp-json\/wp\/v2\/categories?post=182531"},{"taxonomy":"post_tag","embeddable":true,"href":"https:\/\/www.europesays.com\/es\/wp-json\/wp\/v2\/tags?post=182531"}],"curies":[{"name":"wp","href":"https:\/\/api.w.org\/{rel}","templated":true}]}}