{"id":182547,"date":"2025-10-17T09:24:08","date_gmt":"2025-10-17T09:24:08","guid":{"rendered":"https:\/\/www.europesays.com\/es\/182547\/"},"modified":"2025-10-17T09:24:08","modified_gmt":"2025-10-17T09:24:08","slug":"el-pueblo-de-navarra-donde-se-ha-rodado-un-fantasma-en-la-batalla-la-pelicula-de-netflix-producida-por-juan-antonio-bayona","status":"publish","type":"post","link":"https:\/\/www.europesays.com\/es\/182547\/","title":{"rendered":"El pueblo de Navarra donde se ha rodado &#8216;Un fantasma en la batalla&#8217;, la pel\u00edcula de Netflix producida por Juan Antonio Bayona"},"content":{"rendered":"<p style=\"\">Este viernes 17 de octubre <strong>aterriza en Netflix &#8216;Un fantasma en la batalla&#8217;<\/strong>. La <a href=\"https:\/\/www.abc.es\/play\/series\/noticias\/serie-vista-netflix-mundo-thriller-psicologico-solo-20251012153000-nt.html\" title=\"www.abc.es\" data-voc-vtm-id=\"in-text-traffic\" data-mrf-link=\"www.abc.es\" rel=\"nofollow noopener\" target=\"_blank\">pel\u00edcula<\/a>, que ya lleg\u00f3 a las salas de cine el pasado 3 de octubre, est\u00e1 inspirada en la <strong>mayor operaci\u00f3n encubierta contra ETA<\/strong>, que supuso un antes y  &#8230; un despu\u00e9s en la lucha antiterrorista en Espa\u00f1a.<\/p>\n<p class=\"voc-p\" style=\"\">Cimentada en el contexto hist\u00f3rico, pol\u00edtico y social de los a\u00f1os 90 y los 2000, narra la historia de Amaia (Susana Abaitua), una joven <strong>guardia civil<\/strong> que permanece m\u00e1s de una d\u00e9cada trabajando como <strong>agente encubierta dentro de la banda terrorista<\/strong>. Su objetivo es localizar los zulos que ten\u00edan escondidos en el sur de Francia. Tambi\u00e9n forman parte del reparto actores como Andr\u00e9s Gertr\u00fadix, Iraia Elias, Ra\u00fal Ar\u00e9valo y Ariadna Gil.<\/p>\n<p class=\"voc-p\" style=\"\">Se trata de un largometraje en el que los espectadores tienen muchas expectativas, ya que recuerda a <strong>&#8216;La infiltrada&#8217;<\/strong>. Cabe recordar que la producci\u00f3n de <strong>Arantxa Echevarr\u00eda<\/strong>, protagonizada por <a href=\"https:\/\/www.abc.es\/play\/cine\/noticias\/carolina-yuste-nominada-mejor-actriz-protagonista-papel-20250208193000-nt.html\" title=\"www.abc.es\" data-voc-vtm-id=\"in-text-traffic\" data-mrf-link=\"www.abc.es\" rel=\"nofollow noopener\" target=\"_blank\">Carolina Yuste<\/a> y <a href=\"https:\/\/www.abc.es\/gente\/vida-personal-luis-tosar-adolescencia-rebelde-relacion-relacion-actriz-mujer-luisa-mayol-20241008134541-nt.html\" title=\"www.abc.es\" data-voc-vtm-id=\"in-text-traffic\" data-mrf-link=\"www.abc.es\" rel=\"nofollow noopener\" target=\"_blank\">Luis Tosar<\/a>, se llev\u00f3 el <a href=\"https:\/\/www.abc.es\/play\/cine\/noticias\/goya-sorpresas-premian-aequo-infiltrada-20250209015422-nt.html\" title=\"www.abc.es\" data-voc-vtm-id=\"in-text-traffic\" data-mrf-link=\"www.abc.es\" rel=\"nofollow noopener\" target=\"_blank\">Premio Goya 2024 a la mejor pel\u00edcula<\/a>. <\/p>\n<p>\nUna pel\u00edcula de Juan Antonio Bayona y los productores de &#8216;La sociedad de la nieve&#8217;\n<\/p>\n<p class=\"voc-p\" style=\"\">&#8216;Un fantasma en la batalla&#8217; est\u00e1 escrita y dirigido por <strong>Agust\u00edn D\u00edaz Yanes<\/strong> y producida por <a href=\"https:\/\/www.abc.es\/play\/cine\/noticias\/vida-personal-juan-antonio-bayona-mide-hermano-20240210180000-nt.html\" title=\"www.abc.es\" data-voc-vtm-id=\"in-text-traffic\" data-mrf-link=\"www.abc.es\" rel=\"nofollow noopener\" target=\"_blank\">Juan Antonio Bayona<\/a>, Bel\u00e9n Atienza, Sandra Hermida, de <a href=\"https:\/\/www.abc.es\/play\/cine\/noticias\/verdad-sociedad-nieve-pelicula-bayona-sobre-tragedia-20240106190239-nt.html\" title=\"www.abc.es\" data-voc-vtm-id=\"in-text-traffic\" data-mrf-link=\"www.abc.es\" rel=\"nofollow noopener\" target=\"_blank\">&#8216;La sociedad de la nieve&#8217;<\/a>. <\/p>\n<p class=\"voc-p\" style=\"\"><a href=\"https:\/\/www.abc.es\/play\/series\/noticias\/serie-creador-entrevias-estrena-hoy-netflix-protagoniza-20251003123136-nt.html\" title=\"www.abc.es\" data-voc-vtm-id=\"in-text-traffic\" data-mrf-link=\"www.abc.es\" rel=\"nofollow noopener\" target=\"_blank\">Netflix<\/a> detalla que el <strong>thriller pol\u00edtico<\/strong> ha sido rodado en m\u00e1s de 70 localizaciones del <a href=\"https:\/\/www.abc.es\/espana\/pais-vasco\/pueblo-pesquero-pais-vasco-rodado-serie-presunto-20250922164858-nt.html\" title=\"www.abc.es\" data-voc-vtm-id=\"in-text-traffic\" data-mrf-link=\"www.abc.es\" rel=\"nofollow noopener\" target=\"_blank\">Pa\u00eds Vasco espa\u00f1ol<\/a> y franc\u00e9s. Uno de los puntos escogidos para grabar algunas de las escenas ha sido una <strong>peque\u00f1a y bonita villa de Navarra<\/strong>. Te contamos cu\u00e1l es, d\u00f3nde est\u00e1 y c\u00f3mo llegar.<\/p>\n<p>\nEl pueblo de Navarra donde se ha rodado la pel\u00edcula de Netflix &#8216;Un fantasma en la batalla&#8217;\n<\/p>\n<p class=\"voc-p\" style=\"\">&#8216;Un fantasma en la batalla&#8217;, la nueva pel\u00edcula de Netflix producida por J. A. Bayona, ha sido rodada en varios puntos del Pa\u00eds Vasco espa\u00f1ol y franc\u00e9s. <strong>Bera<\/strong> ha sido uno de los pueblos escogidos y se encuentra en la <strong>Comunidad Foral de Navarra<\/strong>. En concreto, la villa se ubica en la comarca llamada las Cinco Villas de la Monta\u00f1a (Bortziriak) y est\u00e1 a unos <strong>65 kil\u00f3metros de Pamplona<\/strong>. <\/p>\n<p class=\"voc-p\" style=\"\">La localidad, de tan solo <strong>3.763 habitantes<\/strong>, permanece enclavada en el valle formado por el r\u00edo Bidasoa y la regata Z\u00eda. Limtia con Francia a trav\u00e9s de los pasos fronterizos de Ibardin y Lizuniaga.<\/p>\n<p class=\"voc-p\" style=\"\">El municipio consta del <strong>nucleo de la villa hist\u00f3rica<\/strong>, agrupado alrededor de la iglesia y del ayuntamiento, el barrio de Alzate y los barrios de caser\u00edos de Garaitarres, Kaule, Dornaku, Suspela, Suspel Txiki, Zia, Elzaurdia y Zalain.<\/p>\n<p>\nC\u00f3mo llegar a Bera\n<\/p>\n<p class=\"voc-p\" style=\"\">Existen varias formas de llegar a Bera, el pueblo de Navarra donde se ha rodado &#8216;Un fantasma en la batalla&#8217;. <\/p>\n<ul class=\"oc-d-c-list__list\">\n<li class=\"voc-d-c-list__item\">\n<p class=\"voc-d-c-list__paragraph\">Por Pamplona: N-121-A direcci\u00f3n Ir\u00fan.<\/p>\n<\/li>\n<li class=\"voc-d-c-list__item\">\n<p class=\"voc-d-c-list__paragraph\">Por Ir\u00fan: N-121-A direcci\u00f3n Pamplona.<\/p>\n<\/li>\n<li class=\"voc-d-c-list__item\">\n<p class=\"voc-d-c-list__paragraph\">Por Sara: por Lizuniaga.<\/p>\n<\/li>\n<li class=\"voc-d-c-list__item\">\n<p class=\"voc-d-c-list__paragraph\">Por Urru\u00f1a: por el alto de Ibardin.<\/p>\n<\/li>\n<\/ul>\n<p class=\"voc-p\" style=\"\">Desde <strong>Madrid<\/strong>, se puede ir en coche por la A-1 y AP-1. El trayecto tiene una duraci\u00f3n de cinco horas. Tambi\u00e9n existe la opci\u00f3n de viajar en tren, aunque se tarda m\u00e1s de 7 horas.<\/p>\n","protected":false},"excerpt":{"rendered":"Este viernes 17 de octubre aterriza en Netflix &#8216;Un fantasma en la batalla&#8217;. La pel\u00edcula, que ya lleg\u00f3&hellip;\n","protected":false},"author":2,"featured_media":182548,"comment_status":"","ping_status":"","sticky":false,"template":"","format":"standard","meta":{"footnotes":""},"categories":[91],"tags":[1247,4095,31182,146,147,25,24,25514,409,708,152,1257,51590,4899,51714,23],"class_list":{"0":"post-182547","1":"post","2":"type-post","3":"status-publish","4":"format-standard","5":"has-post-thumbnail","7":"category-entretenimiento","8":"tag-antonio","9":"tag-batalla","10":"tag-bayona","11":"tag-entertainment","12":"tag-entretenimiento","13":"tag-es","14":"tag-espana","15":"tag-fantasma","16":"tag-juan","17":"tag-navarra","18":"tag-netflix","19":"tag-pelicula","20":"tag-producida","21":"tag-pueblo","22":"tag-rodado","23":"tag-spain"},"share_on_mastodon":{"url":"","error":""},"_links":{"self":[{"href":"https:\/\/www.europesays.com\/es\/wp-json\/wp\/v2\/posts\/182547","targetHints":{"allow":["GET"]}}],"collection":[{"href":"https:\/\/www.europesays.com\/es\/wp-json\/wp\/v2\/posts"}],"about":[{"href":"https:\/\/www.europesays.com\/es\/wp-json\/wp\/v2\/types\/post"}],"author":[{"embeddable":true,"href":"https:\/\/www.europesays.com\/es\/wp-json\/wp\/v2\/users\/2"}],"replies":[{"embeddable":true,"href":"https:\/\/www.europesays.com\/es\/wp-json\/wp\/v2\/comments?post=182547"}],"version-history":[{"count":0,"href":"https:\/\/www.europesays.com\/es\/wp-json\/wp\/v2\/posts\/182547\/revisions"}],"wp:featuredmedia":[{"embeddable":true,"href":"https:\/\/www.europesays.com\/es\/wp-json\/wp\/v2\/media\/182548"}],"wp:attachment":[{"href":"https:\/\/www.europesays.com\/es\/wp-json\/wp\/v2\/media?parent=182547"}],"wp:term":[{"taxonomy":"category","embeddable":true,"href":"https:\/\/www.europesays.com\/es\/wp-json\/wp\/v2\/categories?post=182547"},{"taxonomy":"post_tag","embeddable":true,"href":"https:\/\/www.europesays.com\/es\/wp-json\/wp\/v2\/tags?post=182547"}],"curies":[{"name":"wp","href":"https:\/\/api.w.org\/{rel}","templated":true}]}}