{"id":182553,"date":"2025-10-17T09:28:16","date_gmt":"2025-10-17T09:28:16","guid":{"rendered":"https:\/\/www.europesays.com\/es\/182553\/"},"modified":"2025-10-17T09:28:16","modified_gmt":"2025-10-17T09:28:16","slug":"estas-son-las-zonas-afectadas-4","status":"publish","type":"post","link":"https:\/\/www.europesays.com\/es\/182553\/","title":{"rendered":"estas son las zonas afectadas"},"content":{"rendered":"<p style=\"\">La <strong>inestabilidad<\/strong> ya comienza a desaparecer en el <a href=\"https:\/\/www.abc.es\/sociedad\/intensas-lluvias-ceden-solo-comunidades-siguen-alerta-20251014110031-vi.html\" title=\"www.abc.es\" data-voc-vtm-id=\"in-text-traffic\" data-mrf-link=\"www.abc.es\" rel=\"nofollow noopener\" target=\"_blank\">Mediterr\u00e1neo<\/a>, pero la <a href=\"https:\/\/www.abc.es\/recreo\/roberto-brasero-meteorologo-temporal-aleja-vamos-tener-20251016121901-nt.html\" title=\"www.abc.es\" data-voc-vtm-id=\"in-text-traffic\" data-mrf-link=\"www.abc.es\" rel=\"nofollow noopener\" target=\"_blank\">tregua con las precipitaciones<\/a> no durar\u00e1 mucho en Espa\u00f1a. En las pr\u00f3ximas horas, el paso de un <strong>nuevo frente atl\u00e1ntico de lluvias<\/strong> volver\u00e1 a complicar la situaci\u00f3n en algunas regiones  &#8230; del pa\u00eds, tal y como ha comunicado la <strong>Agencia Estatal de Meteorolog\u00eda (Aemet)<\/strong> en su predicci\u00f3n para los d\u00edas que restan de esta semana.<\/p>\n<p class=\"voc-p\" style=\"\">Este viernes continuar\u00e1n los chubascos en el interior sur peninsular y Baleares, donde podr\u00edan ser \u00abde fuerte intensidad\u00bb y venir <strong>\u00abacompa\u00f1ados de tormenta\u00bb<\/strong>. Ser\u00e1 el s\u00e1bado 18 de octubre cuando el temporal vaya instal\u00e1ndose <a href=\"https:\/\/www.abc.es\/recreo\/jorge-rey-pone-fecha-cambio-brutal-tiempo-20251015163000-nt.html\" title=\"www.abc.es\" data-voc-vtm-id=\"in-text-traffic\" data-mrf-link=\"www.abc.es\" rel=\"nofollow noopener\" target=\"_blank\">en el noroeste peninsular<\/a>, dejando las primeras lluvias a \u00faltima hora del d\u00eda en puntos de <strong>Galicia<\/strong>. Se ir\u00e1n intensificando a lo largo del domingo 19, expandi\u00e9ndose hacia otros puntos del norte como el entorno del <strong>Cant\u00e1brico, el Pa\u00eds Vasco o Castilla y Le\u00f3n<\/strong>, entre otros.<\/p>\n<p class=\"voc-p\" style=\"\">Aunque las temperaturas m\u00e1ximas en algunas zonas del pa\u00eds seguir\u00e1n <strong>por encima de lo normal<\/strong> este fin de semana, el frente de lluvias tambi\u00e9n provocar\u00e1 una <strong>bajada en las temperaturas<\/strong>. Las provincias del norte ser\u00e1n las que m\u00e1s notar\u00e1n este descenso t\u00e9rmico que, seg\u00fan la Aemet, ir\u00e1 extendi\u00e9ndose en los siguientes d\u00edas a otras provincias hasta dejar <strong>\u00abuna pr\u00f3xima semana oto\u00f1al\u00bb<\/strong>.<\/p>\n<blockquote class=\"twitter-tweet\">\n<p lang=\"es\" dir=\"ltr\">\u27a1\ufe0fEl s\u00e1bado por la tarde lluvias en Galicia.<\/p>\n<p>\u27a1\ufe0fEl domingo un frente de lluvias recorrer\u00e1 la mitad norte peninsular de oeste a este. <\/p>\n<p>\ud83c\udf21\ufe0fLas temperaturas m\u00e1ximas estar\u00e1n por encima de lo normal; bajar\u00e1n el domingo en el noroeste peninsular anticipando una pr\u00f3xima semana oto\u00f1al. <a href=\"https:\/\/t.co\/TknJawdhb6\" rel=\"nofollow\">pic.twitter.com\/TknJawdhb6<\/a><\/p>\n<p>\u2014 AEMET (@AEMET_Esp) <a href=\"https:\/\/twitter.com\/AEMET_Esp\/status\/1978772837725856119?ref_src=twsrc%5Etfw\" rel=\"nofollow noopener\" target=\"_blank\">October 16, 2025<\/a><\/p><\/blockquote>\n<p>\nUn frente de lluvias llega a Espa\u00f1a a partir de este fin de semana\n<\/p>\n<p class=\"voc-p\" style=\"\">Este viernes 17 de octubre los restos de la <a href=\"https:\/\/www.abc.es\/sociedad\/aemet-avisa-llegada-nuevo-frente-lluvias-tormentas-20251015084413-nt.html\" title=\"www.abc.es\" data-voc-vtm-id=\"in-text-traffic\" data-mrf-link=\"www.abc.es\" rel=\"nofollow noopener\" target=\"_blank\">dana Alice<\/a> van a seguir dejando algunas precipitaciones en el <strong>Mediterr\u00e1neo, Andaluc\u00eda y puntos de Baleares<\/strong>. Ser\u00e1n, seg\u00fan apuntan desde el organismo, de <a href=\"https:\/\/www.abc.es\/espana\/andalucia\/vaguada-traera-lluvias-andalucia-zonas-afectadas-segun-20251016083431-nts.html\" title=\"www.abc.es\" data-voc-vtm-id=\"in-text-traffic\" data-mrf-link=\"www.abc.es\" rel=\"nofollow noopener\" target=\"_blank\">intensidad fuerte<\/a>, acompa\u00f1ados en algunos casos de <strong>tormenta<\/strong>, aunque mucho menos generalizados y peligrosos que a lo largo de esta \u00faltima semana. En <strong>Canarias<\/strong> tambi\u00e9n notar\u00e1n los efectos de una <strong>peque\u00f1a borrasca<\/strong>, que dejar\u00e1 lluvias hasta el pr\u00f3ximo domingo. <\/p>\n<p class=\"voc-p\" style=\"\">A pesar de que el temporal ha ido perdiendo fuerza, el tiempo no se mantendr\u00e1 soleado en muchas zonas: la llegada de un <strong>frente atl\u00e1ntico por el noroeste<\/strong> volver\u00e1 a dejar inestabilidad en nuestro pa\u00eds en las pr\u00f3ximas horas. Este <strong>temporal fr\u00edo<\/strong> ser\u00e1 bastante activo, especialmente conforme nos adentremos en el fin de semana, dejando precipitaciones tormentosas en <strong>Galicia y otros puntos del Cant\u00e1brico<\/strong>. <\/p>\n<p class=\"voc-p\" style=\"\">Durante este nuevo episodio de lluvias, la <strong>costa occidental de Galicia<\/strong> ser\u00e1 la m\u00e1s afectada, aunque no ser\u00e1n los \u00fanicos puntos donde se concentre el agua en las pr\u00f3ximas horas. Seg\u00fan la Aemet, este nuevo frente <strong>\u00abrecorrer\u00e1 la mitad norte peninsular de oeste a este\u00bb<\/strong>. As\u00ed, llegar\u00e1n bastantes precipitaciones a las comunidades cant\u00e1bricas, la meseta norte, el Sistema Central y zonas del centro peninsular. <\/p>\n<p>\nBajan las temperaturas: valores oto\u00f1ales en estas zonas de Espa\u00f1a\n<\/p>\n<p class=\"voc-p\" style=\"\">Las temperaturas tambi\u00e9n sufrir\u00e1n un cambio a lo largo de este fin de semana, \u00abanticipando una <strong>pr\u00f3xima semana oto\u00f1al<\/strong>\u00bb, advierte el organismo. Con el paso del frente a partir del domingo, los <strong>term\u00f3metros ir\u00e1n descendiendo<\/strong> de manera progresiva en el noroeste peninsular, dejando entre <strong>cinco y 10 grados menos<\/strong> en las m\u00e1ximas de regiones como <strong>Galicia, Asturias, Cantabria, Pa\u00eds Vasco o puntos de Castilla y Le\u00f3n.<\/strong><\/p>\n<p class=\"voc-p\" style=\"\">En el resto de Espa\u00f1a las temperaturas diurnas seguir\u00e1n por encima de lo habitual para la \u00e9poca del a\u00f1o en la que nos encontramos. De hecho, en algunas <strong>ciudades del sureste<\/strong> se seguir\u00e1n registrando valores <strong>por encima de los 30 grados<\/strong> a lo largo de estas pr\u00f3ximas horas. En otros puntos del norte y centro peninsular seguir\u00e1n en torno a los 25\u00baC.<\/p>\n<p><script async src=\"https:\/\/platform.twitter.com\/widgets.js\" charset=\"utf-8\"><\/script><\/p>\n","protected":false},"excerpt":{"rendered":"La inestabilidad ya comienza a desaparecer en el Mediterr\u00e1neo, pero la tregua con las precipitaciones no durar\u00e1 mucho&hellip;\n","protected":false},"author":2,"featured_media":182554,"comment_status":"","ping_status":"","sticky":false,"template":"","format":"standard","meta":{"footnotes":""},"categories":[8],"tags":[2980,7997,24451,17,18,25,24,13,14,1151,3087,11,19,20,5808,6194,9,10,15,16,1150,23,6195,12,21,22,7996],"class_list":{"0":"post-182553","1":"post","2":"type-post","3":"status-publish","4":"format-standard","5":"has-post-thumbnail","7":"category-espana","8":"tag-aemet","9":"tag-afectadas","10":"tag-bajada","11":"tag-breaking-news","12":"tag-breakingnews","13":"tag-es","14":"tag-espana","15":"tag-featured-news","16":"tag-featurednews","17":"tag-fecha","18":"tag-fuertes","19":"tag-headlines","20":"tag-latest-news","21":"tag-latestnews","22":"tag-llegada","23":"tag-lluvias","24":"tag-news","25":"tag-noticias","26":"tag-noticias-destacadas","27":"tag-noticiasdestacadas","28":"tag-pone","29":"tag-spain","30":"tag-temperaturas","31":"tag-titulares","32":"tag-ultimas-noticias","33":"tag-ultimasnoticias","34":"tag-zonas"},"share_on_mastodon":{"url":"","error":""},"_links":{"self":[{"href":"https:\/\/www.europesays.com\/es\/wp-json\/wp\/v2\/posts\/182553","targetHints":{"allow":["GET"]}}],"collection":[{"href":"https:\/\/www.europesays.com\/es\/wp-json\/wp\/v2\/posts"}],"about":[{"href":"https:\/\/www.europesays.com\/es\/wp-json\/wp\/v2\/types\/post"}],"author":[{"embeddable":true,"href":"https:\/\/www.europesays.com\/es\/wp-json\/wp\/v2\/users\/2"}],"replies":[{"embeddable":true,"href":"https:\/\/www.europesays.com\/es\/wp-json\/wp\/v2\/comments?post=182553"}],"version-history":[{"count":0,"href":"https:\/\/www.europesays.com\/es\/wp-json\/wp\/v2\/posts\/182553\/revisions"}],"wp:featuredmedia":[{"embeddable":true,"href":"https:\/\/www.europesays.com\/es\/wp-json\/wp\/v2\/media\/182554"}],"wp:attachment":[{"href":"https:\/\/www.europesays.com\/es\/wp-json\/wp\/v2\/media?parent=182553"}],"wp:term":[{"taxonomy":"category","embeddable":true,"href":"https:\/\/www.europesays.com\/es\/wp-json\/wp\/v2\/categories?post=182553"},{"taxonomy":"post_tag","embeddable":true,"href":"https:\/\/www.europesays.com\/es\/wp-json\/wp\/v2\/tags?post=182553"}],"curies":[{"name":"wp","href":"https:\/\/api.w.org\/{rel}","templated":true}]}}