{"id":182559,"date":"2025-10-17T09:31:07","date_gmt":"2025-10-17T09:31:07","guid":{"rendered":"https:\/\/www.europesays.com\/es\/182559\/"},"modified":"2025-10-17T09:31:07","modified_gmt":"2025-10-17T09:31:07","slug":"la-plaza-de-toros-de-las-ventas-logra-su-mejor-registro-en-la-ultima-decada-superando-el-millon-de-espectadores","status":"publish","type":"post","link":"https:\/\/www.europesays.com\/es\/182559\/","title":{"rendered":"La Plaza de Toros de Las Ventas logra su mejor registro en la \u00faltima d\u00e9cada superando el mill\u00f3n de espectadores"},"content":{"rendered":"<p>    Se han celebrado un total de 62 festejos, tres m\u00e1s que en 2024, con una media de 16.261 aficionados al d\u00eda <\/p>\n<p>   MADRID, 17 Oct. (EUROPA PRESS) &#8211; <\/p>\n<p>   La Comunidad de Madrid ha logrado en esta temporada el mejor registro de la \u00faltima d\u00e9cada en la Plaza de Toros de Las Ventas y ha superado el mill\u00f3n de espectadores.<\/p>\n<p>    En total, 1.008.226 personas han asistido al ruedo de la calle Alcal\u00e1, en la capital, donde se ha colgado el cartel de &#8216;No hay billetes&#8217; en 18 ocasiones, tres m\u00e1s que el pasado a\u00f1o, ha informado el Gobierno regional en un comunicado.<\/p>\n<p>    Las cifras globales arrojan un incremento de 71.694 espectadores m\u00e1s, teniendo en cuenta que el total de festejos celebrados ha sido de 62, tres m\u00e1s que la temporada anterior, con el Festival homenaje a Antonio Chenel, Anto\u00f1ete, y la final del Camino hacia Las Ventas, que ha tenido lugar este a\u00f1o en dos ocasiones al recuperar la edici\u00f3n de 2024, suspendida por la lluvia.<\/p>\n<p>    Sin tener en cuenta estos \u00faltimos, ser\u00edan unos 40.000 aficionados m\u00e1s y una media de 16.261 al d\u00eda. La plaza de toros n\u00famero uno del mundo ha sido testigo de cinco puertas grandes: Alejandro Talavante (9 mayo), Jos\u00e9 Antonio Morante de la Puebla (8 junio y 12 octubre), Borja Jim\u00e9nez (15 junio) y Emilio de Justo (3 octubre).<\/p>\n<p>    Adem\u00e1s, 28 faenas han sido premiadas con un trofeo y cuatro m\u00e1s con la vuelta al ruedo. A su vez, han confirmado su alternativa un total de 20 toreros y se han presentado por primera vez en el coso vente\u00f1o hasta 18 novilleros.<\/p>\n<p>    Asimismo, por los chiqueros han salido 384 reses, 18 de ellas fueron sobreros tras la devoluci\u00f3n de otra res, y han estado representados hasta 19 encastes.<\/p>\n<p>    Adem\u00e1s, la Feria de Oto\u00f1o, con la que Las Ventas cierra su temporada, ha logrado la mejor cifra de abonados de los \u00faltimos 15 a\u00f1os, con 19.428 registrados, 1.199 m\u00e1s que en 2024, lo que se traduce en un incremento del 6,5%.<\/p>\n","protected":false},"excerpt":{"rendered":"Se han celebrado un total de 62 festejos, tres m\u00e1s que en 2024, con una media de 16.261&hellip;\n","protected":false},"author":2,"featured_media":182560,"comment_status":"","ping_status":"","sticky":false,"template":"","format":"standard","meta":{"footnotes":""},"categories":[277],"tags":[373,168,25,24,23,167,374],"class_list":{"0":"post-182559","1":"post","2":"type-post","3":"status-publish","4":"format-standard","5":"has-post-thumbnail","7":"category-toreo","8":"tag-bullfighting","9":"tag-deportes","10":"tag-es","11":"tag-espana","12":"tag-spain","13":"tag-sports","14":"tag-toreo"},"share_on_mastodon":{"url":"","error":""},"_links":{"self":[{"href":"https:\/\/www.europesays.com\/es\/wp-json\/wp\/v2\/posts\/182559","targetHints":{"allow":["GET"]}}],"collection":[{"href":"https:\/\/www.europesays.com\/es\/wp-json\/wp\/v2\/posts"}],"about":[{"href":"https:\/\/www.europesays.com\/es\/wp-json\/wp\/v2\/types\/post"}],"author":[{"embeddable":true,"href":"https:\/\/www.europesays.com\/es\/wp-json\/wp\/v2\/users\/2"}],"replies":[{"embeddable":true,"href":"https:\/\/www.europesays.com\/es\/wp-json\/wp\/v2\/comments?post=182559"}],"version-history":[{"count":0,"href":"https:\/\/www.europesays.com\/es\/wp-json\/wp\/v2\/posts\/182559\/revisions"}],"wp:featuredmedia":[{"embeddable":true,"href":"https:\/\/www.europesays.com\/es\/wp-json\/wp\/v2\/media\/182560"}],"wp:attachment":[{"href":"https:\/\/www.europesays.com\/es\/wp-json\/wp\/v2\/media?parent=182559"}],"wp:term":[{"taxonomy":"category","embeddable":true,"href":"https:\/\/www.europesays.com\/es\/wp-json\/wp\/v2\/categories?post=182559"},{"taxonomy":"post_tag","embeddable":true,"href":"https:\/\/www.europesays.com\/es\/wp-json\/wp\/v2\/tags?post=182559"}],"curies":[{"name":"wp","href":"https:\/\/api.w.org\/{rel}","templated":true}]}}