{"id":182561,"date":"2025-10-17T09:35:09","date_gmt":"2025-10-17T09:35:09","guid":{"rendered":"https:\/\/www.europesays.com\/es\/182561\/"},"modified":"2025-10-17T09:35:09","modified_gmt":"2025-10-17T09:35:09","slug":"paula-ostiz-lleva-su-maillot-arcoiris-al-palacio-de-navarra","status":"publish","type":"post","link":"https:\/\/www.europesays.com\/es\/182561\/","title":{"rendered":"Paula Ostiz lleva su maillot arco\u00edris al Palacio de Navarra"},"content":{"rendered":"<p class=\"paragraph\">La ciclista navarra<b> Paula Ostiz<\/b> reciente campeona del mundo junior en l\u00ednea y bicampeona de Europa, ha sido recibida esta ma\u00f1ana por la Presidenta del Gobierno, <b>Maria Chivite<\/b>, en el Palacio de Navarra apenas 24 horas despu\u00e9s de haber terminado la temporada.\u00a0<\/p>\n<p class=\"paragraph\">Ostiz, que el mi\u00e9rcoles termin\u00f3 su temporada con la Veneto Classic en la que fue la 19, llev\u00f3 al Palacio de Navarra la bici con la que se proclam\u00f3 campeona del mundo en Kigali, Ruanda, y el maillot arcoiris que le acredita como nueva campeona del mundo.<\/p>\n<p class=\"paragraph\">\u00a0Despu\u00e9s de recibirla en su despacho, la campeona del mundo ha bajado a los <b>jardines del Palacio de Navarra<\/b> donde le ha ense\u00f1ado la bici con la que ha ganado el Mundial.<\/p>\n<p class=\"paragraph\"><b>\u00abQUIERO UNA MEDALLA OL\u00cdMPICA\u00bb<\/b><\/p>\n<p class=\"paragraph\">Paula Ostiz ha anunciado en su intervenci\u00f3n en el Palacio de Navarra que tiene tres a\u00f1os con el Movistar. \u00abEn los dos primeros quiero aportar al equipo, en el tercero quiero pelear por cosas. Me gustar\u00eda ir a los <b>Juegos <\/b>y pelear por una medalla ol\u00edmpica para Navarra\u00bb. Paula Ostiz tendr\u00e1 entonces 21 a\u00f1os.<\/p>\n<p>Te puede interesar<img decoding=\"async\" loading=\"lazy\" alt=\"La campeona del mundo j\u00fanior Paula Ostiz ha sido recibida en la estaci\u00f3n de tren de Pamplona por su madre Jessica Taco, familiares, amigos y vecinos de San Jorge\" width=\"396\" height=\"252\" src=\"https:\/\/www.europesays.com\/es\/wp-content\/uploads\/2025\/10\/1760693709_246_68f130ce68a95.jpeg\"\/><img decoding=\"async\" loading=\"lazy\" alt=\"Paula Ostiz\" width=\"396\" height=\"252\" src=\"https:\/\/www.europesays.com\/es\/wp-content\/uploads\/2025\/10\/68e4f5aa98c6c.jpeg\"\/><\/p>\n","protected":false},"excerpt":{"rendered":"La ciclista navarra Paula Ostiz reciente campeona del mundo junior en l\u00ednea y bicampeona de Europa, ha sido&hellip;\n","protected":false},"author":2,"featured_media":182562,"comment_status":"","ping_status":"","sticky":false,"template":"","format":"standard","meta":{"footnotes":""},"categories":[273],"tags":[44099,313,312,168,25,24,6414,5549,43324,8464,23,167],"class_list":{"0":"post-182561","1":"post","2":"type-post","3":"status-publish","4":"format-standard","5":"has-post-thumbnail","7":"category-ciclismo","8":"tag-arcoiris","9":"tag-ciclismo","10":"tag-cycling","11":"tag-deportes","12":"tag-es","13":"tag-espana","14":"tag-lleva","15":"tag-maillot","16":"tag-ostiz","17":"tag-paula","18":"tag-spain","19":"tag-sports"},"share_on_mastodon":{"url":"","error":""},"_links":{"self":[{"href":"https:\/\/www.europesays.com\/es\/wp-json\/wp\/v2\/posts\/182561","targetHints":{"allow":["GET"]}}],"collection":[{"href":"https:\/\/www.europesays.com\/es\/wp-json\/wp\/v2\/posts"}],"about":[{"href":"https:\/\/www.europesays.com\/es\/wp-json\/wp\/v2\/types\/post"}],"author":[{"embeddable":true,"href":"https:\/\/www.europesays.com\/es\/wp-json\/wp\/v2\/users\/2"}],"replies":[{"embeddable":true,"href":"https:\/\/www.europesays.com\/es\/wp-json\/wp\/v2\/comments?post=182561"}],"version-history":[{"count":0,"href":"https:\/\/www.europesays.com\/es\/wp-json\/wp\/v2\/posts\/182561\/revisions"}],"wp:featuredmedia":[{"embeddable":true,"href":"https:\/\/www.europesays.com\/es\/wp-json\/wp\/v2\/media\/182562"}],"wp:attachment":[{"href":"https:\/\/www.europesays.com\/es\/wp-json\/wp\/v2\/media?parent=182561"}],"wp:term":[{"taxonomy":"category","embeddable":true,"href":"https:\/\/www.europesays.com\/es\/wp-json\/wp\/v2\/categories?post=182561"},{"taxonomy":"post_tag","embeddable":true,"href":"https:\/\/www.europesays.com\/es\/wp-json\/wp\/v2\/tags?post=182561"}],"curies":[{"name":"wp","href":"https:\/\/api.w.org\/{rel}","templated":true}]}}