{"id":182592,"date":"2025-10-17T09:51:18","date_gmt":"2025-10-17T09:51:18","guid":{"rendered":"https:\/\/www.europesays.com\/es\/182592\/"},"modified":"2025-10-17T09:51:18","modified_gmt":"2025-10-17T09:51:18","slug":"las-mafias-de-suecia-ajustan-sus-cuentas-a-balazos-en-la-costa-del-sol-espana","status":"publish","type":"post","link":"https:\/\/www.europesays.com\/es\/182592\/","title":{"rendered":"Las mafias de Suecia ajustan sus cuentas a balazos en la Costa del Sol | Espa\u00f1a"},"content":{"rendered":"<p class=\"\">Mediod\u00eda. El sol de oto\u00f1o eleva la temperatura por encima de los 25 grados. Hay turistas en chanclas camino de la playa y otros con ropa de marca se dirigen hacia Puerto Ban\u00fas. Algunos prefieren sentarse a tomar algo en una terraza. La estampa relajada del pasado viernes en la zona de Nueva Andaluc\u00eda, en <a href=\"https:\/\/elpais.com\/noticias\/marbella\/\" rel=\"nofollow noopener\" target=\"_blank\">Marbella<\/a> (M\u00e1laga, 159.000 habitantes), es calcada a la de una semana anterior. A excepci\u00f3n, eso s\u00ed, de dos personas que fueron entonces captadas por una c\u00e1mara de seguridad. A un lado, Hamza Karimi, rapero sueco de 23 a\u00f1os que habla por tel\u00e9fono. Al otro, un compatriota que, como se ve en el v\u00eddeo, se le acerca con parsimonia para dispararle varias veces antes de huir. <a href=\"https:\/\/elpais.com\/espana\/2025-10-03\/detenido-el-autor-de-un-tiroteo-con-un-herido-en-marbella.html\" rel=\"nofollow noopener\" target=\"_blank\">El primero muri\u00f3 en el hospital<\/a>. El segundo fue detenido pocos minutos despu\u00e9s por la Polic\u00eda Nacional. <a href=\"https:\/\/elpais.com\/espana\/2025-06-15\/el-crimen-organizado-se-extiende-ya-por-todos-los-rincones-de-la-costa-del-sol.html\" rel=\"nofollow noopener\" target=\"_blank\">Un d\u00eda m\u00e1s en la Costa del Sol<\/a>. <\/p>\n<p class=\"\"><a href=\"https:\/\/elpais.com\/espana\/2021-09-16\/los-narcos-que-escapan-del-frio-en-la-costa-del-sol.html\" rel=\"nofollow noopener\" target=\"_blank\">La v\u00edctima era conocida por las autoridades de Suecia porque formaba parte del ecosistema de bandas de delincuentes en Estocolmo<\/a>, seg\u00fan fuentes policiales de aquel pa\u00eds. El presunto sicario es de Gotemburgo, aunque no ten\u00eda antecedentes ni relaci\u00f3n con clanes del narcotr\u00e1fico. Por ahora se desconocen los motivos por los que mat\u00f3. Tras su arresto \u2014el arma se hall\u00f3 en su coche\u2014 se neg\u00f3 a declarar antes de ser enviado a prisi\u00f3n provisional por el Tribunal de Instancia n\u00famero 3 de Marbella. Que ambos sean suecos no es casualidad. \u201cY a estas alturas, tampoco nos sorprendi\u00f3 nada\u201d, <a href=\"https:\/\/elpais.com\/espana\/2023-11-05\/el-fiscal-antidroga-de-marbella-es-basico-perseguir-los-alijos-pero-sobre-todo-el-dinero-es-donde-les-duele.html\" rel=\"nofollow noopener\" target=\"_blank\">se\u00f1ala el fiscal antidroga de Marbella, Carlos Tejada Ba\u00f1ales<\/a>. Su sensaci\u00f3n es la misma que los polic\u00edas que luchan contra el crimen organizado en el litoral malague\u00f1o, acostumbrados ya a los miembros de bandas n\u00f3rdicas. En los \u00faltimos a\u00f1os han protagonizado <a href=\"https:\/\/elpais.com\/politica\/2018\/12\/14\/actualidad\/1544781038_750271.html\" rel=\"nofollow noopener\" target=\"_blank\">una decena de incidentes que incluyen bombas, tiroteos y, al menos, tres fallecidos<\/a>, adem\u00e1s de un centenar de detenciones. El trasfondo es el tr\u00e1fico de drogas. Y las balas vuelan por m\u00faltiples causas: robos de mercanc\u00eda, impagos, errores en alguna transacci\u00f3n, venganzas, egos o, simplemente, por quedarse con m\u00e1s cuota de negocio. \u201cEncima han perdido el respeto: ya matan a plena luz del d\u00eda, sin importar que los vean\u201d, advierte el fiscal Tejada Ba\u00f1ales. <\/p>\n<p class=\"\"><a href=\"https:\/\/elpais.com\/internacional\/2024-03-30\/bombas-en-edificios-y-sicarios-de-14-anos-el-crimen-organizado-desborda-a-suecia.html\" rel=\"nofollow noopener\" target=\"_blank\">La ola de violencia que sacude Suecia desde 2012<\/a> est\u00e1 detr\u00e1s del incremento de criminales en el sur de Espa\u00f1a. El eco de los enfrentamientos entre las bandas \u2014como Foxtrot, Rumba, Tadese o Gualara\u2014 resuena a miles de kil\u00f3metros. Los agentes que trabajan all\u00ed creen que la situaci\u00f3n ir\u00e1 a m\u00e1s. \u201cVa a ser un problema de seguridad en la Costa del Sol\u201d, afirman fuentes policiales suecas, <a href=\"https:\/\/elpais.com\/espana\/2024-08-16\/las-armas-toman-el-paraiso-la-costa-del-sol-acumula-una-quincena-de-tiroteos-este-ano.html\" rel=\"nofollow noopener\" target=\"_blank\">que tambi\u00e9n opinan que \u201ces cuesti\u00f3n de tiempo\u201d que terceras personas sin relaci\u00f3n con el narcotr\u00e1fico<\/a> sean heridas o asesinadas (algo que, por ahora, solo ha ocurrido una vez en los \u00faltimos a\u00f1os). <\/p>\n<p class=\"\"><b>El \u2018clan de los suecos\u2019<\/b><\/p>\n<p class=\"\">El Nordic noir en la Costa del Sol arranca en la primavera de 2018. <a href=\"https:\/\/elpais.com\/politica\/2018\/12\/01\/actualidad\/1543683110_973556.html\" rel=\"nofollow noopener\" target=\"_blank\">El 12 de mayo, David \u00c1vila, alias Maradona, sal\u00eda de la comuni\u00f3n de su hijo en San Pedro Alc\u00e1ntara<\/a> cuando un motorista se le acerc\u00f3, le cosi\u00f3 a balas y huy\u00f3. Fue la presentaci\u00f3n en sociedad del llamado \u2018clan de los suecos\u2019, cuyos miembros asesinaron en verano a otra persona en Estepona \u2014<a href=\"https:\/\/elpais.com\/espana\/2023-04-14\/los-acusados-del-clan-de-los-suecos-admiten-ahora-que-participaron-en-dos-asesinatos-en-la-costa-del-sol.html\" rel=\"nofollow noopener\" target=\"_blank\">ambos cr\u00edmenes fueron confesados en el juicio, a\u00f1os m\u00e1s tarde<\/a>\u2014 y en oto\u00f1o explotaron dos bombas en Benahav\u00eds, por las que fueron condenados. La banda estaba liderada por Amir Mekky, que entonces ten\u00eda 21 a\u00f1os. Su brutalidad a\u00fan resuena entre los polic\u00edas que participaron en la investigaci\u00f3n que sirvi\u00f3 para detenerlo en Dub\u00e1i en junio de 2020. <a href=\"https:\/\/elpais.com\/espana\/2023-04-26\/doce-anos-de-prision-para-el-miembro-del-clan-de-los-suecos-condenado-por-el-asesinato-de-dos-personas-en-marbella.html\" rel=\"nofollow noopener\" target=\"_blank\">En el grupo tambi\u00e9n estaba su hermano mayor, Fakry Mekky, y los hermanos Karim y Ahmed Abdul Karim<\/a>, todos con pasaporte sueco y <a href=\"https:\/\/elpais.com\/espana\/2023-09-25\/adios-al-clan-de-los-suecos-en-la-costa-del-sol.html\" rel=\"nofollow noopener\" target=\"_blank\">ya fuera de Espa\u00f1a<\/a>. \u201cFue la primera vez que ve\u00edamos esos niveles de violencia. Nos marc\u00f3\u201d, cuenta uno de los agentes que les sigui\u00f3 la pista. La situaci\u00f3n \u2014unida a otros homicidios en la zona en apenas unos meses\u2014 impuls\u00f3 adem\u00e1s la creaci\u00f3n en 2019 de un grupo policial dentro de la Unidad de Delincuencia y Crimen Organizado (Udyco) y dedicado exclusivamente a resolver ajustes de cuentas. <a href=\"https:\/\/elpais.com\/politica\/2018\/11\/23\/actualidad\/1542968876_538050.html\" rel=\"nofollow noopener\" target=\"_blank\">Ese mismo a\u00f1o, un hombre \u2014tambi\u00e9n llegado desde el pa\u00eds n\u00f3rdico, como sus asesinos\u2014 muri\u00f3 de varios disparos tras ser torturado en un chalet de la urbanizaci\u00f3n Puebla Tranquila en Mijas<\/a>. <\/p>\n<p class=\"\">Los investigadores se muestran sorprendidos por la juventud, frialdad y niveles de violencia de los narcos escandinavos que han ido llegando posteriormente. \u201cYa sean el l\u00edder de la organizaci\u00f3n, sus lugartenientes o los ejecutores. Muchos son veintea\u00f1eros o incluso menores de edad que han convertido lo extraordinario en ordinario\u201d, cuenta un polic\u00eda. Muchos de los cabecillas llegan a Marbella para hacer negocios relacionados con el narcotr\u00e1fico o incluso a vivir, porque se sienten m\u00e1s seguros. No siempre lo est\u00e1n. Otros solo llegan con el encargo de matarlos. <\/p>\n<p class=\"\">Muchos de ellos crecen en barrios desfavorecidos de grandes ciudades, entre pandillas donde la violencia es el \u00fanico ascensor social. \u201cPero cada vez m\u00e1s, <a href=\"https:\/\/elpais.com\/espana\/2025-07-07\/dos-narcos-volcanicos-22-disparos-y-una-huida-de-la-costa-del-sol.html\" rel=\"nofollow noopener\" target=\"_blank\">los sicarios reclutados hoy en d\u00eda no forman realmente parte de esas bandas<\/a>: son contratados solo para un asesinato, algo as\u00ed como un trabajo temporal. Es lo que la polic\u00eda llama crimen como servicio. Y lo comparan con modelos como Uber\u201d, aclara Manne Gerell, profesor asociado del Departamento de Criminolog\u00eda de la Universidad de Malm\u00f6, quien apunta que esos j\u00f3venes proceden cada vez menos de familias de origen extranjero y su tipolog\u00eda es m\u00e1s diversa. Incluidos \u201clos tradicionales adolescentes suecos de clase media, rubios y de ojos claros\u201d, a\u00f1ade el escritor y comunicador Diamant Salihu.<\/p>\n<p class=\"\">\u201cEn un mundo cada vez m\u00e1s internacional, <a href=\"https:\/\/elpais.com\/espana\/2025-01-26\/lluvia-de-balas-en-la-costa-del-sol.html\" rel=\"nofollow noopener\" target=\"_blank\">parece l\u00f3gico que ciertos fen\u00f3menos nacionales o regionales acaben afectando no solo a los pa\u00edses vecinos<\/a>, sino tambi\u00e9n a otros Estados miembros de la Uni\u00f3n Europea como Espa\u00f1a\u201d, subraya Erik F\u00e5gelsbo, fiscal sueco y representante n\u00f3rdico en Eurojust, la agencia para la cooperaci\u00f3n judicial de Europa. Y buen ejemplo es lo que ocurri\u00f3 en octubre de 2021, cuando varios j\u00f3venes \u2014\u201csin escr\u00fapulos y muy violentos\u201d, seg\u00fan fuentes policiales\u2014 de la banda Tadese intentaron secuestrar en Marbella a un rival del clan de los Goulara. Le asaltaron en plena calle, pero no consiguieron hacerle entrar en la furgoneta en la que pretend\u00edan encerrarlo. Como respuesta, al d\u00eda siguiente, fueron tiroteados a la salida de un club de alterne en Fuengirola. <a href=\"https:\/\/elpais.com\/espana\/2021-11-11\/la-guerra-entre-bandas-suecas-deja-otros-siete-detenidos-en-la-costa-del-sol.html\" rel=\"nofollow noopener\" target=\"_blank\">La operaci\u00f3n acab\u00f3 con la detenci\u00f3n de siete personas por parte de la Polic\u00eda Nacional<\/a>. Ese a\u00f1o, junto a la Guardia Civil, otra investigaci\u00f3n sirvi\u00f3 para dar un golpe al <a href=\"https:\/\/elpais.com\/espana\/2021-08-12\/golpe-al-narco-sueco-en-la-costa-del-sol.html\" rel=\"nofollow noopener\" target=\"_blank\">narcotr\u00e1fico sueco con la detenci\u00f3n de 71 personas en la Costa del Sol<\/a>, entre ellas Chiab Lamouri \u2014uno de los delincuentes m\u00e1s peligrosos de Suecia\u2014 y Lars Gunnar Broberg y Joakim Peter Broberg, respectivamente marido \u2014ya fallecido\u2014 e hijastro de la alcaldesa de Marbella, <a href=\"https:\/\/elpais.com\/noticias\/maria-angeles-munoz\/\" rel=\"nofollow noopener\" target=\"_blank\">\u00c1ngeles Mu\u00f1oz<\/a>. <a href=\"https:\/\/elpais.com\/espana\/2025-06-26\/la-fiscalia-pide-18-anos-para-el-hijastro-de-la-alcaldesa-de-marbella-por-trafico-de-drogas-y-blanqueo.html\" rel=\"nofollow noopener\" target=\"_blank\">La fiscal\u00eda pide para \u00e9l 18 a\u00f1os de prisi\u00f3n<\/a>. <\/p>\n<p class=\"\"><b>Menores de edad<\/b><\/p>\n<p class=\"\">El a\u00f1o pasado se repitieron los ingredientes. En febrero, <a href=\"https:\/\/elpais.com\/espana\/2024-04-02\/un-joven-resulta-herido-de-bala-en-el-quinto-tiroteo-en-dos-meses-en-marbella.html\" rel=\"nofollow noopener\" target=\"_blank\">tres personas de nacionalidad sueca intentaron asesinar a dos compatriotas<\/a> \u2014solo consiguieron herir a uno\u2014 en Marbella. Fueron detenidas en marzo, mes en el que tambi\u00e9n se atrap\u00f3 a un chaval de 17 a\u00f1os que lleg\u00f3 desde Gotemburgo con el \u00fanico objetivo de matar al miembro de una banda motera. <a href=\"https:\/\/elpais.com\/espana\/2025-09-28\/sicarios-adolescentes-en-la-costa-del-sol-disparan-armas-de-guerra-sin-edad-aun-para-conducir.html\" rel=\"nofollow noopener\" target=\"_blank\">Era la primera vez que la polic\u00eda espa\u00f1ola se encontraba con un sicario menor de edad<\/a>. Y la operaci\u00f3n sirvi\u00f3 para desmantelar a una organizaci\u00f3n \u2014padre, madre e hijo, de 14 a\u00f1os, todos suecos\u2014 asentada en Alicante <a href=\"https:\/\/elpais.com\/espana\/2024-11-20\/la-detencion-de-una-pareja-y-su-hijo-en-alicante-alerta-sobre-el-reclutamiento-de-menores-por-el-crimen-organizado-para-cometer-asesinatos.html\" rel=\"nofollow noopener\" target=\"_blank\">y liderada por el adolescente, que se dedicaba a reclutar <\/a><a href=\"https:\/\/elpais.com\/espana\/2024-11-20\/la-detencion-de-una-pareja-y-su-hijo-en-alicante-alerta-sobre-el-reclutamiento-de-menores-por-el-crimen-organizado-para-cometer-asesinatos.html\" rel=\"nofollow noopener\" target=\"_blank\">a trav\u00e9s de canales como Telegram o Signal a<\/a><a href=\"https:\/\/elpais.com\/espana\/2024-11-20\/la-detencion-de-una-pareja-y-su-hijo-en-alicante-alerta-sobre-el-reclutamiento-de-menores-por-el-crimen-organizado-para-cometer-asesinatos.html\" rel=\"nofollow noopener\" target=\"_blank\"> j\u00f3venes para cometer asesinatos<\/a>. Juzgado en su pa\u00eds, el chico fue condenado a dos a\u00f1os de internamiento en un centro de menores. \u201cLos menores son elegidos porque son f\u00e1ciles de influir y m\u00e1s dif\u00edciles de rastrear en aplicaciones encriptadas\u201d, remacha el periodista escandinavo Joakim Palmqvist. Este julio los agentes <a href=\"https:\/\/elpais.com\/espana\/2025-08-22\/con-16-anos-y-a-bordo-de-un-patinete-detienen-a-un-menor-sueco-que-viajo-a-malaga-para-cometer-un-asesinato.html\" rel=\"nofollow noopener\" target=\"_blank\">detuvieron a otro menor de 16 a\u00f1os que tambi\u00e9n hab\u00eda viajado a la Costa del Sol para asesinar<\/a>, junto con otro joven de 19. Ambos eran suecos, como las otras cuatro personas detenidas en la misma operaci\u00f3n y que supuestamente les facilitaron la log\u00edstica y las armas, que quedaron en libertad provisional. <\/p>\n<p class=\"\">El \u00faltimo incidente fue el del viernes 3 de octubre, <a href=\"https:\/\/elpais.com\/espana\/2024-04-17\/bronca-politica-tras-el-sexto-tiroteo-entre-narcos-en-dos-meses-en-marbella.html\" rel=\"nofollow noopener\" target=\"_blank\">esclarecido gracias a la intervenci\u00f3n de las patrullas ciudadanas de la Polic\u00eda Nacional<\/a>, que cerraron con rapidez todas las salidas de la autov\u00eda y atraparon al homicida a la altura de la urbanizaci\u00f3n Elviria, al este de Marbella. \u201cTienen mucha experiencia ya y lo hacen bien, como el resto de grupos que trabajan en la zona. Gracias a toda esa ingente labor, de momento hemos conseguido parar la ola de violencia\u201d, cuenta otro especialista policial. \u201cAqu\u00ed no existe, ni de lejos, la situaci\u00f3n que viven en Suecia y los pa\u00edses cercanos\u201d, a\u00f1aden, y celebran, otras fuentes policiales. \u00c9stas recuerdan que la experiencia de equipos como el <a href=\"https:\/\/elpais.com\/diario\/2006\/03\/05\/andalucia\/1141514538_850215.html\" rel=\"nofollow noopener\" target=\"_blank\">Grupo de Respuesta Especial Contra el Crimen Organizado<\/a> (Greco) y las unidades de Udyco Costa del Sol han servido como parapeto al crimen organizado. Barrera a la que, como explican desde Europol, se ha sumado este a\u00f1o el <a href=\"https:\/\/www.europol.europa.eu\/operations-services-and-innovation\/operations\/operational-taskforce-grimm\" rel=\"nofollow noopener\" target=\"_blank\">proyecto Grimm<\/a>, un operativo internacional que busca aumentar la cooperaci\u00f3n policial entre pa\u00edses y donde est\u00e1n incluidos polic\u00edas de B\u00e9lgica, Dinamarca, Finlandia, Francia, Alemania, Islandia, Pa\u00edses Bajos, Noruega, Suecia y Reino Unido, adem\u00e1s de Espa\u00f1a. Gracias a ello la situaci\u00f3n a\u00fan no se ha descontrolado, aseguran. Nadie pone la mano en el fuego, eso s\u00ed, a que no lo haga m\u00e1s adelante. <\/p>\n","protected":false},"excerpt":{"rendered":"Mediod\u00eda. El sol de oto\u00f1o eleva la temperatura por encima de los 25 grados. Hay turistas en chanclas&hellip;\n","protected":false},"author":2,"featured_media":182593,"comment_status":"","ping_status":"","sticky":false,"template":"","format":"standard","meta":{"footnotes":""},"categories":[8],"tags":[259,17,18,15705,25,24,13,14,1160,11,19,20,1567,9,10,15,16,586,23,7218,12,21,22,432],"class_list":{"0":"post-182592","1":"post","2":"type-post","3":"status-publish","4":"format-standard","5":"has-post-thumbnail","7":"category-espana","8":"tag-andalucia","9":"tag-breaking-news","10":"tag-breakingnews","11":"tag-detenciones","12":"tag-es","13":"tag-espana","14":"tag-featured-news","15":"tag-featurednews","16":"tag-guardia-civil","17":"tag-headlines","18":"tag-latest-news","19":"tag-latestnews","20":"tag-menores","21":"tag-news","22":"tag-noticias","23":"tag-noticias-destacadas","24":"tag-noticiasdestacadas","25":"tag-policia","26":"tag-spain","27":"tag-suecia","28":"tag-titulares","29":"tag-ultimas-noticias","30":"tag-ultimasnoticias","31":"tag-violencia"},"share_on_mastodon":{"url":"","error":""},"_links":{"self":[{"href":"https:\/\/www.europesays.com\/es\/wp-json\/wp\/v2\/posts\/182592","targetHints":{"allow":["GET"]}}],"collection":[{"href":"https:\/\/www.europesays.com\/es\/wp-json\/wp\/v2\/posts"}],"about":[{"href":"https:\/\/www.europesays.com\/es\/wp-json\/wp\/v2\/types\/post"}],"author":[{"embeddable":true,"href":"https:\/\/www.europesays.com\/es\/wp-json\/wp\/v2\/users\/2"}],"replies":[{"embeddable":true,"href":"https:\/\/www.europesays.com\/es\/wp-json\/wp\/v2\/comments?post=182592"}],"version-history":[{"count":0,"href":"https:\/\/www.europesays.com\/es\/wp-json\/wp\/v2\/posts\/182592\/revisions"}],"wp:featuredmedia":[{"embeddable":true,"href":"https:\/\/www.europesays.com\/es\/wp-json\/wp\/v2\/media\/182593"}],"wp:attachment":[{"href":"https:\/\/www.europesays.com\/es\/wp-json\/wp\/v2\/media?parent=182592"}],"wp:term":[{"taxonomy":"category","embeddable":true,"href":"https:\/\/www.europesays.com\/es\/wp-json\/wp\/v2\/categories?post=182592"},{"taxonomy":"post_tag","embeddable":true,"href":"https:\/\/www.europesays.com\/es\/wp-json\/wp\/v2\/tags?post=182592"}],"curies":[{"name":"wp","href":"https:\/\/api.w.org\/{rel}","templated":true}]}}