{"id":182594,"date":"2025-10-17T09:52:09","date_gmt":"2025-10-17T09:52:09","guid":{"rendered":"https:\/\/www.europesays.com\/es\/182594\/"},"modified":"2025-10-17T09:52:09","modified_gmt":"2025-10-17T09:52:09","slug":"los-marcos-para-donana-del-miteco-han-movilizado-ya-un-44-de-su-presupuesto-y-avanzan-en-nuevas-convocatorias-para-su-desarrollo-territorial-sostenible","status":"publish","type":"post","link":"https:\/\/www.europesays.com\/es\/182594\/","title":{"rendered":"Los Marcos para Do\u00f1ana del MITECO han movilizado ya un 44% de su presupuesto y avanzan en nuevas convocatorias para su desarrollo territorial sostenible"},"content":{"rendered":"<p>Los Marcos de Actuaciones para <b>Do\u00f1ana <\/b>han movilizado ya <b>329 millones, m\u00e1s del 44 % del presupuesto <\/b>de estos dos planes del Ministerio para la Transici\u00f3n Ecol\u00f3gica y el Reto Demogr\u00e1fico (MITECO), centrados en la recuperaci\u00f3n medioambiental del espacio natural y el desarrollo socioecon\u00f3mico de los 14 municipios de su \u00e1rea de influencia.<\/p>\n<p>El MITECO dise\u00f1\u00f3 un presupuesto inicial de 706 millones entre 2022 y 2023 para esta estrategia integral, que alcanza ya los 745,3 millones.\u00a0 Estos son los datos presupuestarios adelantados por el secretario de Estado de Medio Ambiente, Hugo Mor\u00e1n, en el pleno del Consejo de Participaci\u00f3n de Do\u00f1ana, celebrado este jueves en el centro El Acebuche (Almonte, Huelva).<\/p>\n<p>La Oficina T\u00e9cnica de Do\u00f1ana, el organismo dependiente del Comisionado del Ciclo del Agua y Restauraci\u00f3n de Ecosistemas del MITECO que coordina la ejecuci\u00f3n de estos Marcos en el territorio, ha publicado este viernes los informes de avances, que reflejan importantes progresos en sus l\u00edneas de actuaci\u00f3n.<\/p>\n<p><b>Reducci\u00f3n de la superficie de cultivos ilegales y medidas para mejorar la situaci\u00f3n del acu\u00edfero<\/b><\/p>\n<p>En el apartado medioambiental, estas publicaciones recogen varios hitos recientes, como la reducci\u00f3n de superficie de cultivos bajo pl\u00e1stico irregulares en la Corona Norte Forestal de Do\u00f1ana, que se situ\u00f3 en 547 hect\u00e1reas en la campa\u00f1a de seguimiento por teledetecci\u00f3n con inteligencia artificial de la Confederaci\u00f3n Hidrogr\u00e1fica del Guadalquivir (CHG) de la pasada primavera; <b>un 20% menos que la campa\u00f1a anterior<\/b>, as\u00ed como las acciones para recuperar el acu\u00edfero.<\/p>\n<p>En esta l\u00ednea, tambi\u00e9n cabe destacar el impulso de medidas clave para la gesti\u00f3n y la gobernanza de las aguas subterr\u00e1neas en esta zona, como la aprobaci\u00f3n de los estatutos de las Comunidades de Usuarios de Aguas Subterr\u00e1neas de Marismas y La Rocina, o la reciente aprobaci\u00f3n del <b>Plan de Actuaciones de la masa de agua subterr\u00e1nea La Rocina,<\/b> que establece una reducci\u00f3n del 15% de las extracciones de agua en 2026.<\/p>\n<p>Estas actuaciones para mejorar el acu\u00edfero se complementan con distintas intervenciones tanto para la recuperaci\u00f3n h\u00eddrica de la red fluvial del entorno del espacio natural como para la restauraci\u00f3n ambiental de enclaves emblem\u00e1ticos, como es el caso de la <b>finca Los Mimbrales, cuyas obras de renaturalizaci\u00f3n comenzaron a finales de agosto<\/b> con una inversi\u00f3n superior a los 6 millones.<\/p>\n<p><b>Mejora del saneamiento y la depuraci\u00f3n<\/b><\/p>\n<p>Los \u00faltimos informes de avances de la Oficina T\u00e9cnica de Do\u00f1ana tambi\u00e9n reflejan un importante grado de ejecuci\u00f3n en materia de saneamiento y depuraci\u00f3n. El presupuesto asciende en este \u00e1mbito a m\u00e1s de 192 millones, de los que ya est\u00e1n movilizados 125 millones. El porcentaje de ejecuci\u00f3n presupuestaria alcanza el 35%.<\/p>\n<p>Las obras m\u00e1s avanzadas son el colector Emisario Puerto de la EDAR de Sevilla, cuya finalizaci\u00f3n se prev\u00e9 en los pr\u00f3ximos meses, a las que se suma la estaci\u00f3n de bombeo de aguas pluviales del Tamarguillo, y la construcci\u00f3n de la nueva depuradora de Isla Mayor, tambi\u00e9n en la provincia sevillana. Entre los proyectos iniciados tambi\u00e9n se est\u00e1n llevando a cabo la modernizaci\u00f3n de la planta de Lucena del Puerto, en Huelva, la agrupaci\u00f3n de vertidos, nueva EDAR y emisario de Gerena, y la construcci\u00f3n de la nueva estaci\u00f3n de depuraci\u00f3n de Burguillos, ambas en la provincia de Sevilla.<\/p>\n<p><b>40 millones en ayudas a los agricultores<\/b><\/p>\n<p>En cuanto al Marco Socioecon\u00f3mico, destaca la inminente publicaci\u00f3n de la convocatoria de ayudas a la renaturalizaci\u00f3n de tierras agr\u00edcolas de la Fundaci\u00f3n Biodiversidad. Estas subvenciones, que en esta primera convocatoria llegar\u00e1n hasta 400 hect\u00e1reas, cuentan con una inversi\u00f3n asociada de 28,5 millones este a\u00f1o. En el Consejo de Participaci\u00f3n de Do\u00f1ana, el secretario de Estado de Medio Ambiente insisti\u00f3 en que el MITECO tiene previstas varias convocatorias: \u201cSe har\u00e1n las convocatorias que sean necesarias para que nadie se quede fuera del Marco\u201d.<\/p>\n<p>A ellas, se une la reciente resoluci\u00f3n de las ayudas a la innovaci\u00f3n agr\u00edcola, forestal y ganadera. Gracias a esta l\u00ednea, se han distribuido 11,5 millones entre nueve proyectos en los que participan empresas, fundaciones, centros de investigaci\u00f3n, ONG ambientalistas y agricultores.<\/p>\n<p><b>Transici\u00f3n verde los municipios del entorno de Do\u00f1ana y ayudas en materia social para la poblaci\u00f3n m\u00e1s vulnerable<\/b><\/p>\n<p>Entre las medidas que m\u00e1s progresan en la vertiente socioecon\u00f3mica de este plan, se encuentra el impulso de los proyectos de los catorce ayuntamientos del entorno de Do\u00f1ana a trav\u00e9s de subvenciones directas para la transici\u00f3n verde y la diversificaci\u00f3n econ\u00f3mica de la zona. El pasado mes de julio, el MITECO complet\u00f3 el pago hasta alcanzar los 70 millones asignados a esta l\u00ednea.<\/p>\n<p>Tambi\u00e9n las subvenciones en materia social a trav\u00e9s del Ministerio de Inclusi\u00f3n, Seguridad Social y Migraciones y el Ministerio de Vivienda y Agenda Urbana para mejorar las condiciones de vida y de habitabilidad de los temporeros agr\u00edcolas. El reparto del primer paquete de ayudas directas a los municipios se aprob\u00f3 a trav\u00e9s de dos Reales Decretos en el Consejo de Ministros el pasado mes de septiembre, con una inversi\u00f3n para este a\u00f1o de 5 millones de euros. En el \u00e1mbito de Vivienda, estas subvenciones, que alcanzar\u00e1n este a\u00f1o los 5 millones de euros una vez se apruebe su respectivo Real Decreto, se distribuir\u00e1n entre los municipios del entorno de Do\u00f1ana con asentamientos chabolistas en sus t\u00e9rminos municipales.<\/p>\n<p>Puede consultar los informes de seguimiento en los siguientes enlaces:<\/p>\n<p><a href=\"https:\/\/www.miteco.gob.es\/content\/dam\/miteco\/es\/prensa\/20251014_M1_AVAN.SEPT.25.pdf\" rel=\"nofollow noopener\" target=\"_blank\">Informe de Avances del Marco Medioambiental<\/a><\/p>\n<p><a href=\"https:\/\/www.miteco.gob.es\/content\/dam\/miteco\/es\/prensa\/2025.10.15_INFORME.AVANCES.SOCIOECONOMICO.pdf\" rel=\"nofollow noopener\" target=\"_blank\">Informe de Avances del Marco Socioecon\u00f3mico<\/a><\/p>\n","protected":false},"excerpt":{"rendered":"Los Marcos de Actuaciones para Do\u00f1ana han movilizado ya 329 millones, m\u00e1s del 44 % del presupuesto de&hellip;\n","protected":false},"author":2,"featured_media":32239,"comment_status":"","ping_status":"","sticky":false,"template":"","format":"standard","meta":{"footnotes":""},"categories":[5],"tags":[17,18,25,24,13,14,11,19,20,9,7207,10,15,16,23,12,21,22],"class_list":{"0":"post-182594","1":"post","2":"type-post","3":"status-publish","4":"format-standard","5":"has-post-thumbnail","7":"category-titulares","8":"tag-breaking-news","9":"tag-breakingnews","10":"tag-es","11":"tag-espana","12":"tag-featured-news","13":"tag-featurednews","14":"tag-headlines","15":"tag-latest-news","16":"tag-latestnews","17":"tag-news","18":"tag-notas-de-prensa","19":"tag-noticias","20":"tag-noticias-destacadas","21":"tag-noticiasdestacadas","22":"tag-spain","23":"tag-titulares","24":"tag-ultimas-noticias","25":"tag-ultimasnoticias"},"share_on_mastodon":{"url":"","error":""},"_links":{"self":[{"href":"https:\/\/www.europesays.com\/es\/wp-json\/wp\/v2\/posts\/182594","targetHints":{"allow":["GET"]}}],"collection":[{"href":"https:\/\/www.europesays.com\/es\/wp-json\/wp\/v2\/posts"}],"about":[{"href":"https:\/\/www.europesays.com\/es\/wp-json\/wp\/v2\/types\/post"}],"author":[{"embeddable":true,"href":"https:\/\/www.europesays.com\/es\/wp-json\/wp\/v2\/users\/2"}],"replies":[{"embeddable":true,"href":"https:\/\/www.europesays.com\/es\/wp-json\/wp\/v2\/comments?post=182594"}],"version-history":[{"count":0,"href":"https:\/\/www.europesays.com\/es\/wp-json\/wp\/v2\/posts\/182594\/revisions"}],"wp:featuredmedia":[{"embeddable":true,"href":"https:\/\/www.europesays.com\/es\/wp-json\/wp\/v2\/media\/32239"}],"wp:attachment":[{"href":"https:\/\/www.europesays.com\/es\/wp-json\/wp\/v2\/media?parent=182594"}],"wp:term":[{"taxonomy":"category","embeddable":true,"href":"https:\/\/www.europesays.com\/es\/wp-json\/wp\/v2\/categories?post=182594"},{"taxonomy":"post_tag","embeddable":true,"href":"https:\/\/www.europesays.com\/es\/wp-json\/wp\/v2\/tags?post=182594"}],"curies":[{"name":"wp","href":"https:\/\/api.w.org\/{rel}","templated":true}]}}