{"id":182609,"date":"2025-10-17T10:02:14","date_gmt":"2025-10-17T10:02:14","guid":{"rendered":"https:\/\/www.europesays.com\/es\/182609\/"},"modified":"2025-10-17T10:02:14","modified_gmt":"2025-10-17T10:02:14","slug":"blanca-cuesta-pierde-a-su-hermano-rafael-a-los-56-anos","status":"publish","type":"post","link":"https:\/\/www.europesays.com\/es\/182609\/","title":{"rendered":"Blanca Cuesta pierde a su hermano Rafael a los 56 a\u00f1os"},"content":{"rendered":"<p data-journey-content=\"true\" data-node-id=\"3\" class=\"css-6wxqfj emevuu60\">Blanca Cuesta, la mujer de Borja Thyssen, se enfrenta a un momento muy dif\u00edcil en su vida. Su hermano Rafael ha fallecido a los 56 a\u00f1os de edad, v\u00edctima de una larga batalla contra una grave enfermedad. Son muy pocos los detalles que la familia ha dejado que trascendiese de la batalla que libraba el hermano de la artista, as\u00ed como con su tr\u00e1gico desenlace. <\/p>\n<p data-journey-content=\"true\" data-node-id=\"6\" class=\"css-6wxqfj emevuu60\">Los \u00faltimos meses han sido muy duros para toda la familia, seg\u00fan ha podido adelantar \u2018Vanitatis\u2019. El declive de Rafael era evidente y todos se tem\u00edan lo peor, pero <strong data-node-id=\"6.1\">han estado a su lado hasta su \u00faltimo respiro,<\/strong> acompa\u00f1\u00e1ndole en su lecho de muerte y sosteni\u00e9ndole la mano al pie de su cama. Especialmente rotos y destrozados se encuentran en estos momentos su hermana, Blanca Cuesta, y los padres de ambos, <strong data-node-id=\"6.3\">Miguel Cuesta<\/strong> y<strong data-node-id=\"6.5\"> Heidi Unkhoff<\/strong>, ambos profesionales de la salud.<\/p>\n<p><img draggable=\"true\" alt=\"Blanca Cuesta subasta un cuadro por 5.000 euros\" title=\"Blanca Cuesta subasta un cuadro por 5.000 euros\" loading=\"lazy\" width=\"1200\" height=\"1819\" decoding=\"async\" data-nimg=\"1\" style=\"color:transparent;width:100%;height:auto;\"   src=\"https:\/\/www.europesays.com\/es\/wp-content\/uploads\/2025\/10\/blanca-cuesta-01-1528191172.jpg\" class=\"css-0 e1g79fud0\"\/><\/p>\n<p>Foto: Guillermo Jim\u00e9nez.<\/p>\n<p data-journey-content=\"true\" data-node-id=\"9\" class=\"css-6wxqfj emevuu60\">El a\u00f1o pasado celebraron juntos el centenario de Miguel Cuesta, <strong data-node-id=\"9.1\">una ocasi\u00f3n que reuni\u00f3 a hijos<\/strong>, <strong data-node-id=\"9.3\">nietos y amigos en Barcelona<\/strong>. Este a\u00f1o, las fiestas estar\u00e1n marcadas por la ausencia de Rafael. <strong data-node-id=\"9.5\">\u201cAgradecemos profundamente las palabras de \u00e1nimo<\/strong>, las necesitamos porque es muy duro\u201d, ha dicho su madre al medio citado. Un mensaje que refleja la uni\u00f3n del n\u00facleo familiar en un momento de despedida y de recogimiento.<\/p>\n<p data-journey-content=\"true\" data-node-id=\"13\" class=\"css-6wxqfj emevuu60\">Blanca Cuesta vive <strong data-node-id=\"13.1\">volcada en su familia y en su faceta art\u00edstica<\/strong>, lejos del foco medi\u00e1tico que marc\u00f3 sus primeros a\u00f1os junto al hijo de la<strong data-node-id=\"13.3\"> Baronesa Thyssen<\/strong>. Madre de cinco hijos, la empresaria ha construido un entorno familiar s\u00f3lido y discreto, centrado en la educaci\u00f3n y el bienestar de los peque\u00f1os. Su pasi\u00f3n por la pintura ha sido una constante en su vida adulta. Desde que en 2012 expuso por primera vez en la <strong data-node-id=\"13.5\">Feria ARCO<\/strong>, Blanca ha desarrollado una carrera art\u00edstica con identidad propia. <\/p>\n<p><img src=\"https:\/\/www.europesays.com\/es\/wp-content\/uploads\/2025\/10\/1760695334_314_efed3e56-411c-4c5f-aad1-8194ce4fe362_1700500172.file\" alt=\"Headshot of Redacci\u00f3n Diez Minutos\" title=\"Headshot of Redacci\u00f3n Diez Minutos\" width=\"100%\" height=\"100%\" decoding=\"async\" loading=\"lazy\" class=\"css-o0wq4v ev8dhu53\"\/><\/p>\n<p>\u00a0En Diez Minutos somos especialistas en cubrir todas las noticias del coraz\u00f3n y de la monarqu\u00eda para acercarte a las vidas de todos esos personajes a los que admiras.<\/p>\n<p>Descubre con nosotros la \u00faltima hora de los famosos nacionales e internacionales m\u00e1s relevantes: sus pol\u00e9micas, sus historias amorosas y familiares y sus proyectos profesionales con nuestras entrevistas, videos y reportajes. Tambi\u00e9n te mostramos el d\u00eda a d\u00eda de la realeza, cont\u00e1ndote con especial detalle la vida personal y familiar de nuestros Reyes: Felipe VI y Letizia y sus hijas Leonor y Sof\u00eda.<\/p>\n<p>Diez Minutos es mucho m\u00e1s que cr\u00f3nica social. Queremos hacerte la vida m\u00e1s f\u00e1cil y cuidar de ti. Por eso, publicamos una amplia selecci\u00f3n de contenidos pr\u00e1cticos para ayudarte en tu econom\u00eda dom\u00e9stica, en la decoraci\u00f3n de tu casa o en tu bienestar f\u00edsico y emocional. Tambi\u00e9n encontrar\u00e1s todo tipo de noticias y reportajes sobre el embarazo y la maternidad para facilitarte este proceso de la vida.<\/p>\n<p>La cocina es otra parte fundamental de esta gu\u00eda pr\u00e1ctica con la mejor selecci\u00f3n de recetas y consejos para llevar una dieta saludable y variada. Y todo ello sin olvidarnos de los contenidos de moda y belleza que te har\u00e1n estar a la \u00faltima en las tendencias del momento con numerosas propuestas, ofertas y novedades.<\/p>\n<p>Te lo contamos todo con la misma rigurosidad y cercan\u00eda con la que te llevamos acompa\u00f1ando desde hace 72 a\u00f1os, cuando un 1 de septiembre de 1951 la revista vio la luz por primera vez. Muchas cosas han cambiado en lo que se refiere a la parte t\u00e9cnica, pero lo que te aseguramos es que el equipo que forma esta redacci\u00f3n realiza su trabajo con entusiasmo y entrega pensando en cada uno de vosotros para que encontr\u00e9is aqu\u00ed el sitio ideal donde disfrutar de la vida.<\/p>\n<p>El equipo digital de Diez Minutos est\u00e1 formado por:<\/p>\n<p><a href=\"https:\/\/www.diezminutos.es\/author\/15369\/rosa-prieto\/\" rel=\"nofollow noopener\" target=\"_blank\">Rosa Prieto:<\/a> Directora digital.<\/p>\n<p><a href=\"https:\/\/www.diezminutos.es\/author\/18095\/silvia-criado\/\" rel=\"nofollow noopener\" target=\"_blank\">Silvia Criado:<\/a> Jefa de secci\u00f3n digital.<\/p>\n<p><a href=\"https:\/\/www.diezminutos.es\/author\/16262\/magdalena-pinero\/\" rel=\"nofollow noopener\" target=\"_blank\">Magdalena Pi\u00f1ero:<\/a> redactora digital.\u00a0<\/p>\n<p><a href=\"https:\/\/www.diezminutos.es\/author\/16270\/daniel-reyes\/\" rel=\"nofollow noopener\" target=\"_blank\">Daniel Reyes:<\/a> redactor digital.<\/p>\n<p><a href=\"https:\/\/www.diezminutos.es\/author\/221934\/ignacio-herruzo\/\" rel=\"nofollow noopener\" target=\"_blank\">Ignacio Herruzo<\/a>: redactor digital.<\/p>\n<p><a href=\"https:\/\/www.diezminutos.es\/author\/740003\/nora-camara\/\" rel=\"nofollow noopener\" target=\"_blank\">Nora C\u00e1mara<\/a>: redactora digital.\u00a0<\/p>\n","protected":false},"excerpt":{"rendered":"Blanca Cuesta, la mujer de Borja Thyssen, se enfrenta a un momento muy dif\u00edcil en su vida. Su&hellip;\n","protected":false},"author":2,"featured_media":182610,"comment_status":"","ping_status":"","sticky":false,"template":"","format":"standard","meta":{"footnotes":""},"categories":[174],"tags":[255,253,146,147,25,24,256,23],"class_list":{"0":"post-182609","1":"post","2":"type-post","3":"status-publish","4":"format-standard","5":"has-post-thumbnail","7":"category-famosos","8":"tag-celebrities","9":"tag-discover","10":"tag-entertainment","11":"tag-entretenimiento","12":"tag-es","13":"tag-espana","14":"tag-famosos","15":"tag-spain"},"share_on_mastodon":{"url":"","error":""},"_links":{"self":[{"href":"https:\/\/www.europesays.com\/es\/wp-json\/wp\/v2\/posts\/182609","targetHints":{"allow":["GET"]}}],"collection":[{"href":"https:\/\/www.europesays.com\/es\/wp-json\/wp\/v2\/posts"}],"about":[{"href":"https:\/\/www.europesays.com\/es\/wp-json\/wp\/v2\/types\/post"}],"author":[{"embeddable":true,"href":"https:\/\/www.europesays.com\/es\/wp-json\/wp\/v2\/users\/2"}],"replies":[{"embeddable":true,"href":"https:\/\/www.europesays.com\/es\/wp-json\/wp\/v2\/comments?post=182609"}],"version-history":[{"count":0,"href":"https:\/\/www.europesays.com\/es\/wp-json\/wp\/v2\/posts\/182609\/revisions"}],"wp:featuredmedia":[{"embeddable":true,"href":"https:\/\/www.europesays.com\/es\/wp-json\/wp\/v2\/media\/182610"}],"wp:attachment":[{"href":"https:\/\/www.europesays.com\/es\/wp-json\/wp\/v2\/media?parent=182609"}],"wp:term":[{"taxonomy":"category","embeddable":true,"href":"https:\/\/www.europesays.com\/es\/wp-json\/wp\/v2\/categories?post=182609"},{"taxonomy":"post_tag","embeddable":true,"href":"https:\/\/www.europesays.com\/es\/wp-json\/wp\/v2\/tags?post=182609"}],"curies":[{"name":"wp","href":"https:\/\/api.w.org\/{rel}","templated":true}]}}