{"id":182613,"date":"2025-10-17T10:04:24","date_gmt":"2025-10-17T10:04:24","guid":{"rendered":"https:\/\/www.europesays.com\/es\/182613\/"},"modified":"2025-10-17T10:04:24","modified_gmt":"2025-10-17T10:04:24","slug":"veronica-garcia-pena-publica-su-nuevo-libro-el-caracter-peculiar-de-algunas-cosas","status":"publish","type":"post","link":"https:\/\/www.europesays.com\/es\/182613\/","title":{"rendered":"Ver\u00f3nica Garc\u00eda-Pe\u00f1a publica su nuevo libro, \u2018El car\u00e1cter peculiar de algunas cosas\u2019"},"content":{"rendered":"<p>\n        Diez colores, diez relatos. Abre la publicaci\u00f3n Crema porque, de hecho, fue el primero en ser creado hace ya unos a\u00f1os. \u201cEstaba buscando piso en aquel momento y, dentro del agobio que llevaba, me puse a escribir\u201d, recuerda con una sonrisa Ver\u00f3nica Garc\u00eda-Pe\u00f1a. Lo cierra Negro, \u201cporque supe cuando llegu\u00e9 a ese color que ten\u00eda que terminar\u201d, describe la escritora, soci\u00f3loga y periodista <a href=\"https:\/\/www.noticiasdealava.eus\/cultura\/\" title=\"alavesa\" class=\"link copy\" rel=\"nofollow noopener\" target=\"_blank\">alavesa<\/a>. <strong>As\u00ed se construye <\/strong><strong>El car\u00e1cter peculiar de algunas cosas<\/strong><strong> (Uve Books), una obra llevada a cabo con tiempo, a lo largo de a\u00f1os<\/strong>. \u201cNo es un libro buscado como tal desde el principio. Es parte de su magia. Al estar escrito con tiempo, desde diferentes experiencias, es m\u00e1s redondo. No ha habido prisa por publicar ni agobios por sacarlo. Es un experimento\u201d.\n<\/p>\n<p class=\"article-photo__footer\">\n            Ver\u00f3nica Garc\u00eda-Pe\u00f1a con un ejemplar de \u2018El car\u00e1cter peculiar de algunas cosas\u2019            Cedida        <\/p>\n<p class=\"article-body__text \">\n        De hecho, la autora de Okondo explica que el p\u00fablico se va a encontrar con una propuesta \u201coriginal y diferente\u201d. As\u00ed, <strong>\u201clos colores muestran c\u00f3mo lo cotidiano puede transformarse en algo muy diferente a lo que estamos acostumbrados<\/strong>. Un paseo por un espig\u00f3n puede dar lugar a una sensaci\u00f3n de estar atrapado y a pensar en el tiempo y en las decisiones que has tomado\u201d. Se presentan \u201crelatos peque\u00f1os pero cada uno de ellos guarda un misterio\u201d. Por eso, a Garc\u00eda-Pe\u00f1a le cuesta desvelar detalles ya que van a estropear la lectura del libro.\n<\/p>\n<p>  Hilo conductor<\/p>\n<p class=\"article-body__text \">\n        Con todo, como explica la autora, \u201cla mayor\u00eda de los relatos, independientemente del color, tratan de esa sensaci\u00f3n que tenemos, sobre todo en este mundo actual, de estar atrapados, de querer salir del lugar que sea, cada uno del mundo en el que est\u00e1, ya sea el laboral, el amoroso, el de la familia o el de una situaci\u00f3n concreta o de un lugar\u201d. <strong>En muchos casos, se presentan personajes que quieren escapar \u201cpero no saben c\u00f3mo hacerlo\u201d<\/strong>.\n<\/p>\n<p>        \u201cLa mayor\u00eda de los relatos tratan de esa sensaci\u00f3n que tenemos, sobre todo en este mundo actual, de estar atrapados\u201d<\/p>\n<p class=\"article-body__text \">\n        Seg\u00fan relata, \u201clos personajes que van saliendo son muy diferentes, pero comparten esa idea de huida, de querer escapar, cada uno dentro de sus circunstancias. Otra cosa es si lo consiguen o no\u201d. Eso ya es una cuesti\u00f3n que tendr\u00e1n que descubrir quienes se asomen a estas p\u00e1ginas. Por de pronto, <a href=\"https:\/\/veronicagarciap.wordpress.com\/\" title=\"ella\" rel=\"nofollow noopener\" target=\"_blank\" class=\"link copy\">ella<\/a> avanza que \u201chay relatos con mucha luz, con mucha esperanza en algunos casos, aunque luego hay finales&#8230; y finales\u201d. No falta el humor negro, la reflexi\u00f3n y la m\u00fasica. <strong>\u201cLos relatos se sienten pero tambi\u00e9n se oyen, en el sentido de que a m\u00ed, como me gusta mucho la m\u00fasica, he metido canciones o las sensaciones que esos temas producen. A veces de una manera muy expl\u00edcita y otras no tanto. Hay quien me ha dicho que alg\u00fan relato parece una partitura\u201d<\/strong>.\u00a0\n<\/p>\n<p>            <a href=\"https:\/\/www.noticiasdealava.eus\/cultura\/2025\/10\/16\/g-adrien-debut-literario-arte-volver-literatura-vitoria-gasteiz-alava-araba-10223038.html\" title=\"G. Adrien hace su debut literario con \u2018El arte de volver\u2019\" class=\"new__media\" rel=\"nofollow noopener\" target=\"_blank\"><\/p>\n<p>                <img alt=\"G. Adrien hace su debut literario con \u2018El arte de volver\u2019\" data-src=\"https:\/\/www.europesays.com\/es\/wp-content\/uploads\/2025\/10\/7aadd35b-5e89-446b-834d-f13677312611_16-9-aspect-ratio_default_0_x958y322.jpg\" class=\"lozad\"\/><\/p>\n<p>        <\/a><\/p>\n<p>        <a href=\"https:\/\/www.noticiasdealava.eus\/cultura\/2025\/10\/16\/g-adrien-debut-literario-arte-volver-literatura-vitoria-gasteiz-alava-araba-10223038.html\" title=\"G. Adrien hace su debut literario con \u2018El arte de volver\u2019\" class=\"new__headline\" rel=\"nofollow noopener\" target=\"_blank\"><br \/>\n            G. Adrien hace su debut literario con \u2018El arte de volver\u2019<br \/>\n        <\/a><\/p>\n<p>  Sorprender<\/p>\n<p class=\"article-body__text \">\n        Con todos estos y otros elementos se va dando forma y fondo a un libro que \u201ces muy sorprendente; la gente no se espera lo que lee\u201d, tambi\u00e9n porque las ideas preconcebidas que se asocian a cada color pueden despistar. <strong>\u201cHay que desaprender las ideas b\u00e1sicas que tenemos sobre los colores y lo que significan\u201d<\/strong>. Pasa con el relato Rosa. \u201cEs uno de los que m\u00e1s est\u00e1 gustando porque a la gente le recuerda a Patricia Highsmith, le recuerda la idea de transformar lo cotidiano en algo extra\u00f1o y perturbador. Para m\u00ed es un elogio\u201d.\n<\/p>\n<p>            <a href=\"https:\/\/www.noticiasdealava.eus\/cultura\/2025\/10\/11\/juanjo-lafuente-trevino-publica-primer-libro-penumbra-encontre-amor-vitoria-gasteiz-alava-araba-10197980.html\" title=\"Juanjo Lafuente Trevi\u00f1o publica su primer libro, \u2018En la penumbra encontr\u00e9 el amor\u2019\" class=\"new__media\" rel=\"nofollow noopener\" target=\"_blank\"><\/p>\n<p>                <img alt=\"Juanjo Lafuente Trevi\u00f1o publica su primer libro, \u2018En la penumbra encontr\u00e9 el amor\u2019\" data-src=\"https:\/\/www.europesays.com\/es\/wp-content\/uploads\/2025\/10\/ea13247b-a554-47e8-a3e5-c9185d24126a_16-9-aspect-ratio_default_0_x727y362.jpg\" class=\"lozad\"\/><\/p>\n<p>        <\/a><\/p>\n<p>        <a href=\"https:\/\/www.noticiasdealava.eus\/cultura\/2025\/10\/11\/juanjo-lafuente-trevino-publica-primer-libro-penumbra-encontre-amor-vitoria-gasteiz-alava-araba-10197980.html\" title=\"Juanjo Lafuente Trevi\u00f1o publica su primer libro, \u2018En la penumbra encontr\u00e9 el amor\u2019\" class=\"new__headline\" rel=\"nofollow noopener\" target=\"_blank\"><br \/>\n            Juanjo Lafuente Trevi\u00f1o publica su primer libro, \u2018En la penumbra encontr\u00e9 el amor\u2019<br \/>\n        <\/a><\/p>\n<p class=\"article-body__text \">\n        Aunque cada historia es \u00fanica y diferente, otro de los hilos que cruzan la publicaci\u00f3n tiene que ver con los recuerdos. \u201cEs algo que atraviesa todo el libro, el pensamiento de cu\u00e1les son los recuerdos m\u00e1s importantes, si los vividos o los que nunca hemos vivido aunque tengamos la sensaci\u00f3n de que s\u00ed. <strong>De qu\u00e9 nos arrepentimos m\u00e1s, de lo que hacemos o de lo que no<\/strong>. Esas ideas est\u00e1n en el libro y los lectores es posible que despu\u00e9s de cada relato reflexionen sobre ellas. Las preguntas est\u00e1n\u201d.\n<\/p>\n<p>            <a href=\"https:\/\/www.noticiasdealava.eus\/cultura\/2025\/10\/13\/yoanna-mojon-publica-poemario-eterno-color-otono-poesia-verso-literatura-vitoria-gasteiz-alava-araba-10189780.html\" title=\"Yoanna Moj\u00f3n publica el poemario, \u2018Eterno color de oto\u00f1o\u2019\" class=\"new__media\" rel=\"nofollow noopener\" target=\"_blank\"><\/p>\n<p>                <img alt=\"Yoanna Moj\u00f3n publica el poemario, \u2018Eterno color de oto\u00f1o\u2019\" data-src=\"https:\/\/www.europesays.com\/es\/wp-content\/uploads\/2025\/10\/fcfdb89a-ed50-4c0e-9f8a-7b2c9abbf17a_16-9-aspect-ratio_default_0_x827y447.jpg\" class=\"lozad\"\/><\/p>\n<p>        <\/a><\/p>\n<p>        <a href=\"https:\/\/www.noticiasdealava.eus\/cultura\/2025\/10\/13\/yoanna-mojon-publica-poemario-eterno-color-otono-poesia-verso-literatura-vitoria-gasteiz-alava-araba-10189780.html\" title=\"Yoanna Moj\u00f3n publica el poemario, \u2018Eterno color de oto\u00f1o\u2019\" class=\"new__headline\" rel=\"nofollow noopener\" target=\"_blank\"><br \/>\n            Yoanna Moj\u00f3n publica el poemario, \u2018Eterno color de oto\u00f1o\u2019<br \/>\n        <\/a><\/p>\n<p class=\"article-body__text \">\n        As\u00ed lo explica una autora que aunque hasta ahora se ha desenvuelto sobre todo en la novela, tambi\u00e9n ha trabajado el relato. \u201cTodo es escribir, pero el formato influye. <strong>El relato es m\u00e1s dif\u00edcil porque tienes que ser capaz de dominar mejor lo que es la elipsis<\/strong>. Debes tener una t\u00e9cnica m\u00e1s depurada. Tienes que contar todo de una manera mucho m\u00e1s exacta\u201d.<\/p>\n","protected":false},"excerpt":{"rendered":"Diez colores, diez relatos. Abre la publicaci\u00f3n Crema porque, de hecho, fue el primero en ser creado hace&hellip;\n","protected":false},"author":2,"featured_media":182614,"comment_status":"","ping_status":"","sticky":false,"template":"","format":"standard","meta":{"footnotes":""},"categories":[172],"tags":[3935,11097,3936,224,5969,11692,19922,146,147,25,24,3142,1496,225,524,17062,4877,4500,25378,23,27036],"class_list":{"0":"post-182613","1":"post","2":"type-post","3":"status-publish","4":"format-standard","5":"has-post-thumbnail","7":"category-libros","8":"tag-alava","9":"tag-algunas","10":"tag-araba","11":"tag-books","12":"tag-caracter","13":"tag-color","14":"tag-cosas","15":"tag-entertainment","16":"tag-entretenimiento","17":"tag-es","18":"tag-espana","19":"tag-garcia","20":"tag-libro","21":"tag-libros","22":"tag-nuevo","23":"tag-peculiar","24":"tag-pena","25":"tag-publica","26":"tag-relato","27":"tag-spain","28":"tag-veronica"},"share_on_mastodon":{"url":"","error":""},"_links":{"self":[{"href":"https:\/\/www.europesays.com\/es\/wp-json\/wp\/v2\/posts\/182613","targetHints":{"allow":["GET"]}}],"collection":[{"href":"https:\/\/www.europesays.com\/es\/wp-json\/wp\/v2\/posts"}],"about":[{"href":"https:\/\/www.europesays.com\/es\/wp-json\/wp\/v2\/types\/post"}],"author":[{"embeddable":true,"href":"https:\/\/www.europesays.com\/es\/wp-json\/wp\/v2\/users\/2"}],"replies":[{"embeddable":true,"href":"https:\/\/www.europesays.com\/es\/wp-json\/wp\/v2\/comments?post=182613"}],"version-history":[{"count":0,"href":"https:\/\/www.europesays.com\/es\/wp-json\/wp\/v2\/posts\/182613\/revisions"}],"wp:featuredmedia":[{"embeddable":true,"href":"https:\/\/www.europesays.com\/es\/wp-json\/wp\/v2\/media\/182614"}],"wp:attachment":[{"href":"https:\/\/www.europesays.com\/es\/wp-json\/wp\/v2\/media?parent=182613"}],"wp:term":[{"taxonomy":"category","embeddable":true,"href":"https:\/\/www.europesays.com\/es\/wp-json\/wp\/v2\/categories?post=182613"},{"taxonomy":"post_tag","embeddable":true,"href":"https:\/\/www.europesays.com\/es\/wp-json\/wp\/v2\/tags?post=182613"}],"curies":[{"name":"wp","href":"https:\/\/api.w.org\/{rel}","templated":true}]}}