{"id":182615,"date":"2025-10-17T10:05:09","date_gmt":"2025-10-17T10:05:09","guid":{"rendered":"https:\/\/www.europesays.com\/es\/182615\/"},"modified":"2025-10-17T10:05:09","modified_gmt":"2025-10-17T10:05:09","slug":"juan-del-val-revela-en-el-hormiguero-que-hara-con-el-millon-de-euros-del-premio-planeta","status":"publish","type":"post","link":"https:\/\/www.europesays.com\/es\/182615\/","title":{"rendered":"Juan del Val revela en \u00abEl hormiguero\u00bb qu\u00e9 har\u00e1 con el mill\u00f3n de euros del premio Planeta"},"content":{"rendered":"<p>\t\t\t \t\t \t\t\t\t\t\t\tJuan del Val acudi\u00f3 a \u00abEl Hormiguero\u00bb con el premio Planeta <strong class=\"pd-l\">.  <\/strong><\/p>\n<p class=\"first-paragraph txt\">Apenas 24 horas despu\u00e9s de convertirse en e<a class=\"link-txt\" href=\"https:\/\/www.lavozdegalicia.es\/noticia\/cultura\/2025\/10\/15\/premio-planeta-juan-val-novela-sobre-liberacion-personal-mujer\/00031760550717084251703.htm\" rel=\"nofollow noopener\" target=\"_blank\">l flamante ganador del premio Planeta<\/a> con su novela Vera, una historia de amor, y todav\u00eda asimilando el reconocimiento m\u00e1s importante de su carrera \u2014dotado adem\u00e1s con un mill\u00f3n de euros con los que se confiesa encantado\u2014,<a class=\"link-txt\" href=\"https:\/\/www.lavozdegalicia.es\/noticia\/television\/2025\/10\/16\/juan-val-polemico-tertuliano-marido-nuria-roca\/00031760599568928629804.htm\" rel=\"nofollow noopener\" target=\"_blank\"> <strong>Juan del Val<\/strong> <\/a>acud\u00eda a su cita semanal con en <a href=\"https:\/\/www.lavozdegalicia.es\/temas\/el-hormiguero\" rel=\"nofollow noopener\" target=\"_blank\">El hormiguero<\/a> con su galard\u00f3n en la mano. A su lado, una <strong>Nuria Roca<\/strong> m\u00e1s orgullosa que nunca de su marido, y con una sonrisa permanente que no se le ha borrado en toda la noche.<\/p>\n<p class=\"txt\">A pesar de que muchos en su caso hubiesen optado por tomarse un descanso para disfrutar de su premio en compa\u00f1\u00eda de los suyos, el colaborador ha querido cumplir con su cita semanal con el programa que presenta <a href=\"https:\/\/www.lavozdegalicia.es\/temas\/pablo-motos\" rel=\"nofollow noopener\" target=\"_blank\">Pablo Motos<\/a>, y llevarles el galard\u00f3n en primicia, para \u00abdemostraros lo importantes que sois para m\u00ed\u00bb. \u00abLo he robado porque se lo ten\u00edan que llevar a grabarlo pero quer\u00eda traerlo aqu\u00ed\u00bb, explicaba con una sonrisa.<\/p>\n<p class=\"txt\">En el plat\u00f3 revel\u00f3 que, aunque en un principio estaba tranquilo, \u00abal final de la gala, cuando ve\u00eda que hab\u00eda posibilidades porque vas viendo que puede funcionar, va creciendo la emoci\u00f3n, el miedo&#8230; pero tom\u00e9 una decisi\u00f3n consciente de disfrutarlo. No quer\u00eda decir que no me acordaba de nada si suced\u00eda\u00bb. \u00abCuando escuch\u00e9 el nombre y ten\u00eda que subir, dije &#8216;voy a ir caminando despacio&#8217;. Quer\u00eda contar cosas. <strong>Fue emocionante<\/strong>\u00bb, relat\u00f3.\u00a0<\/p>\n<p class=\"txt\">Lo m\u00e1s conmovedor de su discurso, sin duda, su dedicatoria a sus tres hijos, Juan, Pau y Olivia, a sus padres, y a Nuria, a la que se dedic\u00f3 directamente desde el escenario para emocionar a todos al confesar que \u00absin ti esto ser\u00eda imposible, esto no tendr\u00eda sentido. Cada vez que te miro, llevo 30 a\u00f1os mir\u00e1ndote, casi 30 a\u00f1os mir\u00e1ndote, descubro la suerte que tengo. Te amo, eres mi vida, te quiero\u00bb.<\/p>\n<p class=\"txt\">\n<p>\t\t\t\t&#13;<br \/>\n&#13;<br \/>\n&#13;<br \/>\n\t&#13;<br \/>\n&#13;<br \/>\n\t&#13;<\/p>\n<p>\t\t\t<a href=\"https:\/\/www.lavozdegalicia.es\/video\/cultura\/2025\/10\/16\/juan-val-afirma-novela-historia-amor-direcciones\/0031_2025104ezglO0L.htm\" data-analytics=\"link-embed\" rel=\"nofollow noopener\" target=\"_blank\">Juan del Val afirma que su novela es una historia de amor \u00aben todas las direcciones\u00bb<\/a><\/p>\n<p class=\"a-min-author\">La Voz<\/p>\n<p>\t&#13;<br \/>\n&#13;<br \/>\n&#13;<br \/>\n&#13;<br \/>\n&#13;<\/p>\n<p class=\"txt\">Una preciosa declaraci\u00f3n de amor a la que la presentadora ha respondido en El hormiguero: \u00abEs evidente que Juan es tan importante para m\u00ed como yo para \u00e9l. Gracias a \u00e9l soy mejor persona\u00bb. \u00abHay conceptos que he aprendido e interiorizado para definirle. Es desprendido, que significa tremendamente generoso, por encima de la generosidad. Sabe priorizar las cosas, es pragm\u00e1tico&#8230; <strong>Es el amor de mi vid<\/strong>a. Una gran persona\u00bb, aseguraba,\u00a0antes de fundirse\u00a0en un apasionado beso con su marido, fiel reflejo de lo enamorad\u00edsimos que est\u00e1n.<\/p>\n<p class=\"txt\">Divertida, Nuria Roca\u00a0revel\u00f3 c\u00f3mo vivi\u00f3 ella la gala del Planeta en un discreto segundo plano. \u00abLlevaba los labios rojo carmes\u00ed y termin\u00e9 con todo alrededor y nadie fue capaz de decirme nada. Te lo cuento para que veas la poca importancia que ten\u00eda yo\u00bb,\u00a0contaba\u00a0entre risas, explicando que esa noche luc\u00eda el mismo vestido que el d\u00eda anterior porque \u00abnadie se ha fijado en m\u00ed, as\u00ed que como me gusta tanto he aprovechado y me lo traigo al plat\u00f3\u00bb.<\/p>\n<p class=\"ladillo\">Un premio de un mill\u00f3n de euros<\/p>\n<p class=\"txt\">Juan del Val tambi\u00e9n habl\u00f3 en El hormiguero del premio de un mill\u00f3n de euros que supone hacerse con el Planeta. \u00abHoy he decidido entrar en el m\u00f3vil y ten\u00eda como 400 y pico chats abiertos, pido perd\u00f3n a todo el mundo que no he podido contestar\u00bb. Tras esta confesi\u00f3n, Tamara Tamara Falc\u00f3 le\u00a0advert\u00eda: \u00abTen cuidado porque es mucho dinero en met\u00e1lico tambi\u00e9n. Si esos 400 mensajes te han empezado a escribir ahora\u2026\u00bb.<\/p>\n<p class=\"txt\">\u00ab<strong>La mitad para Hacienda<\/strong>, pero tampoco me voy a quejar\u00bb, explicaba\u00a0Juan del Val. Y aseguraba que\u00a0\u00abno me ha llegado a la cuenta todav\u00eda, no s\u00e9 cu\u00e1l es el proceso\u00bb. Eso s\u00ed, ante el montante que recibir\u00e1 pr\u00f3ximamente, Juan del Val asegura que seguir\u00e1 trabajando. \u00abPara m\u00ed, El hormiguero es muy importante. Mi vida es demasiado maravillosa como para cambiarla. Seguir\u00e9 siendo guionista de El hormiguero y colaborador en tertulias. Estar\u00e9 aqu\u00ed todos los martes y jueves, as\u00ed como los s\u00e1bados en La Roca\u00bb, a\u00f1ad\u00eda, confirmando que seguir\u00e1 saliendo en televisi\u00f3n como hasta hora.<\/p>\n<p class=\"txt\">\n<p>\t\t\t\t\t\t\t\t\t\t\t\t&#13;<br \/>\n\t\t\t\t\t\t\t\t&#13;<br \/>\n&#13;<br \/>\n&#13;<\/p>\n<p>\t\t\t&#13;<br \/>\n\t&#13;<\/p>\n<p>\t\t\t<a href=\"https:\/\/www.lavozdegalicia.es\/noticia\/cultura\/2025\/10\/17\/juan-val-houellebecq-me-encanta-defiendo-entretenimiento-facil-simple\/0003_202510G17P37993.htm\" data-analytics=\"link-embed\" rel=\"nofollow noopener\" target=\"_blank\">Juan del Val: \u00abHouellebecq me encanta, pero defiendo el entretenimiento, lo f\u00e1cil, no lo simple\u00bb<\/a><\/p>\n<p class=\"a-min-author\">\n<p>\t\t\t\t\t\t\t\t\t\t\tH. J. P.<\/p>\n<p>\t&#13;<br \/>\n\t&#13;<br \/>\n&#13;<\/p>\n<p class=\"txt\">Eso s\u00ed, ped\u00eda que durante la promoci\u00f3n del libro, que comenzar\u00e1 pr\u00f3ximamente, no se pisen con sus apariciones en la televisi\u00f3n. \u00abQue no se les ocurra a los del <a class=\"link-txt\" href=\"https:\/\/www.lavozdegalicia.es\/temas\/premio-planeta\" rel=\"nofollow noopener\" target=\"_blank\">premio Planeta<\/a>. Hay tiempo para todo. Hay otros d\u00edas en la semana que se pueden gestionar\u00bb, a\u00f1ad\u00eda divertido.\u00a0<\/p>\n<p class=\"ladillo\">El apasionado beso de Nuria Roca y Juan del Val en la gala<\/p>\n<p class=\"txt\">Tras el discurso, <strong>Juan del Val<\/strong> corr\u00eda a besar los labios de <strong>Nuria Roca<\/strong>, protagonizando unas im\u00e1genes de lo m\u00e1s entra\u00f1ables en las que se pudo ver el gran amor de la pareja, que en m\u00e1s de una ocasi\u00f3n se ha cuestionado.<\/p>\n<blockquote class=\"instagram-media\" data-instgrm-captioned=\"\" data-instgrm-permalink=\"https:\/\/www.instagram.com\/p\/DP3K8LSDG_r\/?utm_source=ig_embed&amp;utm_campaign=loading\" data-instgrm-version=\"14\" style=\" background:#FFF; border:0; border-radius:3px; box-shadow:0 0 1px 0 rgba(0,0,0,0.5),0 1px 10px 0 rgba(0,0,0,0.15); margin: 1px; max-width:658px; min-width:326px; padding:0; width:99.375%; width:-webkit-calc(100% - 2px); width:calc(100% - 2px);\"\/>\n<p class=\"txt\">Orgullosa del premio de su marido, la presentadora de televisi\u00f3n\u00a0le dedic\u00f3 horas despu\u00e9s\u00a0unas palabras a trav\u00e9s de sus redes sociales:\u00a0\u00abMientras creabas su universo \u00e9l de la novela,\u00a0observaba c\u00f3mo te emocionabas, c\u00f3mo el amor transcurr\u00eda en todas direcciones, en cada personaje y en cada relaci\u00f3n, c\u00f3mo eres capaz de crear un universo \u00fanico&#8230; tienes tanta personalidad escribiendo que cada frase trasciende a lo que cuentas Juan&#8230; Gracias\u00bb.<\/p>\n<p>&#13;<br \/>\n\tArchivado en:&#13;<br \/>\n\t\t\t\t\t<a href=\"https:\/\/www.lavozdegalicia.es\/temas\/premio-planeta\/\" target=\"_blank\" class=\"mg-l\" rel=\"nofollow noopener\">Premio Planeta<\/a>&#13;<br \/>\n\t\t\t\t\t<a href=\"https:\/\/www.lavozdegalicia.es\/temas\/el-hormiguero\/\" target=\"_blank\" class=\"mg-l\" rel=\"nofollow noopener\">El Hormiguero<\/a>&#13;<br \/>\n\t&#13;<\/p>\n<p>\t\t\t\t<script async src=\"\/\/www.instagram.com\/embed.js\"><\/script><\/p>\n","protected":false},"excerpt":{"rendered":"Juan del Val acudi\u00f3 a \u00abEl Hormiguero\u00bb con el premio Planeta . Apenas 24 horas despu\u00e9s de convertirse&hellip;\n","protected":false},"author":2,"featured_media":182616,"comment_status":"","ping_status":"","sticky":false,"template":"","format":"standard","meta":{"footnotes":""},"categories":[171],"tags":[5813,146,147,25,24,4042,23,214],"class_list":{"0":"post-182615","1":"post","2":"type-post","3":"status-publish","4":"format-standard","5":"has-post-thumbnail","7":"category-tv","8":"tag-el-hormiguero","9":"tag-entertainment","10":"tag-entretenimiento","11":"tag-es","12":"tag-espana","13":"tag-premio-planeta","14":"tag-spain","15":"tag-tv"},"share_on_mastodon":{"url":"","error":""},"_links":{"self":[{"href":"https:\/\/www.europesays.com\/es\/wp-json\/wp\/v2\/posts\/182615","targetHints":{"allow":["GET"]}}],"collection":[{"href":"https:\/\/www.europesays.com\/es\/wp-json\/wp\/v2\/posts"}],"about":[{"href":"https:\/\/www.europesays.com\/es\/wp-json\/wp\/v2\/types\/post"}],"author":[{"embeddable":true,"href":"https:\/\/www.europesays.com\/es\/wp-json\/wp\/v2\/users\/2"}],"replies":[{"embeddable":true,"href":"https:\/\/www.europesays.com\/es\/wp-json\/wp\/v2\/comments?post=182615"}],"version-history":[{"count":0,"href":"https:\/\/www.europesays.com\/es\/wp-json\/wp\/v2\/posts\/182615\/revisions"}],"wp:featuredmedia":[{"embeddable":true,"href":"https:\/\/www.europesays.com\/es\/wp-json\/wp\/v2\/media\/182616"}],"wp:attachment":[{"href":"https:\/\/www.europesays.com\/es\/wp-json\/wp\/v2\/media?parent=182615"}],"wp:term":[{"taxonomy":"category","embeddable":true,"href":"https:\/\/www.europesays.com\/es\/wp-json\/wp\/v2\/categories?post=182615"},{"taxonomy":"post_tag","embeddable":true,"href":"https:\/\/www.europesays.com\/es\/wp-json\/wp\/v2\/tags?post=182615"}],"curies":[{"name":"wp","href":"https:\/\/api.w.org\/{rel}","templated":true}]}}