{"id":182617,"date":"2025-10-17T10:06:12","date_gmt":"2025-10-17T10:06:12","guid":{"rendered":"https:\/\/www.europesays.com\/es\/182617\/"},"modified":"2025-10-17T10:06:12","modified_gmt":"2025-10-17T10:06:12","slug":"quien-fue-ace-frehley-ex-guitarrista-de-kiss-que-murio-hoy-grupo-milenio","status":"publish","type":"post","link":"https:\/\/www.europesays.com\/es\/182617\/","title":{"rendered":"Qui\u00e9n fue Ace Frehley, ex guitarrista de Kiss, que muri\u00f3 HOY- Grupo Milenio"},"content":{"rendered":"<p>Los amantes del <strong><a href=\"https:\/\/www.milenio.com\/comunidad\/alfenique-rock-2025-toluca-que-calles-estaran-cerradas-por-conciertos\" target=\"_blank\" rel=\"nofollow noopener\">rock<\/a>\u00a0<\/strong>se han mostrado preocupados, pues este jueves 16 de octubre se dio a conocer que<strong> Ace Frehley<\/strong>, quien fuera miembro de la agrupaci\u00f3n <strong><a href=\"https:\/\/www.milenio.com\/espectaculos\/famosos\/gene-simmons-revela-secreto-400-millones\" target=\"_blank\" rel=\"nofollow noopener\">Kiss<\/a><\/strong>, estaba no solo <strong>hospitalizado<\/strong>, sino tambi\u00e9n <strong>conectado a un <a href=\"https:\/\/www.milenio.com\/politica\/comunidad\/leon-pareja-asalta-puesto-elotes-en-bosques-de-la-presa-video\" target=\"_blank\" rel=\"nofollow noopener\">ventilador<\/a><\/strong>. Momentos m\u00e1s tarde, <strong>se confirm\u00f3 su\u00a0 muerte<\/strong> y en MILENIO te contamos qui\u00e9n era y por qu\u00e9 fue trascendente.<\/p>\n<p>A trav\u00e9s de las<strong> redes sociales<\/strong> se corri\u00f3 el rumor sobre la muerte del famoso; sin embargo, esto dio pie a que se aclarara que, aunque <strong>segu\u00eda con signos vitales,<\/strong> el pron\u00f3stico no era alentador ya que fue v\u00edctima de una ca\u00edda que le provoc\u00f3 una<strong> <a href=\"https:\/\/www.milenio.com\/internacional\/muere-piloto-evan-hill-sufrio-hemorragia-cerebral-mientras-dormia\" target=\"_blank\" rel=\"nofollow noopener\">hemorragia cerebral<\/a>. La tarde de este jueves, fue desconectado del soporte vital.<\/strong><\/p>\n<p><strong style=\"color: rgb(192, 80, 77);\">\u00bfQui\u00e9n era Ace Frehley?<\/strong><\/p>\n<p>Ace Frehley, cuyo nombre real era\u00a0<strong>Paul Daniel Frehley<\/strong>, fue un m\u00fasico estadounidense que se volvi\u00f3 c\u00e9lebre por haber sido el guitarrista y uno de los fundadores del grupo de rock Kiss.<\/p>\n<p>Junto a <strong>Gene Simmons<\/strong>, <strong><a href=\"https:\/\/www.milenio.com\/espectaculos\/cine\/nick-jonas-interpretara-a-paul-stanley-banda-kiss-pelicula-biografica\" target=\"_blank\" rel=\"nofollow noopener\">Paul Stanley<\/a><\/strong> y <strong>Peter Criss<\/strong>, Frehley form\u00f3 la banda en <strong>1973 <\/strong>y adopt\u00f3 la personalidad esc\u00e9nica de <strong>Space Ace <\/strong>o <strong>Spaceman<\/strong>, debido a su afici\u00f3n por la astronom\u00eda y los ovnis.<\/p>\n<p>Si bien fue testigo del \u00e9xito que Kiss tuvo tras su lanzamiento oficial, el famoso estuvo en la banda hasta 1982, momento en que se lanz\u00f3 como solista, al tiempo que form\u00f3 el proyecto <strong>Frehley&#8217;s Comet.<\/strong><\/p>\n<p>Cabe destacar que a pesar de ello, anunci\u00f3 su regreso a Kiss en 1996 para la exitosa gira de reuni\u00f3n de la formaci\u00f3n original y permaneci\u00f3 con ellos hasta 2002, para retomar su proyecto solista que a la fecha, lo manten\u00eda en giras mundiales.<\/p>\n<p><strong style=\"color: rgb(192, 80, 77);\">As\u00ed fue la infancia de Ace Frehley antes de la fama con Kiss<\/strong><\/p>\n<p>El originario de <strong><a href=\"https:\/\/www.milenio.com\/internacional\/mujeres-mueren-reto-subway-surf-metro-ny\" target=\"_blank\" rel=\"nofollow noopener\">Nueva York<\/a>\u00a0<\/strong>y quien ten\u00eda<strong>\u00a074 a\u00f1os de edad,<\/strong> proced\u00eda de una familia de tres hermanos donde cada uno de ellos presum\u00eda tener estudios de licenciatura. Su hermana mayor y de nombre <strong>Nancy<\/strong>, se sabe que cuenta con una Maestr\u00eda en Qu\u00edmica, mientras que su hermano <strong>Charles <\/strong>es m\u00fasico aunque en su caso, cuenta con estudios en  guitarra cl\u00e1sica. <\/p>\n<p>La dedicaci\u00f3n de ambos hermanos llev\u00f3 a Ace a ser considerado<strong> \u00abla oveja negra\u00bb <\/strong>pues desde muy temprana edad demostr\u00f3 tener malas calificaciones; no obstante, para \u00e9l lo importante era la m\u00fasica, m\u00e1s al tener padres que tocaban el piano. <\/p>\n<p>En ese sentido, trasciende que su padre llevaba por nombre<strong>  Carl Frehley<\/strong> y era de ascendencia <strong>alemana<\/strong>, con estudios en ingenier\u00eda electr\u00f3nica aunque dedicado a tocar el piano. Su madre, llamada <strong>Esther <\/strong>y quien era de sangre cherokee, se dedicaba al hogar y claro, al cuidado de sus hijos.\u00a0<\/p>\n<p>Ambos esposos sol\u00edan tocar para una<strong>  Iglesia Luterana<\/strong>, por lo que tanto Ace como su hermano, mostraron inter\u00e9s en la guitarra siendo solo  el ex miembro de Kiss quien trascendi\u00f3 en ello. <\/p>\n<p><strong style=\"color: rgb(192, 80, 77);\">As\u00ed fue su llegada a Kiss <\/strong><\/p>\n<p>Ace Frehley, quien estudi\u00f3 solo hasta la preparatoria, era parte de las pandillas que en la d\u00e9cada de los 70 abundaban en Nueva York. Incluso, formaba parte de una llamada  <strong>The Hooky Boys<\/strong>, que se caracterizaba por meterse en problemas y peleas con frecuencia. <\/p>\n<p>Paralelo a esta vida de rebeld\u00eda, para el joven Ace era importante la m\u00fasica, por lo que en 1972 se encontr\u00f3 con un anuncio  en el <strong>Village Voice <\/strong>en el que se pod\u00eda leer: <\/p>\n<blockquote><p>\u00abSE BUSCA GUITARRISTA L\u00cdDER. Con habilidad y destello. \u00c1lbum en puerta. No desperdiciadores de tiempo por favor. Paul\u00bb. <\/p><\/blockquote>\n<p>Luego de un breve casting, se convertir\u00eda en uno de los miembros fundadores de Kiss y claro, en una de las leyendas del rock reconocida a nivel mundial. <\/p>\n<p><strong style=\"color: rgb(192, 80, 77);\">Este era el estado de salud de Ace Frehley<\/strong><\/p>\n<p>A trav\u00e9s de las redes sociales, se corri\u00f3 el rumor sobre la muerte del m\u00fasico de 74 a\u00f1os, sin embargo, el medio <strong>TMZ <\/strong>destac\u00f3 que se encontraba conectado a <strong>soporte vital<\/strong> tras haber sufrido una hemorragia cerebral. <\/p>\n<p>Este diagn\u00f3stico se dio luego de una  <strong>ca\u00edda que el m\u00fasico tuviera en su estudio de grabaci\u00f3n<\/strong> hace unas semanas y, a pesar de haber sido llevado aun hospital, se ha mencionado que <strong>su salud no muestra mejora. <\/strong><\/p>\n<p>Por ello, la familia de Ace hab\u00eda considerado <strong>desconectarlo <\/strong>y, de acuerdo con TMZ, esto podr\u00eda ser la misma noche de <strong>este jueves 16 de octubre. <\/strong><\/p>\n<p>No obstante, fue para la tarde de este mismo jueves, cuando el medio antes mencionado<strong> confirm\u00f3 que el m\u00fasico ya hab\u00eda sido desconectado <\/strong>del soporte vital, generando decenas de reacciones.\u00a0<\/p>\n<blockquote><p>\u00abEl legendario m\u00fasico muri\u00f3 el jueves despu\u00e9s de ser hospitalizado y conectado a soporte vital&#8230; y la familia tom\u00f3 la dif\u00edcil decisi\u00f3n de apagar su respirador\u00bb, inform\u00f3.\u00a0<\/p><\/blockquote>\n<p>    \t<img decoding=\"async\" alt=\"__icon\" class=\"nd-related-news-detail-media-dual__icon\" src=\"https:\/\/www.milenio.com\/bundles\/appcamusassets\/dist\/images\/svg\/arrow-circle-right-solid.svg\" width=\"15\" height=\"15\" onerror=\"this.onerror=null;this.src=\\'\/bundles\/appcamusassets\/dist\/images\/logo-Milenio-2.jpg\\'\" loading=\"lazy\"\/><br \/>\n    Te recomendamos&#8230;<\/p>\n<p>MBL\u00a0<\/p>\n","protected":false},"excerpt":{"rendered":"Los amantes del rock\u00a0se han mostrado preocupados, pues este jueves 16 de octubre se dio a conocer que&hellip;\n","protected":false},"author":2,"featured_media":182618,"comment_status":"","ping_status":"","sticky":false,"template":"","format":"standard","meta":{"footnotes":""},"categories":[170],"tags":[146,147,25,24,51548,51728,51729,5982,4272,51727,51726,184,185,51731,51730,51725,1273,8962,23],"class_list":{"0":"post-182617","1":"post","2":"type-post","3":"status-publish","4":"format-standard","5":"has-post-thumbnail","7":"category-musica","8":"tag-entertainment","9":"tag-entretenimiento","10":"tag-es","11":"tag-espana","12":"tag-estado-de-salud-ace-frehley","13":"tag-gitarrista","14":"tag-guitarrista-kiss","15":"tag-hard-rock","16":"tag-kiss","17":"tag-leyenas-del-rock","18":"tag-muerte-de-ace-frehley","19":"tag-music","20":"tag-musica","21":"tag-musicos-de-kiss","22":"tag-que-le-paso-a-ace-frehley","23":"tag-quien-es-ace-frehley","24":"tag-rock","25":"tag-rock-clasico","26":"tag-spain"},"share_on_mastodon":{"url":"","error":""},"_links":{"self":[{"href":"https:\/\/www.europesays.com\/es\/wp-json\/wp\/v2\/posts\/182617","targetHints":{"allow":["GET"]}}],"collection":[{"href":"https:\/\/www.europesays.com\/es\/wp-json\/wp\/v2\/posts"}],"about":[{"href":"https:\/\/www.europesays.com\/es\/wp-json\/wp\/v2\/types\/post"}],"author":[{"embeddable":true,"href":"https:\/\/www.europesays.com\/es\/wp-json\/wp\/v2\/users\/2"}],"replies":[{"embeddable":true,"href":"https:\/\/www.europesays.com\/es\/wp-json\/wp\/v2\/comments?post=182617"}],"version-history":[{"count":0,"href":"https:\/\/www.europesays.com\/es\/wp-json\/wp\/v2\/posts\/182617\/revisions"}],"wp:featuredmedia":[{"embeddable":true,"href":"https:\/\/www.europesays.com\/es\/wp-json\/wp\/v2\/media\/182618"}],"wp:attachment":[{"href":"https:\/\/www.europesays.com\/es\/wp-json\/wp\/v2\/media?parent=182617"}],"wp:term":[{"taxonomy":"category","embeddable":true,"href":"https:\/\/www.europesays.com\/es\/wp-json\/wp\/v2\/categories?post=182617"},{"taxonomy":"post_tag","embeddable":true,"href":"https:\/\/www.europesays.com\/es\/wp-json\/wp\/v2\/tags?post=182617"}],"curies":[{"name":"wp","href":"https:\/\/api.w.org\/{rel}","templated":true}]}}