{"id":182624,"date":"2025-10-17T10:10:14","date_gmt":"2025-10-17T10:10:14","guid":{"rendered":"https:\/\/www.europesays.com\/es\/182624\/"},"modified":"2025-10-17T10:10:14","modified_gmt":"2025-10-17T10:10:14","slug":"la-familia-de-diane-keaton-anuncia-que-murio-de-una-neumonia","status":"publish","type":"post","link":"https:\/\/www.europesays.com\/es\/182624\/","title":{"rendered":"La familia de Diane Keaton anuncia que muri\u00f3 de una neumon\u00eda"},"content":{"rendered":"<p>Redacci\u00f3n Internacional (EFE).- La actriz estadounidense Diane Keaton muri\u00f3 el pasado 11 de octubre a los 79 a\u00f1os como consecuencia de una neumon\u00eda, seg\u00fan ha informado su familia a la revista People.<\/p>\n<p>En el momento en el que se anunci\u00f3 su fallecimiento no se comunic\u00f3 ni el lugar ni los motivos y los familiares pidieron en un primer momento privacidad.<\/p>\n<p>\u00abLa familia Keaton est\u00e1 muy agradecida por los extraordinarios mensajes de amor y apoyo que han recibido estos \u00faltimos d\u00edas en nombre de su querida Diane, fallecida el 11 de octubre a causa de una neumon\u00eda\u00bb, apunta el comunicado difundido ahora y enviado a People, la primera que inform\u00f3 de su muerte, que se produjo en California.<\/p>\n<p><img loading=\"lazy\" data-recalc-dims=\"1\" decoding=\"async\" width=\"900\" height=\"600\" src=\"https:\/\/www.europesays.com\/es\/wp-content\/uploads\/2025\/10\/diane-keaton-neumonia.webp\" alt=\"Imagen de 2022 de la actriz Diane Keaton\" class=\"wp-image-2222527\"  \/>Imagen de 2022 de la actriz Diane Keaton. EFE\/EPA\/Caroline Brehman<\/p>\n<p>Una fuente explic\u00f3 a People el 11 de octubre que su salud se hab\u00eda deteriorado r\u00e1pidamente y que en sus \u00faltimos meses hab\u00eda estado rodeada de sus familiares m\u00e1s cercanos, que hab\u00edan querido mantener en privado la situaci\u00f3n. Incluso amigos de larga data, seg\u00fan la misma, no estaban del todo al corriente de lo que pasaba.<\/p>\n<p>La familia aprovech\u00f3 el comunicado para abogar por causas que le apasionaban.<\/p>\n<p>\u00abAmaba a sus animales y apoyaba incondicionalmente a las personas sin hogar, por lo que cualquier donaci\u00f3n en su memoria a un banco de alimentos local o a un refugio de animales ser\u00eda un homenaje maravilloso y muy apreciado para ella\u00bb, dijo esa nota.<br \/>Keaton trabaj\u00f3 como actriz, directora y productora durante una carrera de m\u00e1s de medio siglo, que se inici\u00f3 con \u2018Lovers and Other Strangers\u2019 (\u2018Amantes y otros extra\u00f1os\u2019) en 1970.<\/p>\n<p>Un <a href=\"https:\/\/efe.com\/cultura\/2025-02-24\/actores-actrices-mas-premios-oscar-historia\/\" rel=\"nofollow noopener\" target=\"_blank\">\u00d3scar a mejor actriz protagonista<\/a>, dos Globos de Oro y un BAFTA respaldan toda una vida en la \u00e9lite desde que alcanz\u00f3 la fama mundial con la saga \u2018The Godfather\u2019 (\u2018El padrino\u2019), cuyas dos primeras entregas se estrenaron en 1972 y 1974, y con \u2018Annie Hall\u2019 (1977), dirigida por Woody Allen, que le vali\u00f3 la estatuilla dorada.<\/p>\n<p>\u2018Manhattan\u2019 (1979), \u2018Reds\u2019 (\u2018Rojos\u2019, 1981), \u2018Shoot the Moon\u2019 (\u2018Despu\u00e9s del amor\u2019, 1982), \u2018Marvin\u2019s Room\u2019 (\u2018La habitaci\u00f3n de Marvin\u2019, 1996) o \u2018Something\u2019s Gotta Give\u2019 (\u2018Cuando menos te lo esperas\u2019, 2003) son otros de los muchos t\u00edtulos aclamados por la cr\u00edtica en los que aparece Keaton. <\/p>\n","protected":false},"excerpt":{"rendered":"Redacci\u00f3n Internacional (EFE).- La actriz estadounidense Diane Keaton muri\u00f3 el pasado 11 de octubre a los 79 a\u00f1os&hellip;\n","protected":false},"author":2,"featured_media":182625,"comment_status":"","ping_status":"","sticky":false,"template":"","format":"standard","meta":{"footnotes":""},"categories":[91],"tags":[177,146,147,25,24,805,23,807],"class_list":{"0":"post-182624","1":"post","2":"type-post","3":"status-publish","4":"format-standard","5":"has-post-thumbnail","7":"category-entretenimiento","8":"tag-cine","9":"tag-entertainment","10":"tag-entretenimiento","11":"tag-es","12":"tag-espana","13":"tag-series","14":"tag-spain","15":"tag-television"},"share_on_mastodon":{"url":"","error":""},"_links":{"self":[{"href":"https:\/\/www.europesays.com\/es\/wp-json\/wp\/v2\/posts\/182624","targetHints":{"allow":["GET"]}}],"collection":[{"href":"https:\/\/www.europesays.com\/es\/wp-json\/wp\/v2\/posts"}],"about":[{"href":"https:\/\/www.europesays.com\/es\/wp-json\/wp\/v2\/types\/post"}],"author":[{"embeddable":true,"href":"https:\/\/www.europesays.com\/es\/wp-json\/wp\/v2\/users\/2"}],"replies":[{"embeddable":true,"href":"https:\/\/www.europesays.com\/es\/wp-json\/wp\/v2\/comments?post=182624"}],"version-history":[{"count":0,"href":"https:\/\/www.europesays.com\/es\/wp-json\/wp\/v2\/posts\/182624\/revisions"}],"wp:featuredmedia":[{"embeddable":true,"href":"https:\/\/www.europesays.com\/es\/wp-json\/wp\/v2\/media\/182625"}],"wp:attachment":[{"href":"https:\/\/www.europesays.com\/es\/wp-json\/wp\/v2\/media?parent=182624"}],"wp:term":[{"taxonomy":"category","embeddable":true,"href":"https:\/\/www.europesays.com\/es\/wp-json\/wp\/v2\/categories?post=182624"},{"taxonomy":"post_tag","embeddable":true,"href":"https:\/\/www.europesays.com\/es\/wp-json\/wp\/v2\/tags?post=182624"}],"curies":[{"name":"wp","href":"https:\/\/api.w.org\/{rel}","templated":true}]}}