{"id":182630,"date":"2025-10-17T10:13:12","date_gmt":"2025-10-17T10:13:12","guid":{"rendered":"https:\/\/www.europesays.com\/es\/182630\/"},"modified":"2025-10-17T10:13:12","modified_gmt":"2025-10-17T10:13:12","slug":"hamas-se-compromete-a-devolver-a-israel-todos-los-cadaveres-de-rehenes","status":"publish","type":"post","link":"https:\/\/www.europesays.com\/es\/182630\/","title":{"rendered":"Ham\u00e1s se compromete a devolver a Israel todos los cad\u00e1veres de rehenes"},"content":{"rendered":"<p>    <img src=\"https:\/\/www.europesays.com\/es\/wp-content\/uploads\/2025\/10\/2025-10-17T093A493A43Z-90183053.jpg\" width=\"1024\" height=\"682\" alt=\"\" loading=\"eager\" decoding=\"sync\" fetchpriority=\"high\"\/><\/p>\n<p>            afp_tickers        <\/p>\n<p>        Este contenido fue publicado en    <\/p>\n<p>        17 octubre 2025 &#8211; 11:55\n<\/p>\n<p>El movimiento islamista palestino Ham\u00e1s se comprometi\u00f3 el viernes a devolver a Israel los cad\u00e1veres de todos los rehenes que siguen en la Franja de Gaza, como estipula el acuerdo de alto el fuego promovido por Estados Unidos.<\/p>\n<p>Acusado por Israel de violar los t\u00e9rminos de la tregua implementada el 10 de octubre, Ham\u00e1s pidi\u00f3 tiempo ante las dificultades de encontrar y extraer los cuerpos de las ruinas del territorio palestino, ampliamente destruido por dos a\u00f1os de guerra.<\/p>\n<p>\u00abEl proceso de restituci\u00f3n de los cuerpos de los prisioneros israel\u00edes podr\u00eda tomar alg\u00fan tiempo\u00bb, precis\u00f3 en Telegram el grupo que gobierna Gaza desde 2007.<\/p>\n<p>El movimiento islamista aprovech\u00f3 el fin de los combates para intentar retomar el control del territorio y el martes reivindic\u00f3 las ejecuciones de varios hombres a quienes present\u00f3 como \u00abcolaboradores\u00bb de Israel.<\/p>\n<p>El presidente estadounidense, Donald Trump, amenaz\u00f3 el jueves con \u00abir a matar\u00bb a los miembros de Ham\u00e1s si este \u00abno deja de matar gente\u00bb en Gaza.<\/p>\n<p>El acuerdo de alto al fuego promovido por el magnate republicano establec\u00eda que el regreso de los rehenes vivos y muertos se iba a producir antes del lunes a las 09H00 GMT, 72 horas despu\u00e9s del inicio del alto al fuego.<\/p>\n<p>El movimiento islamista liber\u00f3 a tiempo a los \u00faltimos 20 rehenes vivos, pero solo ha entregado los cuerpos de nueve fallecidos, de los 28 que se comprometi\u00f3 a devolver.<\/p>\n<p>El primer ministro israel\u00ed, Benjamin Netanyahu, se dijo el jueves \u00abdecidido\u00bb a recuperar todos los cad\u00e1veres. La v\u00edspera, el titular de Defensa, Israel Katz, amenaz\u00f3 con reanudar los combates en Gaza.<\/p>\n<p>Trump llam\u00f3 a la paciencia: \u00abEs un proceso macabro (\u2026), pero est\u00e1n cavando, cavando de verdad\u00bb y \u00abencuentran muchos cuerpos\u00bb, afirm\u00f3 el mi\u00e9rcoles.<\/p>\n<p>En su comunicaci\u00f3n, Ham\u00e1s reiter\u00f3 \u00absu compromiso\u00bb con el alto al fuego y la devoluci\u00f3n de los cad\u00e1veres, pero dijo que recuperar los cuerpos restantes precisa de equipos especiales.<\/p>\n<p>Turqu\u00eda anunci\u00f3 el jueves el env\u00edo de especialistas para participar en la b\u00fasqueda de cad\u00e1veres, \u00abincluidos los de rehenes\u00bb. Seg\u00fan Ankara, unos 80 rescatistas, expertos en operar en terrenos dif\u00edciles, ya se encuentran en el lugar.<\/p>\n<p>\u2013 Accesos restringidos \u2013<\/p>\n<p>A cambio del regreso de los restos de los rehenes, Israel devolvi\u00f3 los cuerpos de 120 palestinos, 30 de ellos a Gaza, afirm\u00f3 el Ministerio de Salud del territorio palestino.<\/p>\n<p>La principal asociaci\u00f3n de allegados de los secuestrados reclam\u00f3 al gobierno isrel\u00ed \u00abdetener inmediatamente la implementaci\u00f3n de cualquier etapa adicional del acuerdo\u00bb hasta que no se recuperen los restos de todos los cautivos.<\/p>\n<p>Por ahora, los accesos a Gaza, controlados todos por Israel, siguen muy restringidos.<\/p>\n<p>El pacto prev\u00e9 el acceso de ayuda por el paso de Rafah, en la frontera con Egipto, que la ONU y otras organizaciones humanitarias reclaman insistentemente. El ministro de Relaciones Exteriores israel\u00ed, Gideon Saar, apunt\u00f3 a una reapertura el domingo.<\/p>\n<p>La ONU declar\u00f3 a finales de agosto una hambruna en varias zonas de Gaza, un diagn\u00f3stico que no comparte Israel.<\/p>\n<p>Este viernes volvi\u00f3 a la carga, avisando por medio del Programa Mundial de Alimentos (PMA) de que con el desastre humanitario ocasionado por la guerra \u00abllevar\u00e1 tiempo\u00bb remediar el hambre en el enclave costero.\u00a0<\/p>\n<p>\u00abDisponemos actualmente de cinco puntos de distribuci\u00f3n operativos, m\u00e1s cercanos a la poblaci\u00f3n (\u2026) nuestro objetivo es desplegar 145\u00bb, para \u00abinundar Gaza de comida\u00bb, dijo la portavoz del PMA, Abeer Etefa.<\/p>\n<p>La Organizaci\u00f3n Mundial de la Salud tambi\u00e9n advirti\u00f3 de que las epidemias en el territorio est\u00e1n \u00abfuera de control\u00bb porque el sistema de salud \u00abfue desmantelado\u00bb.<\/p>\n<p>En su primera fase, el plan de Trump prev\u00e9 el alto al fuego, el intercambio de rehenes por presos palestinos, una retirada israel\u00ed de numerosos sectores y la entrada de ayuda humanitaria a Gaza.<\/p>\n<p>En etapas posteriores, se deber\u00eda producir un desarme de Ham\u00e1s, la amnist\u00eda o desarme de sus miembros y el repliegue completo de Israel, pero estos puntos est\u00e1n todav\u00eda en negociaci\u00f3n.<\/p>\n<p>La guerra estall\u00f3 con el ataque de Ham\u00e1s contra el sur de Israel del 7 de octubre de 2023. El asalto result\u00f3 en la muerte de 1.221 personas, en su mayor\u00eda civiles, seg\u00fan un balance establecido por AFP en base a datos oficiales.<\/p>\n<p>La ofensiva de represalia israel\u00ed provoc\u00f3 67.967 muertos en Gaza, tambi\u00e9n civiles mayoritariamente, seg\u00fan las cifras del Ministerio de Salud de Ham\u00e1s, consideradas fiables por la ONU.<\/p>\n<p>bur-mdh\/sg\/cab\/dbh\/avl<\/p>\n","protected":false},"excerpt":{"rendered":"afp_tickers Este contenido fue publicado en 17 octubre 2025 &#8211; 11:55 El movimiento islamista palestino Ham\u00e1s se comprometi\u00f3&hellip;\n","protected":false},"author":2,"featured_media":182631,"comment_status":"","ping_status":"","sticky":false,"template":"","format":"standard","meta":{"footnotes":""},"categories":[42],"tags":[635,17,18,636,13,14,11,61,62,63,64,19,20,9,10,15,16,90,12,21,22,65,66,67],"class_list":{"0":"post-182630","1":"post","2":"type-post","3":"status-publish","4":"format-standard","5":"has-post-thumbnail","7":"category-internacional","8":"tag-armed-conflict","9":"tag-breaking-news","10":"tag-breakingnews","11":"tag-conflict","12":"tag-featured-news","13":"tag-featurednews","14":"tag-headlines","15":"tag-internacional","16":"tag-international","17":"tag-international-news","18":"tag-internationalnews","19":"tag-latest-news","20":"tag-latestnews","21":"tag-news","22":"tag-noticias","23":"tag-noticias-destacadas","24":"tag-noticiasdestacadas","25":"tag-ticker","26":"tag-titulares","27":"tag-ultimas-noticias","28":"tag-ultimasnoticias","29":"tag-world","30":"tag-world-news","31":"tag-worldnews"},"share_on_mastodon":{"url":"","error":""},"_links":{"self":[{"href":"https:\/\/www.europesays.com\/es\/wp-json\/wp\/v2\/posts\/182630","targetHints":{"allow":["GET"]}}],"collection":[{"href":"https:\/\/www.europesays.com\/es\/wp-json\/wp\/v2\/posts"}],"about":[{"href":"https:\/\/www.europesays.com\/es\/wp-json\/wp\/v2\/types\/post"}],"author":[{"embeddable":true,"href":"https:\/\/www.europesays.com\/es\/wp-json\/wp\/v2\/users\/2"}],"replies":[{"embeddable":true,"href":"https:\/\/www.europesays.com\/es\/wp-json\/wp\/v2\/comments?post=182630"}],"version-history":[{"count":0,"href":"https:\/\/www.europesays.com\/es\/wp-json\/wp\/v2\/posts\/182630\/revisions"}],"wp:featuredmedia":[{"embeddable":true,"href":"https:\/\/www.europesays.com\/es\/wp-json\/wp\/v2\/media\/182631"}],"wp:attachment":[{"href":"https:\/\/www.europesays.com\/es\/wp-json\/wp\/v2\/media?parent=182630"}],"wp:term":[{"taxonomy":"category","embeddable":true,"href":"https:\/\/www.europesays.com\/es\/wp-json\/wp\/v2\/categories?post=182630"},{"taxonomy":"post_tag","embeddable":true,"href":"https:\/\/www.europesays.com\/es\/wp-json\/wp\/v2\/tags?post=182630"}],"curies":[{"name":"wp","href":"https:\/\/api.w.org\/{rel}","templated":true}]}}