{"id":182632,"date":"2025-10-17T10:14:09","date_gmt":"2025-10-17T10:14:09","guid":{"rendered":"https:\/\/www.europesays.com\/es\/182632\/"},"modified":"2025-10-17T10:14:09","modified_gmt":"2025-10-17T10:14:09","slug":"uso-condena-los-datos-de-pobreza-infantil-y-exige-medidas-urgentes","status":"publish","type":"post","link":"https:\/\/www.europesays.com\/es\/182632\/","title":{"rendered":"USO condena los datos de pobreza infantil y exige medidas urgentes"},"content":{"rendered":"<p>1 de cada 3 ni\u00f1os en Espa\u00f1a vive en la pobreza: la estad\u00edstica m\u00e1s vergonzosa que lidera nuestro pa\u00eds<\/p>\n<p>El secretario general de USO ha participado en el acto institucional de la Red Europea de Lucha contra la Pobreza y la Exclusi\u00f3n Social en Espa\u00f1a (EAPN-ES), en el que se ha presentado oficialmente su informe anual sobre la pobreza, donde destaca negativamente la pobreza infantil.<\/p>\n<p>El XV informe <a href=\"https:\/\/www.eapn.es\/ARCHIVO\/documentos\/documentos\/1760589914_xv_informe_pobreza-y-territorio-ccaa-ue_eapn2025.pdf\" target=\"_blank\" rel=\"noopener nofollow\">El Estado de la Pobreza en Espa\u00f1a, Pobreza y Territorio. Comunidades Aut\u00f3nomas y Uni\u00f3n Europea<\/a> revela datos preocupantes respecto al impacto de la pobreza y la exclusi\u00f3n social en nuestro pa\u00eds. El indicador europeo para medir la poblaci\u00f3n en riesgo de pobreza y exclusi\u00f3n social, AROPE, se situaba en 2024 en el 21 % en la UE. Sin embargo, en Espa\u00f1a era casi cinco puntos superior: el 25,8 %. Esto supone que en nuestro pa\u00eds hay 12,5 millones de personas en esta situaci\u00f3n: 1 de cada 4 personas que vive en Espa\u00f1a es pobre.<\/p>\n<p>La pobreza infantil: la prioridad olvidada<\/p>\n<p><a href=\"https:\/\/www.uso.es\/12-millones-de-personas-en-espana-en-riesgo-de-pobreza-o-exclusion-social\/\" target=\"_blank\" rel=\"noopener nofollow\">Con respecto al a\u00f1o anterior, la evoluci\u00f3n fue ligeramente positiva:<\/a> la pobreza se redujo en 0,7 puntos porcentuales. As\u00ed, 200.000 personas salieron del riesgo de pobreza.<\/p>\n<p>\u201cEs, por supuesto, una buena noticia, pero muy lejos del suficiente. Y, sobre todo, deber\u00edamos avergonzarnos todos, como pa\u00eds, de liderar tan de largo la tasa de pobreza infantil. Pr\u00e1cticamente uno de cada tres ni\u00f1os en Espa\u00f1a es pobre: el 29,2 %. Superamos en diez puntos la media de los 27. Es un dato que deber\u00eda estar todos los d\u00edas en las noticias, del que se deber\u00eda hablar todos los d\u00edas en el Congreso de los Diputados: <a href=\"https:\/\/www.uso.es\/pobreza-infantil-los-ninos-en-espana-son-mas-pobres-que-los-adultos\/\" target=\"_blank\" rel=\"noopener nofollow\">la tercera parte de nuestra infancia es pobre, nuestro futuro es pobre. En USO no nos vamos a cansar de gritarlo<\/a>\u201c, defiende Joaqu\u00edn P\u00e9rez, secretario general de USO.<\/p>\n<p>\u201cY no sirve solo con promulgar medidas\u201d, incide, \u201cse trata de llevarlas a la pr\u00e1ctica de forma eficaz. Publicar por publicar no vale de nada si las ayudas no llegan a sus destinatarios. <a href=\"https:\/\/www.uso.es\/uso-pide-medidas-mas-efectivas-contra-la-pobreza-infantil\/\" target=\"_blank\" rel=\"noopener nofollow\">Somos los m\u00e1s ineficaces de Europea contra la pobreza infantil<\/a>\u201c.<\/p>\n<p>P\u00e9rez pone el foco en la mala calidad del empleo como n\u00facleo de la problem\u00e1tica: \u201cla asimetr\u00eda de ingresos y las desigualdades estructurales se perpet\u00faan sin empleo digno. Venimos alertando del aumento de la temporalidad real, no del porcentaje de contratos temporales; de la parcialidad, de la alt\u00edsima rotaci\u00f3n. Son contratos, pero no son empleos. Muchas personas trabajadoras son pobres porque no tienen la oportunidad de hacer una jornada completa, un a\u00f1o completo. Y, precisamente, las m\u00e1s castigadas con las jornadas parciales y la temporalidad son las mujeres con ni\u00f1os a cargo. Condena a las mujeres a la pobreza, pero mucho m\u00e1s a los ni\u00f1os\u201d.<\/p>\n<p>Geograf\u00eda y vivienda marcan la pobreza<\/p>\n<p>No solo haber o no haber ni\u00f1os en un hogar marca su mayor tendencia a la pobreza. Otros factores, como la geograf\u00eda o la vivienda, tambi\u00e9n influyen.<\/p>\n<p>As\u00ed, el informe avanza que se mantiene la polarizaci\u00f3n norte-sur. De Madrid hacia el norte, con esta incluida, se dan menores tasas de pobreza y exclusi\u00f3n social: de hasta 11 puntos por debajo de la media. Hacia el sur, llegan a estar 10 puntos por encima de la media. La diferencia en la tasa Arope entre Euskadi y Melilla es de 30 puntos: de 14,8 % de nivel de pobreza para el primero; 44,5 % en el caso de la ciudad aut\u00f3noma.<\/p>\n<p>Con respecto a la vivienda, la propiedad es un factor relevante en la pobreza. Y el porcentaje de propietarios ha disminuido desde 2008. Entonces, el 80,2 % de los hogares eran en propiedad (hipotecados a\u00fan o no), frente al actual 73,7 %.<\/p>\n<p>\u201cCon el precio actual de la vivienda en alquiler y el repunte del coste de venta, muchas familias deben dedicar gran parte del sueldo a este gasto imprescindible. Esto condena a la pobreza incluso a familias con dos salarios, pues en la mayor\u00eda de ciudades uno, en su totalidad, hay que dedicarlo al techo. La vivienda es una de las pol\u00edticas que llena titulares y no avanza en soluciones. El derecho a la vivienda est\u00e1 protegido por la Constituci\u00f3n, no es un privilegio o un objeto de lujo. Debe darse soluci\u00f3n a la crisis de la vivienda como paso ineludible para luchar contra la pobreza\u201d, reclama Joaqu\u00edn P\u00e9rez.<\/p>\n<p>Repensar el modelo tributario<\/p>\n<p>Entre las actuaciones urgentes que propone el informe de EAPN-ES, repensar el modelo tributario figura entre las prioridades. Para ello, insta a fortalecer las estrategias del Estado del Bienestar y configurar un modelo fiscal que impacte positivamente en la reducci\u00f3n de las desigualdades.<\/p>\n<p>En el texto, se insiste en que el crecimiento econ\u00f3mico en s\u00ed mismo no resolver\u00e1 la pobreza. Para hacerlo, debe ir acompa\u00f1ado de medidas que ampl\u00eden los derechos sociales y econ\u00f3micos, una fiscalidad justa, pol\u00edticas de vivienda adecuadas, empleo de calidad y un sistema mejorado de garant\u00edas de renta. Sit\u00faa al Estado como garante necesario de la redistribuci\u00f3n de recursos y le exige adoptar un papel activo en la materia.<\/p>\n<p>\u201cSon conclusiones muy similares a la lectura peri\u00f3dica que hacemos desde USO. La brecha entre los m\u00e1s ricos y los m\u00e1s desfavorecidos no deja de crecer. Y la pol\u00edtica fiscal ayuda a que esto se produzca. Solo hay que detenerse en analizar el IPC de un mes cualquiera. Suben los productos b\u00e1sicos, se empobrece el conjunto de la poblaci\u00f3n. Pero hay alguien que se beneficia de ese encarecimiento permanente, y es ah\u00ed donde hay que poner el foco de los impuestos. Ah\u00ed y en las empresas que solo generan beneficios, no trabajo\u201d, resuelve el secretario general de USO.<\/p>\n<p>D\u00eda Internacional para la Erradicaci\u00f3n de la Pobreza<\/p>\n<p>El informe EAPN-ES es el m\u00e1s completo sobre el problema de la pobreza en Espa\u00f1a y todas sus ra\u00edces. Se presenta anualmente con motivo del\u00a0D\u00eda Internacional para la Erradicaci\u00f3n de la Pobreza.<\/p>\n<p>Al igual que para la Red, para USO es un d\u00eda que no puede limitarse a la menci\u00f3n simb\u00f3lica: es un recordatorio de que millones de vidas est\u00e1n atrapadas en condiciones injustas y que transformar esa realidad exige compromiso sostenido de gobiernos, tejido social y sindicatos.<\/p>\n<p>La pobreza no es una fatalidad individual, sino el resultado de estructuras que marginan y excluyen.<\/p>\n<p>En Europa, seg\u00fan los \u00faltimos datos de Eurostat, unas 93,3 millones de personas viv\u00edan en riesgo de pobreza o exclusi\u00f3n social en 2024. Es decir, el 21 % de la poblaci\u00f3n comunitaria.<\/p>\n<p>\u00bfPor qu\u00e9 persiste la pobreza?<\/p>\n<p>La pobreza pervive porque conviven causas estructurales y coyunturales: la precariedad laboral, salarios insuficientes, empleo fragmentado o temporal, desigualdad de g\u00e9nero, vivienda inaccesible, falta de redes de protecci\u00f3n social y migraciones forzadas, entre otras.<\/p>\n<p>Cuando las pol\u00edticas sociales no son coherentes o est\u00e1n mal dimensionadas; cuando los servicios p\u00fablicos est\u00e1n desbordados o son insuficientes, las personas m\u00e1s vulnerables quedan al margen.<\/p>\n<p>Desde USO, consideramos fundamental implementar una estrategia clara y decidida desde las diferentes administraciones implicadas, que impulse pol\u00edticas de empleo digno y estabilidad laboral, garantizando salarios justos que cubran las necesidades b\u00e1sicas.<\/p>\n<p>Es imprescindible reforzar los mecanismos de protecci\u00f3n social, asegurando que las prestaciones sociales, ayudas familiares y servicios p\u00fablicos lleguen verdaderamente a quienes las necesitan. Y, muy especialmente, priorizando la infancia y la juventud. La pobreza\u00a0infantil es una de las formas m\u00e1s crueles de desigualdad. Hay que visibilizar las realidades silenciadas, porque muchas personas que viven en la pobreza padecen tambi\u00e9n invisibilidad y estigmatizaci\u00f3n.<\/p>\n<p>Colaboraci\u00f3n internacional y solidaridad<\/p>\n<p>No podemos enfrentar la pobreza como problema aislado de un pa\u00eds; muchas dimensiones son globales y requieren cooperaci\u00f3n entre sindicatos, organizaciones sociales y organismos internacionales.<\/p>\n<p>Desde USO, creemos que la pobreza no es destino y que es posible construir un pa\u00eds m\u00e1s justo si reforzamos el estado del bienestar con compromiso social real. Este 17 de octubre, no basta con recordar, debemos actuar, presionar, organizar y transformar. Porque cada persona con derechos salvados de la pobreza es una victoria de la dignidad.<\/p>\n","protected":false},"excerpt":{"rendered":"1 de cada 3 ni\u00f1os en Espa\u00f1a vive en la pobreza: la estad\u00edstica m\u00e1s vergonzosa que lidera nuestro&hellip;\n","protected":false},"author":2,"featured_media":182633,"comment_status":"","ping_status":"","sticky":false,"template":"","format":"standard","meta":{"footnotes":""},"categories":[8],"tags":[17,18,25,24,13,14,11,2178,61,37626,19,20,9,10,15,16,46520,8375,51732,46521,23,12,21,22],"class_list":{"0":"post-182632","1":"post","2":"type-post","3":"status-publish","4":"format-standard","5":"has-post-thumbnail","7":"category-espana","8":"tag-breaking-news","9":"tag-breakingnews","10":"tag-es","11":"tag-espana","12":"tag-featured-news","13":"tag-featurednews","14":"tag-headlines","15":"tag-igualdad","16":"tag-internacional","17":"tag-joaquin-perez","18":"tag-latest-news","19":"tag-latestnews","20":"tag-news","21":"tag-noticias","22":"tag-noticias-destacadas","23":"tag-noticiasdestacadas","24":"tag-ods","25":"tag-pobreza","26":"tag-pobreza-infantil","27":"tag-sindicalismo-internacional","28":"tag-spain","29":"tag-titulares","30":"tag-ultimas-noticias","31":"tag-ultimasnoticias"},"share_on_mastodon":{"url":"","error":""},"_links":{"self":[{"href":"https:\/\/www.europesays.com\/es\/wp-json\/wp\/v2\/posts\/182632","targetHints":{"allow":["GET"]}}],"collection":[{"href":"https:\/\/www.europesays.com\/es\/wp-json\/wp\/v2\/posts"}],"about":[{"href":"https:\/\/www.europesays.com\/es\/wp-json\/wp\/v2\/types\/post"}],"author":[{"embeddable":true,"href":"https:\/\/www.europesays.com\/es\/wp-json\/wp\/v2\/users\/2"}],"replies":[{"embeddable":true,"href":"https:\/\/www.europesays.com\/es\/wp-json\/wp\/v2\/comments?post=182632"}],"version-history":[{"count":0,"href":"https:\/\/www.europesays.com\/es\/wp-json\/wp\/v2\/posts\/182632\/revisions"}],"wp:featuredmedia":[{"embeddable":true,"href":"https:\/\/www.europesays.com\/es\/wp-json\/wp\/v2\/media\/182633"}],"wp:attachment":[{"href":"https:\/\/www.europesays.com\/es\/wp-json\/wp\/v2\/media?parent=182632"}],"wp:term":[{"taxonomy":"category","embeddable":true,"href":"https:\/\/www.europesays.com\/es\/wp-json\/wp\/v2\/categories?post=182632"},{"taxonomy":"post_tag","embeddable":true,"href":"https:\/\/www.europesays.com\/es\/wp-json\/wp\/v2\/tags?post=182632"}],"curies":[{"name":"wp","href":"https:\/\/api.w.org\/{rel}","templated":true}]}}