{"id":182646,"date":"2025-10-17T10:24:11","date_gmt":"2025-10-17T10:24:11","guid":{"rendered":"https:\/\/www.europesays.com\/es\/182646\/"},"modified":"2025-10-17T10:24:11","modified_gmt":"2025-10-17T10:24:11","slug":"horario-y-donde-ver-el-partido-ante-el-as-monaco-euroleague","status":"publish","type":"post","link":"https:\/\/www.europesays.com\/es\/182646\/","title":{"rendered":"Horario y d\u00f3nde ver el partido ante el AS Monaco Euroleague"},"content":{"rendered":"<p class=\"ft-text\"><strong>Nuevo partido para<\/strong><a class=\"ft-link ft-link--decoration\" href=\"https:\/\/www.superdeporte.es\/valencia-basket\/\" rel=\"nofollow noopener\" target=\"_blank\"><strong> el Valencia Basket<\/strong><\/a><a class=\"ft-link ft-link--decoration\" href=\"https:\/\/www.superdeporte.es\/valencia-basket\/\" rel=\"nofollow noopener\" target=\"_blank\">.<\/a> La competici\u00f3n no le da respiro al primer equipo masculino que afrontar\u00e1 el segundo partido de su serie de tres encuentros en cinco d\u00edas para visitar la pista del AS Monaco\u00a0en un encuentro correspondiente a la<strong> jornada 5 de la EuroLeague<\/strong>. No ser\u00e1 ni mucho menos un escenario sencillo para intentar darle la vuelta a la racha reciente en competici\u00f3n continental, ya que la cancha del conjunto monegasco es una de las que hasta ahora se resiste en el hist\u00f3rico continental taronja. La cita es este <strong>viernes 17 de octubre <\/strong>a las <strong>19:30 horas <\/strong>en el Salle Gaston Medecin<strong>. <\/strong>Encuentro que podr\u00e1 verse <strong>en directo a trav\u00e9s de Movistar Deportes 3 y <\/strong>seguirse en<strong> <\/strong><a class=\"ft-link ft-link--decoration\" href=\"https:\/\/www.superdeporte.es\/\" rel=\"nofollow noopener\" target=\"_blank\"><strong>Superdeporte.es<\/strong><\/a><\/p>\n<p class=\"ft-text\">Los hombres de Pedro Mart\u00ednez, que dirigir\u00e1 su partido 200 desde el primer asiento de nuestro equipo profesional masculino, buscar\u00e1n recuperar energ\u00eda tras <a class=\"ft-link ft-link--decoration\" href=\"https:\/\/www.superdeporte.es\/valencia-basket\/2025\/10\/15\/extaronja-chris-jones-frena-remontada-valencia-basket-hapoel-122661372.html\" rel=\"nofollow noopener\" target=\"_blank\">su derrota del mi\u00e9rcoles ante el Hapoel IBI Tel Aviv <\/a>y tratar de<strong> sacar su mejor versi\u00f3n <\/strong>para tener opciones de triunfo como las que tuvo en su \u00faltima visita a M\u00f3naco, cuando cay\u00f3 por un punto en un choque decidido al final. <a class=\"ft-link ft-link--decoration\" href=\"https:\/\/www.superdeporte.es\/valencia-basket\/2025\/10\/16\/ike-iroegbu-valencia-basket-despedido-122677717.html\" rel=\"nofollow noopener\" target=\"_blank\">Con Sestina e Iroegbu fuera de la plantilla,<\/a> el t\u00e9cnico taronja tiene disponibles a trece jugadores profesionales con la <strong>incorporaci\u00f3n a los entrenamientos de Jean Montero<\/strong>. La \u00fanica ausencia confirmada por lesi\u00f3n es la del p\u00edvot Yankuba Sima. <strong>Valencia Basket comienza esta quinta jornada en la novena posici\u00f3n de la EuroLeague con un balance de 2-2.<\/strong><\/p>\n<p class=\"ft-text\">Tambi\u00e9n con ese 50% de triunfos pero en la s\u00e9ptima plaza aparece un AS Monaco que tambi\u00e9n viene de caer en el primer partido de esta semana doble, en su caso en la cancha de la Virtus Bologna por 77-73. El equipo del Principado regresa a su pista despu\u00e9s de dos salidas consecutivas y tiene en sus filas a la pareja interior mejor valorada del campeonato, la que forman Daniel Theis y Nikola Mirotic, aunque el m\u00e1ximo anotador hist\u00f3rico de la Euroliga, Mike James, sigue siendo su principal sustento ofensivo. El p\u00edvot Yoan Makoundou no ha podido todav\u00eda estrenarse esta temporada por una lesi\u00f3n de hombro.<\/p>\n<p>Tres salidas consecutivas<\/p>\n<p class=\"ft-text\">En M\u00f3naco se abre una recta de<strong> tres salidas consecutivas<\/strong> dentro de una fase del calendario en la que cinco de seis partidos ser\u00e1n como visitante. Y el \u00fanico que ha jugado en el Roig Arena tuvo que hacerlo sin el apoyo de su p\u00fablico. El equipo taronja comenz\u00f3 esta din\u00e1mica con una derrota en el Palau Blaugrana ante el FC Barcelona en la EuroLeague por 108-102 el viernes 10 de octubre, se impuso en la cancha del R\u00edo Breog\u00e1n por 90-113 el domingo 12 de octubre y cay\u00f3 el mi\u00e9rcoles como local ante el Hapoel IBI Tel Aviv por 93-100. El choque en M\u00f3naco ser\u00e1 su segundo partido en una racha de tres choques en cinco d\u00edas y vendr\u00e1 seguido de otros dos partidos como visitante: en la <strong>pista del Hiopos Lleida el domingo 19 de octubre a las 17:00 hora<\/strong>s y en el<strong> Unipol Forum ante el EA7 Emporio Armani Milan el jueves 23 de octubre a las 20:30 horas<\/strong>.<\/p>\n","protected":false},"excerpt":{"rendered":"Nuevo partido para el Valencia Basket. La competici\u00f3n no le da respiro al primer equipo masculino que afrontar\u00e1&hellip;\n","protected":false},"author":2,"featured_media":182647,"comment_status":"","ping_status":"","sticky":false,"template":"","format":"standard","meta":{"footnotes":""},"categories":[269],"tags":[51734,299,1918,298,168,25,24,35572,833,319,5095,303,1045,12326,23,167,235,2916],"class_list":{"0":"post-182646","1":"post","2":"type-post","3":"status-publish","4":"format-standard","5":"has-post-thumbnail","7":"category-baloncesto","8":"tag-as-monaco","9":"tag-baloncesto","10":"tag-basket","11":"tag-basketball","12":"tag-deportes","13":"tag-es","14":"tag-espana","15":"tag-euroleague","16":"tag-euroliga","17":"tag-horario","18":"tag-monaco","19":"tag-movistar","20":"tag-partido","21":"tag-pedro-martinez","22":"tag-spain","23":"tag-sports","24":"tag-valencia","25":"tag-valencia-basket"},"share_on_mastodon":{"url":"","error":""},"_links":{"self":[{"href":"https:\/\/www.europesays.com\/es\/wp-json\/wp\/v2\/posts\/182646","targetHints":{"allow":["GET"]}}],"collection":[{"href":"https:\/\/www.europesays.com\/es\/wp-json\/wp\/v2\/posts"}],"about":[{"href":"https:\/\/www.europesays.com\/es\/wp-json\/wp\/v2\/types\/post"}],"author":[{"embeddable":true,"href":"https:\/\/www.europesays.com\/es\/wp-json\/wp\/v2\/users\/2"}],"replies":[{"embeddable":true,"href":"https:\/\/www.europesays.com\/es\/wp-json\/wp\/v2\/comments?post=182646"}],"version-history":[{"count":0,"href":"https:\/\/www.europesays.com\/es\/wp-json\/wp\/v2\/posts\/182646\/revisions"}],"wp:featuredmedia":[{"embeddable":true,"href":"https:\/\/www.europesays.com\/es\/wp-json\/wp\/v2\/media\/182647"}],"wp:attachment":[{"href":"https:\/\/www.europesays.com\/es\/wp-json\/wp\/v2\/media?parent=182646"}],"wp:term":[{"taxonomy":"category","embeddable":true,"href":"https:\/\/www.europesays.com\/es\/wp-json\/wp\/v2\/categories?post=182646"},{"taxonomy":"post_tag","embeddable":true,"href":"https:\/\/www.europesays.com\/es\/wp-json\/wp\/v2\/tags?post=182646"}],"curies":[{"name":"wp","href":"https:\/\/api.w.org\/{rel}","templated":true}]}}