{"id":182648,"date":"2025-10-17T10:25:09","date_gmt":"2025-10-17T10:25:09","guid":{"rendered":"https:\/\/www.europesays.com\/es\/182648\/"},"modified":"2025-10-17T10:25:09","modified_gmt":"2025-10-17T10:25:09","slug":"jenni-hermoso-y-mapi-leon-regresan-a-la-seleccion-espanola-un-ano-despues-en-la-primera-lista-de-sonia-bermudez","status":"publish","type":"post","link":"https:\/\/www.europesays.com\/es\/182648\/","title":{"rendered":"Jenni Hermoso y Mapi Le\u00f3n regresan a la selecci\u00f3n espa\u00f1ola un a\u00f1o despu\u00e9s en la primera lista de Sonia Berm\u00fadez"},"content":{"rendered":"<p class=\"paragraph\" id=\"paragraph_1\"><strong>Jenni Hermoso<\/strong>\u00a0y Mapi Le\u00f3n han sido las principales novedades de la primera lista de <strong>Sonia Berm\u00fadez<\/strong> al frente de la <strong>selecci\u00f3n espa\u00f1ola femenina de f\u00fatbol<\/strong>.<\/p>\n<p class=\"paragraph\" id=\"paragraph_2\">La madrile\u00f1a regresa a la <strong>Selecci\u00f3n<\/strong> un a\u00f1o despu\u00e9s con el objetivo de devolver a su pa\u00eds a ganar t\u00edtulos.\u00a0<strong>Mapi<\/strong>, que\u00a0no vest\u00eda los colores de Espa\u00f1a desde septiembre de 2023 justo despu\u00e9s de la conquista del Mundial, fue una de &#8216;Las 15&#8217; que renunci\u00f3 a la Selecci\u00f3n mientras no se produjeran cambios en la <strong>Federaci\u00f3n<\/strong>.<\/p>\n<p class=\"paragraph\" id=\"paragraph_3\">Esta convocatoria, en la que se estrena Berm\u00fadez, es para los trascendentales partidos de las semifinales de la <strong>Nations League<\/strong> frente a <strong>Suecia<\/strong> que se disputar\u00e1n el 24 de octubre en suelo espa\u00f1ol y el 28 en territorio sueco que ser\u00e1 la primera prueba de fuego para la nueva era de la Selecci\u00f3n.<\/p>\n<p class=\"paragraph\" id=\"paragraph_4\">A partir de ah\u00ed, la nueva seleccionadora ha apostado por una l\u00ednea continuista respecto a la \u00faltima lista de Montse Tom\u00e9 en la Eurocopa en la que acabaron subcampeonas.<\/p>\n<p class=\"paragraph\" id=\"paragraph_5\">En la porter\u00eda llega el cambio de <strong>Eunate Astralaga<\/strong> que entra en lugar de<strong> Esther Sullastres<\/strong>. Sin embargo, nadie duda de que <strong>Cata Coll<\/strong> seguir\u00e1 siendo la titular.<\/p>\n<p class=\"paragraph\" id=\"paragraph_6\">En la zaga, se caen <strong>Sheila, Ouahabi y Codina<\/strong> en lugar de la mencionada Mapi Le\u00f3n y <strong>Corrales<\/strong>.<\/p>\n<p><img loading=\"lazy\" decoding=\"async\" alt=\"Montse Tom\u00e9 se lamenta durante la final\" height=\"180\" src=\"https:\/\/www.europesays.com\/es\/wp-content\/uploads\/2025\/10\/1003743864617_257592879_320x180.jpg\" width=\"320\" data-lazy-status=\"processed\" data-lazy-info=\"remove loading item 1\"\/><\/p>\n<p class=\"paragraph\" id=\"paragraph_7\">En el centro del campo, una de las principales ausencias es la de <strong>Patri Guijarro<\/strong>. La jugadora del Bar\u00e7a, un pilar dentro del equipo, es baja por una fractura por estr\u00e9s en el escafoides del pie derecho que le tendr\u00e1 alejada de los terrenos de juego durante los pr\u00f3ximos tres meses.<\/p>\n<p class=\"paragraph\" id=\"paragraph_8\">Arriba, para el gol, la gran novedad es la salida de <strong>Athenea del Castillo<\/strong> y <strong>Alba Redondo<\/strong> para que entren Jenni Hermoso y <strong>Eva Navarro<\/strong>. Athnea hab\u00eda sido una figura importante con Montse Tom\u00e9, pero parece que deber\u00e1 dar un plus para convencer a Berm\u00fadez.<\/p>\n<p class=\"paragraph\" id=\"paragraph_9\">De la lista, tres jugadoras no saben lo que es debutar con la selecci\u00f3n: Eunate Astralaga, Luc\u00eda Corrales y<strong> Clara Serrajordi<\/strong>, que, al entrar a \u00faltima hora, no aparece en la grabaci\u00f3n del v\u00eddeo que la RFEF difundi\u00f3 en sus redes para presentar la lista.<\/p>\n<p>Convocatoria de Espa\u00f1a<\/p>\n<p><strong>Porteras:<\/strong>\u00a0Cata Coll, Eunate Astralaga y Adriana Nanclares.<\/p>\n<p><strong>Defensas:<\/strong>\u00a0Olga Carmona, Ona Batlle, Luc\u00eda Corrales, Irene Paredes, Mar\u00eda M\u00e9ndez, Jana Fern\u00e1ndez y Mapi Le\u00f3n.<\/p>\n<p><strong>Centrocampistas:<\/strong>\u00a0Aitana Bonmat\u00ed, Laia Alexandri, Alexia Putellas, Vicky L\u00f3pez y Fiamma Ben\u00edtez.<\/p>\n<p><strong>Delanteras:<\/strong>\u00a0Jenni Hermoso, Mart\u00edn Prieto, Mariona Caldentey, Eva Navarro, Claudia Pina, Salma Paralluelo, Esther Gonz\u00e1lez.<\/p>\n","protected":false},"excerpt":{"rendered":"Jenni Hermoso\u00a0y Mapi Le\u00f3n han sido las principales novedades de la primera lista de Sonia Berm\u00fadez al frente&hellip;\n","protected":false},"author":2,"featured_media":182649,"comment_status":"","ping_status":"","sticky":false,"template":"","format":"standard","meta":{"footnotes":""},"categories":[268],"tags":[168,25,24,280,282,1809,51735,281,23,167],"class_list":{"0":"post-182648","1":"post","2":"type-post","3":"status-publish","4":"format-standard","5":"has-post-thumbnail","7":"category-futbol","8":"tag-deportes","9":"tag-es","10":"tag-espana","11":"tag-football","12":"tag-futbol","13":"tag-futbol-femenino","14":"tag-seleccion-espanola-de-futbol-femenino","15":"tag-soccer","16":"tag-spain","17":"tag-sports"},"share_on_mastodon":{"url":"","error":""},"_links":{"self":[{"href":"https:\/\/www.europesays.com\/es\/wp-json\/wp\/v2\/posts\/182648","targetHints":{"allow":["GET"]}}],"collection":[{"href":"https:\/\/www.europesays.com\/es\/wp-json\/wp\/v2\/posts"}],"about":[{"href":"https:\/\/www.europesays.com\/es\/wp-json\/wp\/v2\/types\/post"}],"author":[{"embeddable":true,"href":"https:\/\/www.europesays.com\/es\/wp-json\/wp\/v2\/users\/2"}],"replies":[{"embeddable":true,"href":"https:\/\/www.europesays.com\/es\/wp-json\/wp\/v2\/comments?post=182648"}],"version-history":[{"count":0,"href":"https:\/\/www.europesays.com\/es\/wp-json\/wp\/v2\/posts\/182648\/revisions"}],"wp:featuredmedia":[{"embeddable":true,"href":"https:\/\/www.europesays.com\/es\/wp-json\/wp\/v2\/media\/182649"}],"wp:attachment":[{"href":"https:\/\/www.europesays.com\/es\/wp-json\/wp\/v2\/media?parent=182648"}],"wp:term":[{"taxonomy":"category","embeddable":true,"href":"https:\/\/www.europesays.com\/es\/wp-json\/wp\/v2\/categories?post=182648"},{"taxonomy":"post_tag","embeddable":true,"href":"https:\/\/www.europesays.com\/es\/wp-json\/wp\/v2\/tags?post=182648"}],"curies":[{"name":"wp","href":"https:\/\/api.w.org\/{rel}","templated":true}]}}