{"id":182654,"date":"2025-10-17T10:28:14","date_gmt":"2025-10-17T10:28:14","guid":{"rendered":"https:\/\/www.europesays.com\/es\/182654\/"},"modified":"2025-10-17T10:28:14","modified_gmt":"2025-10-17T10:28:14","slug":"un-emprendedor-alicantino-crea-twofaces-para-comprar-y-vender-libros-de-segunda-mano","status":"publish","type":"post","link":"https:\/\/www.europesays.com\/es\/182654\/","title":{"rendered":"Un emprendedor alicantino crea &#8216;Twofaces&#8217;, para comprar y vender libros de segunda mano"},"content":{"rendered":"<p>ALICANTE.-\u00a0(EFE).- <strong>Un emprendedor alicantino de 31 a\u00f1os<\/strong> ha creado una original web donde, a trav\u00e9s de la red social WhatsApp, se ofrece a los particulares la posibilidad de<strong> vender y comprar libros de segunda mano<\/strong>.<\/p>\n<p>Una mudanza y varias decenas de libros que no cab\u00edan en la nueva vivienda fue el problema al que <strong>Daniel Nava<\/strong>s tuvo que enfrentarse cuando ten\u00eda 19 a\u00f1os y cuya soluci\u00f3n ha transformado en un negocio brillante que ha bautizado como<strong> &#8216;Twofaces&#8217;.<\/strong><\/p>\n<p>Cuando vio la cantidad de libros de su madre, una lectora empedernida, Daniel no contempl\u00f3 en ning\u00fan momento la opci\u00f3n de tirarlos. \u00abMe daba much\u00edsima pena porque a m\u00ed tambi\u00e9n me ha apasionado siempre la lectura\u00bb, ha explicado a EFE Televisi\u00f3n en su almac\u00e9n de San Vicente del Raspeig.<\/p>\n<p>En una primera fase dio con la idea de crear una cuenta de Amazon y vender los libros poco a poco. Posiblemente lo consigui\u00f3 por haber heredado de su padre, que ten\u00eda una tienda de barrio en San Juan, una visi\u00f3n empresarial.<\/p>\n<p>Despu\u00e9s, tras a\u00f1os de trabajo en el mundo del &#8216;marketing&#8217; digital, Daniel Navas pens\u00f3 que ser\u00eda posible buscar a personas que, al igual que su madre, hicieran de \u00abproveedores de libros para poder revenderlos\u00bb, y as\u00ed naci\u00f3 &#8216;Twofaces&#8217;, una web donde un bot de inteligencia artificial ofrece una valoraci\u00f3n de los libros.\u00a0El funcionamiento es muy sencillo: el cliente contacta con el n\u00famero de WhatsApp que aparece en la web twofacesco.com y sube las fotos de los c\u00f3digos de barras de los libros (que aparecen en la contraportada), o un v\u00eddeo donde estos se vean.<\/p>\n<p>\u00a0<\/p>\n<p><strong>Funcionamiento muy sencillo<\/strong><\/p>\n<p>En unos instantes se ofrece una valoraci\u00f3n econ\u00f3mica de cada volumen y, si se acepta, la empresa env\u00eda al mensajero de forma gratuita para que cuando llegue a la sede de &#8216;Twofaces&#8217;, sea revisado y se pague \u00aben 24 horas\u00bb, ha contado Daniel.<\/p>\n<p>El presupuesto lo realiza un bot de inteligencia artificial, aunque al principio esa inteligencia era humana: \u00abEra yo contestando por WhatsApp a los clientes\u00bb, ha narrado Daniel, quien cuando vio que el volumen de libros no dejaba de crecer, contact\u00f3 con un amigo que desarroll\u00f3 esa IA para poder seguir creciendo y adapt\u00e1ndose a lo que piden los usuarios.<\/p>\n<p>Detectaron que algunos clientes, \u00abaparte de querer vender, tambi\u00e9n nos quer\u00edan comprar libros\u00bb, y ahora tambi\u00e9n pueden a trav\u00e9s de su web, insertando el t\u00edtulo que desean.<\/p>\n<p>Como tienen un &#8216;stock&#8217; limitado, \u00abse nos ocurri\u00f3 conectarnos a la base de datos de Amazon\u00bb, de manera que cuando alguien pide un libro puede conseguirlo de segunda mano en &#8216;Twofaces&#8217; y, si no es posible, recibe el enlace de Amazon para poder comprarlo.<\/p>\n<p>El negocio, que comenz\u00f3 en enero de este a\u00f1o, ha facturado 11.000 euros el \u00faltimo mes, y sigue aumentando en un nuevo servicio con muchas ventajas ya que, seg\u00fan Daniel Navas, con este reciclaje de libros no solo se fomenta la sostenibilidad sino que tambi\u00e9n se ayuda a aumentar el espacio dentro de las casas, cada vez m\u00e1s peque\u00f1as<\/p>\n","protected":false},"excerpt":{"rendered":"ALICANTE.-\u00a0(EFE).- Un emprendedor alicantino de 31 a\u00f1os ha creado una original web donde, a trav\u00e9s de la red&hellip;\n","protected":false},"author":2,"featured_media":182655,"comment_status":"","ping_status":"","sticky":false,"template":"","format":"standard","meta":{"footnotes":""},"categories":[172],"tags":[224,146,147,25,24,225,23],"class_list":{"0":"post-182654","1":"post","2":"type-post","3":"status-publish","4":"format-standard","5":"has-post-thumbnail","7":"category-libros","8":"tag-books","9":"tag-entertainment","10":"tag-entretenimiento","11":"tag-es","12":"tag-espana","13":"tag-libros","14":"tag-spain"},"share_on_mastodon":{"url":"","error":""},"_links":{"self":[{"href":"https:\/\/www.europesays.com\/es\/wp-json\/wp\/v2\/posts\/182654","targetHints":{"allow":["GET"]}}],"collection":[{"href":"https:\/\/www.europesays.com\/es\/wp-json\/wp\/v2\/posts"}],"about":[{"href":"https:\/\/www.europesays.com\/es\/wp-json\/wp\/v2\/types\/post"}],"author":[{"embeddable":true,"href":"https:\/\/www.europesays.com\/es\/wp-json\/wp\/v2\/users\/2"}],"replies":[{"embeddable":true,"href":"https:\/\/www.europesays.com\/es\/wp-json\/wp\/v2\/comments?post=182654"}],"version-history":[{"count":0,"href":"https:\/\/www.europesays.com\/es\/wp-json\/wp\/v2\/posts\/182654\/revisions"}],"wp:featuredmedia":[{"embeddable":true,"href":"https:\/\/www.europesays.com\/es\/wp-json\/wp\/v2\/media\/182655"}],"wp:attachment":[{"href":"https:\/\/www.europesays.com\/es\/wp-json\/wp\/v2\/media?parent=182654"}],"wp:term":[{"taxonomy":"category","embeddable":true,"href":"https:\/\/www.europesays.com\/es\/wp-json\/wp\/v2\/categories?post=182654"},{"taxonomy":"post_tag","embeddable":true,"href":"https:\/\/www.europesays.com\/es\/wp-json\/wp\/v2\/tags?post=182654"}],"curies":[{"name":"wp","href":"https:\/\/api.w.org\/{rel}","templated":true}]}}