{"id":182658,"date":"2025-10-17T10:30:08","date_gmt":"2025-10-17T10:30:08","guid":{"rendered":"https:\/\/www.europesays.com\/es\/182658\/"},"modified":"2025-10-17T10:30:08","modified_gmt":"2025-10-17T10:30:08","slug":"es-un-sueno-hecho-realidad","status":"publish","type":"post","link":"https:\/\/www.europesays.com\/es\/182658\/","title":{"rendered":"Es un sue\u00f1o hecho realidad"},"content":{"rendered":"<p class=\"paragraph\">A sus 45 a\u00f1os y con una carrera rebosante de \u00e9xitos, Kase.O<b> sigue ilusion\u00e1ndose<\/b> con las nuevas conquistas que le depara su vida musical. <a href=\"https:\/\/www.heraldo.es\/noticias\/ocio-y-cultura\/2025\/09\/21\/kase-o-concierto-zaragoza-20-diciembre-principe-felipe-1855765.html\" title=\"Kase.O anuncia concierto en Zaragoza el 20 de diciembre en el pabell\u00f3n Pr\u00edncipe Felipe: c\u00f3mo comprar las entradas\" rel=\"nofollow noopener\" target=\"_blank\">El rapero zaragozano ha anunciado en un v\u00eddeo que ha compartido en sus redes sociales que ha hecho realidad uno de sus sue\u00f1os.\u00a0<\/a><\/p>\n<p class=\"paragraph\">Y es que el artista ha conseguido agotar las entradas para su concierto del pr\u00f3ximo 23 de octubre <b>en el m\u00edtico Auditorio Nacional de Ciudad de M\u00e9xico, que cuenta con un aforo de m\u00e1s de 9.000 espectadores <\/b>y en el que debuta el aragon\u00e9s.\u00a0<\/p>\n<p class=\"paragraph\">En un v\u00eddeo grabado en la plaza del Pilar de Zaragoza, Kase.O se dirige a sus seguidores mexicanos: \u00ab\u00bfQu\u00e9 pasa familia? Este mensaje es para daros las gracias, Ciudad de M\u00e9xico. <b>Nuestro primer Auditorio Nacional, 9.000 almas. Un sue\u00f1o hecho realidad. <\/b>Vamos a celebrar el 33 aniversario de la carrera de Kase.O. Much\u00edsimas gracias a todos los que vais a venir. Y mucho amor tambi\u00e9n para Guadalajara y para Monterrey. Nos vemos en nada, la semana que viene. Os quiero mucho. \u00a1Muchas gracias!\u00bb.\u00a0<\/p>\n<p class=\"paragraph\">Tras haber completado un verano de conciertos multitudinarios en varios festivales espa\u00f1oles, Kase.O cruzar\u00e1 el charco la pr\u00f3xima semana para desembarcar en M\u00e9xico, donde ofrecer\u00e1 tres conciertos. <b>Ser\u00e1n las tres \u00fanicas escalas internacionales de una gira<\/b> que concluir\u00e1 por todo lo alto el 20 de diciembre en el pabell\u00f3n Pr\u00edncipe Felipe de Zaragoza.\u00a0<\/p>\n<p class=\"paragraph\">Los &#8216;shows&#8217; en el pa\u00eds norteamericano ser\u00e1n los \u00fanicos que dar\u00e1 el aragon\u00e9s en Am\u00e9rica Latina este a\u00f1o. <b>Un itinerario que arrancar\u00e1 el 22 de octubre en el Auditorio Banamex de Monterrey. <\/b>Un d\u00eda despu\u00e9s, la acci\u00f3n se trasladar\u00e1 a la capital, a Ciudad de M\u00e9xico, en concreto, a uno de sus escenarios m\u00e1s emblem\u00e1ticos y prestigiosos, el Auditorio Nacional. La incursi\u00f3n concluir\u00e1 el 25 de octubre en el Auditorio Telmex de Guadalajara. Las entradas para los shows de Monterrey y Guadalajara est\u00e1n a la venta en la plataforma Ticketmaster.<\/p>\n<p class=\"paragraph\">Kase.O est\u00e1 celebrando sus 33 a\u00f1os de carrera (\u00abUn n\u00famero muy bonito\u00bb, ha dicho) con esta gira de espect\u00e1culos especiales. Aborda todo su repertorio,<b> \u00abdesde las maquetas hasta la \u00faltima canci\u00f3n que haya publicado <\/b>en ese momento. Incluso se escuchan las instrumentales originales\u00bb.\u00a0<\/p>\n","protected":false},"excerpt":{"rendered":"A sus 45 a\u00f1os y con una carrera rebosante de \u00e9xitos, Kase.O sigue ilusion\u00e1ndose con las nuevas conquistas&hellip;\n","protected":false},"author":2,"featured_media":182659,"comment_status":"","ping_status":"","sticky":false,"template":"","format":"standard","meta":{"footnotes":""},"categories":[170],"tags":[2339,146,147,25,24,35049,1906,184,185,23],"class_list":{"0":"post-182658","1":"post","2":"type-post","3":"status-publish","4":"format-standard","5":"has-post-thumbnail","7":"category-musica","8":"tag-concierto","9":"tag-entertainment","10":"tag-entretenimiento","11":"tag-es","12":"tag-espana","13":"tag-kase-o","14":"tag-mexico","15":"tag-music","16":"tag-musica","17":"tag-spain"},"share_on_mastodon":{"url":"","error":""},"_links":{"self":[{"href":"https:\/\/www.europesays.com\/es\/wp-json\/wp\/v2\/posts\/182658","targetHints":{"allow":["GET"]}}],"collection":[{"href":"https:\/\/www.europesays.com\/es\/wp-json\/wp\/v2\/posts"}],"about":[{"href":"https:\/\/www.europesays.com\/es\/wp-json\/wp\/v2\/types\/post"}],"author":[{"embeddable":true,"href":"https:\/\/www.europesays.com\/es\/wp-json\/wp\/v2\/users\/2"}],"replies":[{"embeddable":true,"href":"https:\/\/www.europesays.com\/es\/wp-json\/wp\/v2\/comments?post=182658"}],"version-history":[{"count":0,"href":"https:\/\/www.europesays.com\/es\/wp-json\/wp\/v2\/posts\/182658\/revisions"}],"wp:featuredmedia":[{"embeddable":true,"href":"https:\/\/www.europesays.com\/es\/wp-json\/wp\/v2\/media\/182659"}],"wp:attachment":[{"href":"https:\/\/www.europesays.com\/es\/wp-json\/wp\/v2\/media?parent=182658"}],"wp:term":[{"taxonomy":"category","embeddable":true,"href":"https:\/\/www.europesays.com\/es\/wp-json\/wp\/v2\/categories?post=182658"},{"taxonomy":"post_tag","embeddable":true,"href":"https:\/\/www.europesays.com\/es\/wp-json\/wp\/v2\/tags?post=182658"}],"curies":[{"name":"wp","href":"https:\/\/api.w.org\/{rel}","templated":true}]}}