{"id":182678,"date":"2025-10-17T10:40:09","date_gmt":"2025-10-17T10:40:09","guid":{"rendered":"https:\/\/www.europesays.com\/es\/182678\/"},"modified":"2025-10-17T10:40:09","modified_gmt":"2025-10-17T10:40:09","slug":"club-balonmano-nava-en-busca-de-la-redencion","status":"publish","type":"post","link":"https:\/\/www.europesays.com\/es\/182678\/","title":{"rendered":"Club Balonmano Nava En busca de la redenci\u00f3n"},"content":{"rendered":"<p>Viveros Herol Balonmano Nava vuelve este domingo al Guerrer@s Naveros (12:30 horas) para enfrentarse a Cajasol \u00c1ngel Xim\u00e9nez Puente Genil con el objetivo de volver a sonre\u00edr al lado de su jugador n\u00famero 8 y reflejar sobre la pista el trabajo que se hace durante la semana.<\/p>\n<p><img fetchpriority=\"high\" decoding=\"async\" aria-describedby=\"caption-attachment-13372\" class=\"wp-image-13372 size-blog-grid\" src=\"https:\/\/www.europesays.com\/es\/wp-content\/uploads\/2025\/10\/J6-Previa-Carrion-700x400.jpg\" alt=\"\" width=\"700\" height=\"400\"\/><\/p>\n<p id=\"caption-attachment-13372\" class=\"wp-caption-text\">Foto: Daniel P\u00e9rez.<\/p>\n<p>Podr\u00edamos definir \u201credenci\u00f3n\u201d como la oportunidad de un equipo de reivindicarse tras un resultado doloroso. Es el acto de levantarse, de demostrar el car\u00e1cter y de recuperar la confianza. Y eso es lo que busca un Balonmano Nava que quiere volver a sonre\u00edr y reencontrarse con el triunfo tras el mal sabor de boca que dej\u00f3 la derrota del pasado fin de semana ante BM Caser\u00edo Ciudad Real: \u201cL\u00f3gicamente a todos nos preocupa mucho el no puntuar. Para un equipo que es muy responsable como este, que intenta hacer las cosas bien, el equipo se preocupa, aunque es una situaci\u00f3n que hay que vivir con ella. Siempre hemos transmitido mucha confianza desde el cuerpo t\u00e9cnico en que el trabajo que hacemos es un trabajo que est\u00e1 muy bien, que nos va a dar resultados y esperemos que este fin de semana sea as\u00ed\u201d, comentaba \u00c1lvaro Senovilla en la previa.<\/p>\n<p>Y para ello, para que el equipo d\u00e9 ese paso adelante obviamente no solo hace falta una cosa, aunque la principal puede ser que ese trabajo que se hace durante la semana se refleje el d\u00eda de partido: \u201cTenemos varios jugadores que se han incorporado a la liga y no la conocen, jugadores muy j\u00f3venes que intentan demostrar y, a veces, cuando no te salen las cosas del todo bien caes m\u00e1s en la frustraci\u00f3n, pero lo importante es que todos conf\u00edan en el trabajo que hacemos. Creo que en el partido estamos por debajo del nivel que mostramos en los entrenamientos, as\u00ed que creo que cuando empecemos, por lo menos, a igualar ese nivel veremos un equipo m\u00e1s fresco.\u201d Con todo esto, Balonmano Nava afronta la importante batalla del domingo \u201ccon mucha ilusi\u00f3n\u201d y como una nueva oportunidad para poder ganar: \u201cCon muchas ganas de vivir un nuevo partido en Asobal con nuestra afici\u00f3n, que nos ayuda mucho y que seguro va a estar a muerte con nosotros.\u201d<\/p>\n<p>En cuanto a nuestro rival, Cajasol \u00c1ngel Xim\u00e9nez Puente Genil llega a la cita del domingo d\u00e9cimo en la clasificaci\u00f3n con 4 puntos tras un balance de dos victorias y tres derrotas en lo que llevamos de competici\u00f3n. Los de Paco Bustos ya saben lo que es ganar tanto en casa, con la victoria por la m\u00ednima ante REBI Cuenca (22-21), como lejos de su afici\u00f3n, superando al BM Caser\u00edo Ciudad Real en el Quijote Arena (27-31) en su \u00faltimo partido como visitante, en el que destac\u00f3 desde el extremo izquierdo Mario Dorado con 10 tantos, cifra que le sirvi\u00f3 para convertirse en el MVP de la Liga NEXUS ENERG\u00cdA ASOBAL de esa jornada. Vienen de perder el pasado fin de semana ante ABANCA Ademar Le\u00f3n (26-33) en un partido en el que un parcial de 0-9 a favor de los leoneses en la segunda mitad fue determinante.<\/p>\n<p><img loading=\"lazy\" decoding=\"async\" aria-describedby=\"caption-attachment-13371\" class=\"wp-image-13371 size-blog-grid\" src=\"https:\/\/www.europesays.com\/es\/wp-content\/uploads\/2025\/10\/J6-Previa-Edu-700x400.jpg\" alt=\"\" width=\"700\" height=\"400\"\/><\/p>\n<p id=\"caption-attachment-13371\" class=\"wp-caption-text\">Foto: Daniel P\u00e9rez.<\/p>\n<p>Fij\u00e1ndonos en su plantilla, ha mantenido su columna vertebral de la temporada pasada con jugadores como Pablo Simonet, Lucas Aizen, Dani Serrano, Dani Ramos, o el ex-navero Paco Bernab\u00e9u y, adem\u00e1s, ha realizado cinco incorporaciones, entre las que destaca la del extremo izquierdo Mario Dorado, que ha vuelto a la liga espa\u00f1ola tras su paso por Francia, Elcio Carvalho en porter\u00eda o el lateral izquierdo Leandro Semedo, \u201cque les da un puntito m\u00e1s en defensa junto a Tiago Sousa.\u201d Respecto a las cifras, su m\u00e1ximo anotador es Mario Dorado con 23 goles, cifra que le ha llevado a estar en el top 10 de toda la competici\u00f3n, al que siguen los centrales Dani Serrano (20) y Pablo Simonet (19), el pivote Dani Ramos (18) o el lateral izquierdo David Estepa (16). En porter\u00eda, el de siempre, \u00c1lvaro de Hita, con casi un 29% de media en sus intervenciones, y el ya mencionado Elcio Carvalho.<\/p>\n<p>\u00c1lvaro Senovilla hablaba as\u00ed de Cajasol \u00c1ngel Xim\u00e9nez Puente Genil: \u201cCreo que son un equipo bastante completo, bastante duro en defensa, que se cierra muy bien y que te hacen muy dif\u00edcil el poder atacarles. En ataque tienen mucha soltura con Simonet como el director de orquesta, que va dando juego a sus laterales, que son gente de mucha calidad, y seguro que, como siempre, ser\u00e1 un partido muy disputado porque nunca nos lo ponen nada f\u00e1cil.\u201d El entrenador navero tambi\u00e9n hac\u00eda referencia a c\u00f3mo intentar contrarrestar un estilo de juego que siempre cuesta, con ataque largos, al borde del pasivo\u2026: \u201cSi tenemos la posibilidad de contraatacar, no tener miedo a imponer nuestro estilo, que intentamos que sea un estilo de juego r\u00e1pido, vivo, pero creo que sobre todo lo que no tiene que pasar es que te desesperes o que en una situaci\u00f3n de pasivo te precipites porque quieras meter gol r\u00e1pido. Hay que tener bastante frialdad en ese sentido y todo lo que podamos sacar desde atr\u00e1s est\u00e1 bien y a partir de ah\u00ed empezar a construir.\u201d<\/p>\n<p>Mirando a los resultados hist\u00f3ricos en la m\u00e1xima categor\u00eda, igualdad ser\u00eda para describir los encuentros disputados en el Guerrer@s Naver@s entre ambos equipos. El conjunto pontan\u00e9s ha visitado el feudo navero en cinco ocasiones, con un balance de 2 victorias para los cordobeses, 2 victorias para el Balonmano Nava y un empate, precisamente el de la temporada pasada.<\/p>\n<p>Cada grito, cada c\u00e1ntico suman para intentar volver a la senda de la victoria. Ahora m\u00e1s que nunca necesitamos a nuestro jugador n\u00famero 8, necesitamos que el Guerrer@s Naver@s sea una olla a presi\u00f3n, que vuelva la magia de nuestro templo. Porque juntos somos m\u00e1s fuertes.<\/p>\n<p>Ya pod\u00e9is conseguir las entradas para el partido pinchando <a href=\"https:\/\/cbnava.acyti.com\/\" rel=\"nofollow noopener\" target=\"_blank\">aqu\u00ed<\/a>.<\/p>\n","protected":false},"excerpt":{"rendered":"Viveros Herol Balonmano Nava vuelve este domingo al Guerrer@s Naveros (12:30 horas) para enfrentarse a Cajasol \u00c1ngel Xim\u00e9nez&hellip;\n","protected":false},"author":2,"featured_media":182679,"comment_status":"","ping_status":"","sticky":false,"template":"","format":"standard","meta":{"footnotes":""},"categories":[278],"tags":[376,168,25,24,375,23,167],"class_list":{"0":"post-182678","1":"post","2":"type-post","3":"status-publish","4":"format-standard","5":"has-post-thumbnail","7":"category-balonmano","8":"tag-balonmano","9":"tag-deportes","10":"tag-es","11":"tag-espana","12":"tag-handball","13":"tag-spain","14":"tag-sports"},"share_on_mastodon":{"url":"","error":""},"_links":{"self":[{"href":"https:\/\/www.europesays.com\/es\/wp-json\/wp\/v2\/posts\/182678","targetHints":{"allow":["GET"]}}],"collection":[{"href":"https:\/\/www.europesays.com\/es\/wp-json\/wp\/v2\/posts"}],"about":[{"href":"https:\/\/www.europesays.com\/es\/wp-json\/wp\/v2\/types\/post"}],"author":[{"embeddable":true,"href":"https:\/\/www.europesays.com\/es\/wp-json\/wp\/v2\/users\/2"}],"replies":[{"embeddable":true,"href":"https:\/\/www.europesays.com\/es\/wp-json\/wp\/v2\/comments?post=182678"}],"version-history":[{"count":0,"href":"https:\/\/www.europesays.com\/es\/wp-json\/wp\/v2\/posts\/182678\/revisions"}],"wp:featuredmedia":[{"embeddable":true,"href":"https:\/\/www.europesays.com\/es\/wp-json\/wp\/v2\/media\/182679"}],"wp:attachment":[{"href":"https:\/\/www.europesays.com\/es\/wp-json\/wp\/v2\/media?parent=182678"}],"wp:term":[{"taxonomy":"category","embeddable":true,"href":"https:\/\/www.europesays.com\/es\/wp-json\/wp\/v2\/categories?post=182678"},{"taxonomy":"post_tag","embeddable":true,"href":"https:\/\/www.europesays.com\/es\/wp-json\/wp\/v2\/tags?post=182678"}],"curies":[{"name":"wp","href":"https:\/\/api.w.org\/{rel}","templated":true}]}}