{"id":182682,"date":"2025-10-17T10:42:06","date_gmt":"2025-10-17T10:42:06","guid":{"rendered":"https:\/\/www.europesays.com\/es\/182682\/"},"modified":"2025-10-17T10:42:06","modified_gmt":"2025-10-17T10:42:06","slug":"topuria-suena-con-la-triple-corona-quiero-pelear-contra-makhachev-en-la-casa-blanca","status":"publish","type":"post","link":"https:\/\/www.europesays.com\/es\/182682\/","title":{"rendered":"Topuria sue\u00f1a con la triple corona: \u201cQuiero pelear contra Makhachev en la Casa Blanca\u201d"},"content":{"rendered":"<p class=\"\"><b>Ilia Topuria ya tiene un nuevo desaf\u00edo: ser el primer campe\u00f3n en tres divisiones distintas<\/b> de la UFC, y para ello quiere que se celebre uno de los combates que m\u00e1s esperan los aficionados a la UFC: el que enfrentar\u00eda a \u2018El Matador\u2019 con el ruso Islam Makhachev, el gran dominador del peso ligero antes de subir de categor\u00eda tras la llegada de Topuria.<\/p>\n<p>Noticias relacionadas<\/p>\n<p class=\"\">En una entrevista en el podcast de Giorgi Kokiashvili, Topuria dej\u00f3 entrever esta posible pelea con Makhachev y pide se celebre en la esperada velada de la UFC en la Casa Blanca. <b>\u201cQuiero pelear contra Makhachev en la Casa Blanca. Ser\u00eda una de las peleas m\u00e1s importantes en la historia de la UFC. <\/b>Nadie ha peleado por un tercer cintur\u00f3n. Islam termin\u00f3 en el peso ligero con un aut\u00e9ntico dominio y luego cambi\u00f3 de peso, as\u00ed que creo que ser\u00eda una pelea incre\u00edble\u201d, relat\u00f3 el luchador hispanogeorgiano<\/p>\n<p class=\"\"><b>\u00a1Tus opiniones importan!<\/b> Comenta en los art\u00edculos y suscr\u00edbete gratis a nuestra <a href=\"https:\/\/asfan.as.com\/newsletters\/\" target=\"_blank\" rel=\"nofollow noopener\" title=\"https:\/\/asfan.as.com\/newsletters\/\">newsletter<\/a> y a las alertas informativas en la <a href=\"https:\/\/as.com\/aplicacion-de-as-n\/\" target=\"_blank\" rel=\"nofollow noopener\" title=\"https:\/\/as.com\/aplicacion-de-as-n\/\">App<\/a> o el canal de <a href=\"https:\/\/www.whatsapp.com\/channel\/0029VaAasdA7j6g745nz9M10\" target=\"_blank\" rel=\"nofollow noopener\" title=\"https:\/\/www.whatsapp.com\/channel\/0029VaAasdA7j6g745nz9M10\">WhatsApp<\/a>. \u00bfBuscas licenciar contenido? Haz clic <a href=\"https:\/\/profesional.elpais.com\/soluciones-sindicacion?utm_medium=interno&amp;utm_source=crosslinking&amp;utm_campaign=sindicacion_as_pie_articulos\" target=\"_blank\" rel=\"nofollow noopener\" title=\"https:\/\/profesional.elpais.com\/soluciones-sindicacion?utm_medium=interno&amp;utm_source=crosslinking&amp;utm_campaign=sindicacion_as_pie_articulos\">aqu\u00ed<\/a><\/p>\n","protected":false},"excerpt":{"rendered":"Ilia Topuria ya tiene un nuevo desaf\u00edo: ser el primer campe\u00f3n en tres divisiones distintas de la UFC,&hellip;\n","protected":false},"author":2,"featured_media":182683,"comment_status":"","ping_status":"","sticky":false,"template":"","format":"standard","meta":{"footnotes":""},"categories":[276],"tags":[168,25,24,23,167,343],"class_list":{"0":"post-182682","1":"post","2":"type-post","3":"status-publish","4":"format-standard","5":"has-post-thumbnail","7":"category-ufc","8":"tag-deportes","9":"tag-es","10":"tag-espana","11":"tag-spain","12":"tag-sports","13":"tag-ufc"},"share_on_mastodon":{"url":"","error":""},"_links":{"self":[{"href":"https:\/\/www.europesays.com\/es\/wp-json\/wp\/v2\/posts\/182682","targetHints":{"allow":["GET"]}}],"collection":[{"href":"https:\/\/www.europesays.com\/es\/wp-json\/wp\/v2\/posts"}],"about":[{"href":"https:\/\/www.europesays.com\/es\/wp-json\/wp\/v2\/types\/post"}],"author":[{"embeddable":true,"href":"https:\/\/www.europesays.com\/es\/wp-json\/wp\/v2\/users\/2"}],"replies":[{"embeddable":true,"href":"https:\/\/www.europesays.com\/es\/wp-json\/wp\/v2\/comments?post=182682"}],"version-history":[{"count":0,"href":"https:\/\/www.europesays.com\/es\/wp-json\/wp\/v2\/posts\/182682\/revisions"}],"wp:featuredmedia":[{"embeddable":true,"href":"https:\/\/www.europesays.com\/es\/wp-json\/wp\/v2\/media\/182683"}],"wp:attachment":[{"href":"https:\/\/www.europesays.com\/es\/wp-json\/wp\/v2\/media?parent=182682"}],"wp:term":[{"taxonomy":"category","embeddable":true,"href":"https:\/\/www.europesays.com\/es\/wp-json\/wp\/v2\/categories?post=182682"},{"taxonomy":"post_tag","embeddable":true,"href":"https:\/\/www.europesays.com\/es\/wp-json\/wp\/v2\/tags?post=182682"}],"curies":[{"name":"wp","href":"https:\/\/api.w.org\/{rel}","templated":true}]}}