{"id":182684,"date":"2025-10-17T10:45:17","date_gmt":"2025-10-17T10:45:17","guid":{"rendered":"https:\/\/www.europesays.com\/es\/182684\/"},"modified":"2025-10-17T10:45:17","modified_gmt":"2025-10-17T10:45:17","slug":"seis-oportunidades-para-lograr-cinco-victorias-y-una-bala-extra-conseguira-el-uae-alcanzar-el-centenar-de-triunfos-en-2025","status":"publish","type":"post","link":"https:\/\/www.europesays.com\/es\/182684\/","title":{"rendered":"Seis oportunidades para lograr cinco victorias y una bala extra. \u00bfConseguir\u00e1 el UAE alcanzar el centenar de triunfos en 2025?"},"content":{"rendered":"<p>El gran aliciente de la cada vez m\u00e1s larga temporada ciclista es saber cu\u00e1ntos d\u00edgitos tendr\u00e1 la cuenta de triunfos del equipo UAE. El n\u00famero  &#8230; da igual desde el pasado 21 de septiembre. Ese domingo batieron el r\u00e9cord de 85 victorias que ostentaba desde 2009 el Columbia-HTC. Ayer Isaac del Toro coloc\u00f3 la 95\u00aa. A tiro de la centena. \u00bfLo lograr\u00e1n? Tienen hasta el domingo para alcanzar la 99. Si fuera as\u00ed, podr\u00edan activar una bala extra, la del campeonato nacional de M\u00e9xico, que se disputa a finales de octubre. Pero primero deben centrarse en sumar cuatro m\u00e1s.<\/p>\n<p class=\"v-p\">El margen de error es corto. El UAE compite estos d\u00edas en el Tour de Guangxi, al que le restan tres etapas m\u00e1s la clasificaci\u00f3n general, mientras que el domingo participan en la Veneto Classic y la Crono de las Naciones, que a pesar del nombre se disputa por escuadras. En la carrera china cuentan con tres buenas bazas para levantar los brazos como F\u00e9lix Grossschartner, Jan Christen y, sobre todo, Jhonatan Narv\u00e1ez. El ecuatoriano parece el l\u00edder del equipo para el final en alto del s\u00e1bado que decidir\u00e1 el ganador, aunque su punta de velocidad tambi\u00e9n podr\u00eda ser \u00fatil si el equipo logra eliminar a los sprinters en el resto de jornadas, con peque\u00f1as subidas en sus finales.<\/p>\n<p class=\"v-p\">Su misi\u00f3n es m\u00e1s sencilla en la teor\u00eda que en la pr\u00e1ctica. Guangxi es la \u00faltima carrera del calendario WorldTour, y aunque no cautive a las estrellas, cuenta con los mejores equipos y corredores de la talla de Uijtdebroeks o Pello Bilbao. Skjelmose ha abandonado. En principio, los planes del UAE pasaban por contar con Juan Ayuso en China, pero el alicantino, en medio del divorcio con el equipo, se apost\u00f3 que si ganaba una etapa en La Vuelta se libraba de correr en el pa\u00eds asi\u00e1tico. <\/p>\n<p>El domingo, d\u00eda clave<\/p>\n<p class=\"v-p\">El domingo, en la Veneto Classic partir\u00e1n como favoritos despu\u00e9s de la tiran\u00eda mostrada en las carreras italianas de oto\u00f1o. No contar\u00e1n con Del Toro, que el s\u00e1bado estar\u00e1 en el criterium de La Nuc\u00eda midi\u00e9ndose con Perico Delgado y Samuel S\u00e1nchez, entre otros. Pero Sivakov y Wellens otorgan garant\u00edas a la escuadra que dirigen entre el suizo Mauro Gianetti y el vizca\u00edno Joxean Fern\u00e1ndez &#8216;Matxin&#8217;. Groupama (Gregorie) y Astana ser\u00e1n sus mayores rivales. <\/p>\n<p class=\"v-p\">Y en la Crono de las Naciones, en Les Herbiers (Francia), la contrarreloj m\u00e1s larga del a\u00f1o (45 kil\u00f3metros), Vine se medir\u00e1 con Kung y Tarling. En el reciente Mundial contrarreloj, el australiano fue superior al suizo y el brit\u00e1nico, campe\u00f3n de Europa en 2023, llega falto de rodaje tras una dura ca\u00edda en el Giro. En esos tres puntos cardinales, el UAE se juega los d\u00edgitos de su cuenta triunfal. No es lo mismo 99 que 100. \u00abEs un n\u00famero redondo. Ser\u00eda espectacular\u00bb, ambiciona Matxin, el gu\u00eda del conjunto emirat\u00ed. La centena redondear\u00eda una temporada hist\u00f3rica.<\/p>\n<p class=\"v-p\">Los triunfos de Pogacar con Eslovenia (Mundial y Europeo) no cumputan en el ranking de equipos de la UCI, pero s\u00ed lo hacen los campeonatos nacionales. Ensenada, la ciudad natal de Del Toro, se prepara para acoger el nacional de M\u00e9xico que durante a\u00f1os ha estado inhabilitado por irregularidades de la anterior federaci\u00f3n. Pese a que el equipo haya anunciado que la temporada de Del Toro ha terminado, \u00bfno va a correr el mexicano en su ciudad, el campeonato de un pa\u00eds que le venera y con el equipo a un triunfo de lograr los 100? Eso s\u00ed, lo har\u00eda solo, sin gregarios. Aunque sus rivales tengan mucha menos entidad, lograr la victoria no apunta a ser un paseo. <\/p>\n<p class=\"v-p\">Lograr cien victorias en la misma temporada parece una cifra dif\u00edcil de lograr y pr\u00e1cticamente irrepetible, aunque si se analiza no es del todo descartable. El Columbia-HTC del 2009 bas\u00f3 su \u00e9xito en las volatas y las contrarrelojes. Contaban con Cavendish, Greipel y Boasson Hagen, tres devoradores de sprints. Los emirat\u00edes tienen al nuevo Canibal, Tadej Pogacar, conquistador de 20 carreras, por las 16 de Del Toro. Entre los dos han ganado m\u00e1s que el resto de equipos salvo Visma, Lidl-Trek y Soudal Quick-Step. 20 de los 29 integrandes de la plantilla han conseguido ganar alguna prueba o etapa. Pero adolecen de la figura de un gran velocista. <\/p>\n<p class=\"v-p\">El colombiano Molano, su \u00fanica gran referencia en las llegadas al sprint, las jornadas m\u00e1s f\u00e1ciles de controlar, ha aportado dos victorias. Es por ello que el equipo ciclista m\u00e1s rico del mundo busca en el mercado ese figura, conel eritreo Girmay como principal candidato. Aunque su futuro, todav\u00eda incierto, parece lejos del UAE. La baja de Ayuso, para el que no hay un recambio de su nivel, despoja a los emirat\u00edes de una lucha de egos dentro de su equipo, pero tambi\u00e9n de la pegada del alicantino en los grandes escenarios, con ocho victorias en este 2025. Mejorar esta temporada parece complejo y depender\u00e1 de m\u00e1s factores, algunos exteronos como las ca\u00eddas, pero la voracidad del UAE ya ha demostrado que su voracidad y ambici\u00f3n no tiene l\u00edmites.<\/p>\n<p class=\"v-p\">Ayer volvieron a hacer gala de ella. Son una sinfon\u00eda cuando se trata de ganar. Las cuatro estaciones. Vencen en invierno, primavera, verano y oto\u00f1o. Del Toro no perdon\u00f3 en Verona, el ed\u00e9n de Freire. Demarr\u00f3 en la subida de Torricelle y lleg\u00f3 solo a la ic\u00f3nica avenida Porta Nuova. La Puerta Nueva a la espalda. El Arena, al fondo. Y la meta, entre medias. Por detr\u00e1s atac\u00f3 Sivakov, segundo, para asegurar. Como el domingo pasado en Oropa. \u00abLes ped\u00ed que nos dejaran subir al podio, pero me dijeron que tambi\u00e9n quer\u00edan el tercer puesto. Sinceramente, pens\u00e9 que era una decisi\u00f3n poco humana\u00bb, protest\u00f3 Scaroni. No dejan ni las migas.<\/p>\n<p><img decoding=\"async\" loading=\"lazy\" src=\"https:\/\/www.europesays.com\/es\/wp-content\/uploads\/2025\/10\/magnier-soudal-kisG--650x455@El Correo.jpg\" class=\"v-a-img\" width=\"650\" height=\"455\" alt=\"\" data-voc-vtm-id=\"in-text-traffic\"\/><\/p>\n<p><img loading=\"lazy\" decoding=\"async\" src=\"https:\/\/www.europesays.com\/es\/wp-content\/uploads\/2025\/10\/magnier-soudal-kisG--650x455@El Correo.jpg\" class=\"v-mdl__img-z\" width=\"650\" height=\"455\" alt=\"\"\/><\/p>\n<p>Magnier y Merlier, el d\u00fao que comanda el regreso al pasado del Soudal<\/p>\n<p class=\"v-p\">\nLa irrupci\u00f3n de Remco Evenepoel en el ciclismo transform\u00f3 al Quick-Step. La formaci\u00f3n belga, acostumbrada a brillar en las cl\u00e1sicas de muros y adoquines, mut\u00f3 en busca de ser un equipo s\u00f3lido en las grandes vueltas, decisi\u00f3n que contrajo algunas cr\u00edticas en el pa\u00eds flamenco. Mikel Landa lleg\u00f3 para hacer pareja con el buque insignia del equipo, que ahora abandona el barco en busca del \u00faltimo salto en el RedBull-Bora. La reacci\u00f3n ha sido inmediata. Un intento de deshacer el trabajo de los \u00faltimos a\u00f1os y regresar al pasado.\n<\/p>\n<p class=\"v-p\">\nEl Soudal quiere volver a brillar en primavera. Dejar\u00e1 total libertad al ciclista alav\u00e9s en las grandes vueltas, y tratar\u00e1 de armar un bloque ganador en las pruebas de un d\u00eda con dos ciclistas a la cabeza: Tim Merlier y Paul Magnier. El sprinter belga, de 32 a\u00f1os, ya era uno de los reyes de la velocidad y lo ha vuelto a confirmar esta campa\u00f1a. Ayer, en el Tour de Holanda, se convirti\u00f3 en el primer ciclista belga en lograr 16 victorias en una temporada en a\u00f1os consecutivos, algo que no se consegu\u00eda desde 1977.\n<\/p>\n<p class=\"v-p\">\nLa novedad es el franc\u00e9s, quien a sus 21 a\u00f1os se siente capaz de salir indemne del Infierno del Norte. \u00abLa Par\u00eds-Roubaix est\u00e1 hecha para m\u00ed\u00bb, dice. Tambi\u00e9n sue\u00f1a con \u00abel Mundial y el maillot arco\u00edris\u00bb. Nada mal para un ciclista que se cay\u00f3 por mirar el m\u00f3vil en una de sus primeras concentraciones. \u00abEstaba mandando un mensaje de WhatsApp y me he despistado\u00bb, reconoci\u00f3. Tom Steels, antiguo velocista y su director actual en las filas del equipo Soudal, se lo perdon\u00f3. \u00abEs un artista encima de la bicicleta\u00bb.\n<\/p>\n<p class=\"v-p\">\nMagnier se impuso ayer en la segunda etapa del Tour de Guangxi. Es el segundo ciclista con m\u00e1s victorias de la presente temporada con 17, una m\u00e1s que Del Toro y el propio Merlier, superados \u00fanicamente por Pogacar, con 20. La diferencia entre los \u00e9xitos de uno y otro es palpable, pero el joven galo ha alcanzado una cifra digna de consideraci\u00f3n. Doce de sus veinte triunfos han llegado adem\u00e1s a partir de mediados de agosto. Aunque s\u00f3lo las dos de China esta semana y una en la Vuelta a Polonia pertenecen al World Tour.\n<\/p>\n<p class=\"v-p\">      Magnier naci\u00f3 en Laredo, pero no en la costa de Cantabria, sino en la ciudad estadounidense del mismo nombre. Razones laborales llevaron a su familia a Texas, donde residi\u00f3 hasta los cuatro a\u00f1os. Su padre es director de proyectos de una empresa de productos m\u00e9dicos y su madre trabaja en el sector del autom\u00f3vil. Durante su periodo de formaci\u00f3n compagin\u00f3 la carretera con la bici de monta\u00f1a, en la que fue tercero en el Mundial j\u00fanior.<\/p>\n","protected":false},"excerpt":{"rendered":"El gran aliciente de la cada vez m\u00e1s larga temporada ciclista es saber cu\u00e1ntos d\u00edgitos tendr\u00e1 la cuenta&hellip;\n","protected":false},"author":2,"featured_media":182685,"comment_status":"","ping_status":"","sticky":false,"template":"","format":"standard","meta":{"footnotes":""},"categories":[273],"tags":[45,5791,5749,313,5810,23897,312,168,25,24,27131,13041,1139,23,167,42038,550,13472],"class_list":{"0":"post-182684","1":"post","2":"type-post","3":"status-publish","4":"format-standard","5":"has-post-thumbnail","7":"category-ciclismo","8":"tag-45","9":"tag-alcanzar","10":"tag-centenar","11":"tag-ciclismo","12":"tag-cinco","13":"tag-conseguira","14":"tag-cycling","15":"tag-deportes","16":"tag-es","17":"tag-espana","18":"tag-lograr","19":"tag-oportunidades","20":"tag-seis","21":"tag-spain","22":"tag-sports","23":"tag-triunfos","24":"tag-uae","25":"tag-victorias"},"share_on_mastodon":{"url":"","error":""},"_links":{"self":[{"href":"https:\/\/www.europesays.com\/es\/wp-json\/wp\/v2\/posts\/182684","targetHints":{"allow":["GET"]}}],"collection":[{"href":"https:\/\/www.europesays.com\/es\/wp-json\/wp\/v2\/posts"}],"about":[{"href":"https:\/\/www.europesays.com\/es\/wp-json\/wp\/v2\/types\/post"}],"author":[{"embeddable":true,"href":"https:\/\/www.europesays.com\/es\/wp-json\/wp\/v2\/users\/2"}],"replies":[{"embeddable":true,"href":"https:\/\/www.europesays.com\/es\/wp-json\/wp\/v2\/comments?post=182684"}],"version-history":[{"count":0,"href":"https:\/\/www.europesays.com\/es\/wp-json\/wp\/v2\/posts\/182684\/revisions"}],"wp:featuredmedia":[{"embeddable":true,"href":"https:\/\/www.europesays.com\/es\/wp-json\/wp\/v2\/media\/182685"}],"wp:attachment":[{"href":"https:\/\/www.europesays.com\/es\/wp-json\/wp\/v2\/media?parent=182684"}],"wp:term":[{"taxonomy":"category","embeddable":true,"href":"https:\/\/www.europesays.com\/es\/wp-json\/wp\/v2\/categories?post=182684"},{"taxonomy":"post_tag","embeddable":true,"href":"https:\/\/www.europesays.com\/es\/wp-json\/wp\/v2\/tags?post=182684"}],"curies":[{"name":"wp","href":"https:\/\/api.w.org\/{rel}","templated":true}]}}