{"id":182690,"date":"2025-10-17T10:48:09","date_gmt":"2025-10-17T10:48:09","guid":{"rendered":"https:\/\/www.europesays.com\/es\/182690\/"},"modified":"2025-10-17T10:48:09","modified_gmt":"2025-10-17T10:48:09","slug":"las-aguas-del-urumea-bajan-revueltas","status":"publish","type":"post","link":"https:\/\/www.europesays.com\/es\/182690\/","title":{"rendered":"Las aguas del Urumea bajan revueltas"},"content":{"rendered":"<p class=\"ft-text ft-helper-closenews\">El relevo en el banquillo no ha sentado bien a una Real Sociedad que intenta escapar de los puestos de descenso que ocupa tras disputarse las ocho primeras jornadas de Liga. Y el irregular comienzo de temporada del equipo donostiarra ha afectado a jugadores como Brais M\u00e9ndez, que el domingo afrontar\u00e1 en Bala\u00eddos (16:15 horas) su octavo enfrentamiento contra el club en el que se form\u00f3 y del que parti\u00f3 en el verano de 2022 con la ilusi\u00f3n de triunfar en Anoeta. Su cuarto a\u00f1o en el conjunto txuri-urdin no est\u00e1 siendo bueno por el momento para el centrocampista de Mos, despu\u00e9s de un agitado verano en el que son\u00f3 para incorporarse al f\u00fatbol \u00e1rabe e incluso como posible refuerzo de un Celta que buscaba un jugador de sus caracter\u00edsticas para reemplazar a Fer L\u00f3pez.<\/p>\n<p class=\"ft-text\">Las aguas del r\u00edo Urumea bajan revueltas por San Sebasti\u00e1n, donde en este par\u00f3n de la Liga incluso se especul\u00f3 con la posibilidad de un cambio de entrenador. Los comienzos de Sergio Francisco en la \u00e9lite est\u00e1n siendo dif\u00edciles, m\u00e1s de lo imaginado para el sustituto de un Imanol Alguacil que sinti\u00f3 la necesidad de dar por cerrado su ciclo como entrenador en Anoeta despu\u00e9s de conquistar una Copa del Rey y situar en la cuarta plaza de la Liga a los blanquiazules.<\/p>\n<p class=\"ft-text\">Imanol fue quien apost\u00f3 para que Brais M\u00e9ndez recalase en el club vasco, que desembols\u00f3 14 millones de euros por su traspaso. El t\u00e9cnico reserv\u00f3 al exc\u00e9ltico un puesto entre los tres centrocampistas, pero escorado a la derecha, por la que aparec\u00eda un carrilero para que Brais buscase espacios interiores. Brill\u00f3 el mosense en esa posici\u00f3n. Ahora con Sergio Francisco, el exc\u00e9ltico se mueve por zonas un poco diferentes: como mediapunta en un 4-2-3-1 o como centrocampista por la derecha en el 4-3-3.<\/p>\n<p class=\"ft-text\">Esas modificaciones t\u00e1cticas han llevado a Brais M\u00e9ndez a reducir su n\u00famero de minutos en el arranque liguero con respecto al \u00faltimo con Imanol. Con Sergio Francisco suma el gallego un total de 388 minutos, repartidos en siete partidos, en los que anot\u00f3 un gol y dio una asistencia. En cuatro ocasiones ha sido titular el exc\u00e9ltico con el t\u00e9cnico irundarra.<\/p>\n<p class=\"ft-text\">En el \u00faltimo a\u00f1o con Imanol, Brais M\u00e9ndez estuvo en cinco ocasiones en el once inicial en sus ocho primeros partidos oficiales. En ellos, sum\u00f3 439 minutos (51 minutos m\u00e1s que con Francisco). Un gol y dos asistencias firm\u00f3 entonces el jugador de Mos, que cerr\u00f3 ese curso con 44 partidos y 2.742 minutos entre la Liga, la Copa y la Liga Europa. El equipo vasco firm\u00f3 una temporada irregular que le llev\u00f3 a la und\u00e9cima plaza.<\/p>\n<p class=\"ft-text\">Con el nuevo entrenador, la Real Sociedad ha ca\u00eddo en picado y el ambiente en San Sebasti\u00e1n con su equipo se ha enrarecido. En ello se ha visto involucrado Brais M\u00e9ndez, que d\u00edas atr\u00e1s respond\u00eda en redes sociales a comentarios negativos: \u00abNo voy a permitir que nadie ponga en duda mi compromiso o falta de preocupaci\u00f3n. No ten\u00e9is ni idea de lo que cada uno piensa, siente o hace para intentar revertir la situaci\u00f3n\u00bb, explicaba el futbolista gallego, al que le restan dos a\u00f1os y medio m\u00e1s de contrato en el conjunto vasco.<\/p>\n<p class=\"ft-text\">Despu\u00e9s de cumplir los tres primeros cursos en Anoeta, Brais M\u00e9ndez son\u00f3 para incorporarse al f\u00fatbol \u00e1rabe y en Vigo tambi\u00e9n se escucharon cantos de sirena. D\u00edas atr\u00e1s, Marco Garc\u00e9s record\u00f3 en As el \u00absue\u00f1o\u00bb de verano que el Celta tuvo con el futbolista de Mos. \u00abFue m\u00e1s un sue\u00f1o. Estoy enterado de que hubo conversaciones, habl\u00f3 con mucha gente dentro del club, pero conmigo directamente, no. Fue una fantas\u00eda porque es un tema meramente salarial. \u00bfPor qu\u00e9 lo iba a dejar salir la Real? Ser\u00eda una operaci\u00f3n cara, cara\u00bb, a\u00f1adi\u00f3 el director deportivo del Celta sobre el jugador que el domingo regresa a casa pero con el equipo vasco.<\/p>\n<p data-close=\"closedContent\" class=\"subscribeHideForDisplay\">Suscr\u00edbete para seguir leyendo<\/p>\n","protected":false},"excerpt":{"rendered":"El relevo en el banquillo no ha sentado bien a una Real Sociedad que intenta escapar de los&hellip;\n","protected":false},"author":2,"featured_media":182691,"comment_status":"","ping_status":"","sticky":false,"template":"","format":"standard","meta":{"footnotes":""},"categories":[268],"tags":[616,51740,39542,1798,168,25,24,280,282,1386,7209,51741,281,23,167,51739],"class_list":{"0":"post-182690","1":"post","2":"type-post","3":"status-publish","4":"format-standard","5":"has-post-thumbnail","7":"category-futbol","8":"tag-aguas","9":"tag-bajan","10":"tag-brais-mendez","11":"tag-club","12":"tag-deportes","13":"tag-es","14":"tag-espana","15":"tag-football","16":"tag-futbol","17":"tag-plaza","18":"tag-real-sociedad","19":"tag-revueltas","20":"tag-soccer","21":"tag-spain","22":"tag-sports","23":"tag-urumea"},"share_on_mastodon":{"url":"","error":""},"_links":{"self":[{"href":"https:\/\/www.europesays.com\/es\/wp-json\/wp\/v2\/posts\/182690","targetHints":{"allow":["GET"]}}],"collection":[{"href":"https:\/\/www.europesays.com\/es\/wp-json\/wp\/v2\/posts"}],"about":[{"href":"https:\/\/www.europesays.com\/es\/wp-json\/wp\/v2\/types\/post"}],"author":[{"embeddable":true,"href":"https:\/\/www.europesays.com\/es\/wp-json\/wp\/v2\/users\/2"}],"replies":[{"embeddable":true,"href":"https:\/\/www.europesays.com\/es\/wp-json\/wp\/v2\/comments?post=182690"}],"version-history":[{"count":0,"href":"https:\/\/www.europesays.com\/es\/wp-json\/wp\/v2\/posts\/182690\/revisions"}],"wp:featuredmedia":[{"embeddable":true,"href":"https:\/\/www.europesays.com\/es\/wp-json\/wp\/v2\/media\/182691"}],"wp:attachment":[{"href":"https:\/\/www.europesays.com\/es\/wp-json\/wp\/v2\/media?parent=182690"}],"wp:term":[{"taxonomy":"category","embeddable":true,"href":"https:\/\/www.europesays.com\/es\/wp-json\/wp\/v2\/categories?post=182690"},{"taxonomy":"post_tag","embeddable":true,"href":"https:\/\/www.europesays.com\/es\/wp-json\/wp\/v2\/tags?post=182690"}],"curies":[{"name":"wp","href":"https:\/\/api.w.org\/{rel}","templated":true}]}}