{"id":182698,"date":"2025-10-17T10:52:08","date_gmt":"2025-10-17T10:52:08","guid":{"rendered":"https:\/\/www.europesays.com\/es\/182698\/"},"modified":"2025-10-17T10:52:08","modified_gmt":"2025-10-17T10:52:08","slug":"susanna-griso-recuerda-emocionada-a-javier-lamban-en-su-visita-a-el-hormiguero-daba-pena","status":"publish","type":"post","link":"https:\/\/www.europesays.com\/es\/182698\/","title":{"rendered":"Susanna Griso recuerda emocionada a Javier Lamb\u00e1n en su visita a El Hormiguero: \u00abDaba pena\u00bb"},"content":{"rendered":"<p class=\"ft-text\"><strong>Susanna Griso<\/strong> acudi\u00f3 este martes a <strong>El Hormiguero<\/strong>, el programa de <strong>Antena 3<\/strong> que presenta <strong>Pablo Motos<\/strong>, para celebrar los <strong>20 a\u00f1os en antena<\/strong> de su magazine matinal Espejo P\u00fablico. La entrevista dej\u00f3 grandes momentos de <strong>humor, reflexi\u00f3n y cercan\u00eda<\/strong>, en los que la presentadora demostr\u00f3 por qu\u00e9 es una de las grandes figuras de la <a class=\"ft-link ft-link--decoration\" href=\"https:\/\/www.elperiodicodearagon.com\/tags\/television-2\/\" target=\"_blank\" rel=\"nofollow noopener\">televisi\u00f3n<\/a>.<\/p>\n<p>El recuerdo a Javier Lamb\u00e1n<\/p>\n<p class=\"ft-text\">Entre estos momentos destac\u00f3 el <strong>recuerdo de la presentadora al expresidente de Arag\u00f3n, <\/strong><a class=\"ft-link ft-link--decoration\" href=\"https:\/\/www.elperiodicodearagon.com\/tags\/javier-lamban\/\" target=\"_blank\" rel=\"nofollow noopener\"><strong>Javier Lamb\u00e1n<\/strong><\/a><strong>,<\/strong> fallecido el pasado <strong>15 de agosto<\/strong> a causa de un c\u00e1ncer de colon. Al ser preguntada por su <strong>entrevista so\u00f1ada<\/strong>, Griso afirm\u00f3 que le encantar\u00eda hablar con la <strong>infanta Leonor<\/strong> y coment\u00f3 que no entiende por qu\u00e9 la <strong>Casa Real<\/strong> est\u00e1 tan protegida de cara a los medios de comunicaci\u00f3n.<\/p>\n<p class=\"ft-text\">Fue entonces cuando lleg\u00f3 el momento m\u00e1s emotivo y reflexivo de la noche, en el que la presentadora se emocion\u00f3 al recordar la <strong>\u00faltima entrevista realizada a Lamb\u00e1n<\/strong>, poco antes de su fallecimiento. Fue el pasado <strong>4 de julio<\/strong> cuando el expresidente del <strong>Gobierno de Arag\u00f3n<\/strong> atendi\u00f3 a Espejo P\u00fablico por videollamada para analizar la entrada en prisi\u00f3n de <strong>Santos Cerd\u00e1n<\/strong>.<\/p>\n<p class=\"ft-text\">En ese momento, el ejeano asegur\u00f3 estar <strong>\u201crazonablemente bien\u201d<\/strong>, aunque ten\u00eda algunas secuelas, y agradeci\u00f3 el <strong>apoyo de su familia y de la sanidad p\u00fablica espa\u00f1ola<\/strong>. \u201c<strong>La pol\u00edtica, si no mejora la sanidad, por lo menos que no la estropee<\/strong>\u201d, se\u00f1al\u00f3.<\/p>\n<p>Una entrevista \u00abmuy dura\u00bb<\/p>\n<p class=\"ft-text\">La presentadora de Espejo P\u00fablico relat\u00f3 c\u00f3mo fue aquel momento tan duro, en el que la salud del expresidente aragon\u00e9s ya era muy fr\u00e1gil. \u201c<strong>Daba pena verle<\/strong>\u201d, reconoci\u00f3 la periodista, quien indic\u00f3 que \u201c<strong>\u00e9l ten\u00eda ganas de hablar y estaba muy dispuesto, muy desesperado, porque no quer\u00eda pensar que este Partido Socialista no iba a cambiar antes de que \u00e9l se muriera<\/strong>\u201d.<\/p>\n<p class=\"ft-text\">En esa entrevista, record\u00f3 <a class=\"ft-link ft-link--decoration\" href=\"https:\/\/www.elperiodicodearagon.com\/tags\/susanna-griso\/\" target=\"_blank\" rel=\"nofollow noopener\">Griso<\/a>, a Lamb\u00e1n <strong>le empez\u00f3 a sangrar la nariz<\/strong> porque acababa de someterse a uno de sus tratamientos m\u00e9dicos. \u201c<strong>En ese momento yo quise parar, pero \u00e9l quiso seguir<\/strong>\u201d, rememor\u00f3 la presentadora.<\/p>\n<p class=\"ft-text\">Al acabar la entrevista, a trav\u00e9s de un amigo, Lamb\u00e1n le hizo llegar un mensaje a Griso para decirle que <strong>no estaba tan mal como parec\u00eda<\/strong>, sino que se encontraba \u201cfrancamente bien\u201d. \u201c<strong>Eso fue en el mes de julio y Lamb\u00e1n falleci\u00f3 un mes despu\u00e9s<\/strong>\u201d, reflexion\u00f3 Griso, a lo que Motos apunt\u00f3: \u201c<strong>Qu\u00e9 duro<\/strong>\u201d.<\/p>\n","protected":false},"excerpt":{"rendered":"Susanna Griso acudi\u00f3 este martes a El Hormiguero, el programa de Antena 3 que presenta Pablo Motos, para&hellip;\n","protected":false},"author":2,"featured_media":182699,"comment_status":"","ping_status":"","sticky":false,"template":"","format":"standard","meta":{"footnotes":""},"categories":[171],"tags":[4482,5813,14733,146,147,25,24,32231,17775,51742,15443,23,32230,30447,214],"class_list":{"0":"post-182698","1":"post","2":"type-post","3":"status-publish","4":"format-standard","5":"has-post-thumbnail","7":"category-tv","8":"tag-dv","9":"tag-el-hormiguero","10":"tag-emociona","11":"tag-entertainment","12":"tag-entretenimiento","13":"tag-es","14":"tag-espana","15":"tag-griso","16":"tag-hormiguero","17":"tag-javier-lamban","18":"tag-recordar","19":"tag-spain","20":"tag-susanna","21":"tag-susanna-griso","22":"tag-tv"},"share_on_mastodon":{"url":"","error":""},"_links":{"self":[{"href":"https:\/\/www.europesays.com\/es\/wp-json\/wp\/v2\/posts\/182698","targetHints":{"allow":["GET"]}}],"collection":[{"href":"https:\/\/www.europesays.com\/es\/wp-json\/wp\/v2\/posts"}],"about":[{"href":"https:\/\/www.europesays.com\/es\/wp-json\/wp\/v2\/types\/post"}],"author":[{"embeddable":true,"href":"https:\/\/www.europesays.com\/es\/wp-json\/wp\/v2\/users\/2"}],"replies":[{"embeddable":true,"href":"https:\/\/www.europesays.com\/es\/wp-json\/wp\/v2\/comments?post=182698"}],"version-history":[{"count":0,"href":"https:\/\/www.europesays.com\/es\/wp-json\/wp\/v2\/posts\/182698\/revisions"}],"wp:featuredmedia":[{"embeddable":true,"href":"https:\/\/www.europesays.com\/es\/wp-json\/wp\/v2\/media\/182699"}],"wp:attachment":[{"href":"https:\/\/www.europesays.com\/es\/wp-json\/wp\/v2\/media?parent=182698"}],"wp:term":[{"taxonomy":"category","embeddable":true,"href":"https:\/\/www.europesays.com\/es\/wp-json\/wp\/v2\/categories?post=182698"},{"taxonomy":"post_tag","embeddable":true,"href":"https:\/\/www.europesays.com\/es\/wp-json\/wp\/v2\/tags?post=182698"}],"curies":[{"name":"wp","href":"https:\/\/api.w.org\/{rel}","templated":true}]}}