{"id":182721,"date":"2025-10-17T11:04:10","date_gmt":"2025-10-17T11:04:10","guid":{"rendered":"https:\/\/www.europesays.com\/es\/182721\/"},"modified":"2025-10-17T11:04:10","modified_gmt":"2025-10-17T11:04:10","slug":"tomas-angulo-encierro-con-seis-toros-en-almendralejo-espero-un-antes-y-un-despues-tras-la-gesta-de-manana","status":"publish","type":"post","link":"https:\/\/www.europesays.com\/es\/182721\/","title":{"rendered":"Tom\u00e1s Angulo, Encierro con seis toros en Almendralejo: \u00abEspero un antes y un despu\u00e9s tras la gesta de ma\u00f1ana\u00bb"},"content":{"rendered":"<p class=\"v-mdl-ath__p v-mdl-ath__p--6\">\nViernes, 17 de octubre 2025, 11:20<\/p>\n<p>| Actualizado 11:31h.<\/p>\n<p class=\"v-p\">El matador de toros Tom\u00e1s Angulo, natural de Llerena, que se form\u00f3 en la Escuela de Tauromaquia de la Diputaci\u00f3n de Badajoz, se encerrar\u00e1 este s\u00e1bado con <a href=\"https:\/\/www.hoy.es\/prov-badajoz\/tomas-angulo-encerrara-seis-toros-octubre-almendralejo-20250923084307-nt.html\" data-voc-vtm-id=\"in-text-traffic\" title=\"seis toros en la Plaza de Toros de Almendralejo\" data-mrf-link=\"www.hoy.es\" rel=\"nofollow noopener\" target=\"_blank\">seis toros en la Plaza de Toros de Almendralejo<\/a>, con motivo de su d\u00e9cimo aniversario como matador. Su objetivo es que su nombre sea tenido en cuenta de cara a la pr\u00f3xima temporada en los carteles que se confeccionen en Extremadura y en el resto de la geograf\u00eda nacional.<\/p>\n<p class=\"v-p\">A principios del presente a\u00f1o empez\u00f3 a gestarse esta corrida \u00aby se lo comentamos a la empresa adjudicataria de los festejos taurino en Almendralejo, Tauroemoci\u00f3n para ver si cab\u00eda la posibilidad que contar\u00e1n conmigo en una de las dos corridas organizadas este a\u00f1o, y al ver que no han contado conmigo, optamos por organizar la encerrona\u00bb, explica.<\/p>\n<p class=\"v-p\">Esta gesta tiene varios mensaje, ha indicado el matador a HOY. \u00abUno de ellos el d\u00e9cimo aniversario, y otro el llamar la atenci\u00f3n para que sepan que sigo en activo y apto para estar en cualquier cartel\u00ab, dice.<\/p>\n<p class=\"v-p\">Lo f\u00e1cil en situaciones como la de Tom\u00e1s Angulo, que hace dos a\u00f1os que no se pone el traje de luces, es que uno se aburra y decida retirarse. \u00abUna persona fundamental para seguir con la ilusi\u00f3n ha sido mi apoderado el aficionado Paquito Ruiz. Siempre en un momento de baj\u00f3n ha estado ah\u00ed con una conversaci\u00f3n o un tentadero\u00bb, asegura.<\/p>\n<p><a href=\"http:\/\/www.hoy.es\/culturas\/toros\/extremeno-alejandro-talavante-ocupara-lugar-morante-puebla-20251017091949-nt.html#vtm_modulosEngag=mod-rel:culturas:noticia:1:cmp:2-not\" class=\"v-a-link\" title=\"Sorpresa de \u00faltima hora: el extreme\u00f1o Alejandro Talavante sustituir\u00e1 a Morante de la Puebla en el ruedo\" rel=\"nofollow noopener\" target=\"_blank\"><br \/>\n<img decoding=\"async\" loading=\"lazy\" class=\"v-a-img\" src=\"https:\/\/www.europesays.com\/es\/wp-content\/uploads\/2025\/10\/talavante-morantedelapuebla-k6UG--366x256@Hoy.jpg\" alt=\"Sorpresa de \u00faltima hora: el extreme\u00f1o Alejandro Talavante sustituir\u00e1 a Morante de la Puebla en el ruedo\"\/><br \/>\n<\/a><\/p>\n<p><a href=\"http:\/\/www.hoy.es\/sociedad\/salud\/trastorno-disociativo-enfermedad-mental-obligado-morante-puebla-20251015093636-nt.html#vtm_modulosEngag=mod-rel:culturas:noticia:2:cmp:2-not\" class=\"v-a-link\" title=\"Qu\u00e9 es el trastorno disociativo, la enfermedad mental que ha obligado a Morante de la Puebla a retirarse\" rel=\"nofollow noopener\" target=\"_blank\"><br \/>\n<img decoding=\"async\" loading=\"lazy\" class=\"v-a-img\" src=\"https:\/\/www.europesays.com\/es\/wp-content\/uploads\/2025\/10\/morante-k3fD--366x256@Hoy.jpg\" alt=\"Qu\u00e9 es el trastorno disociativo, la enfermedad mental que ha obligado a Morante de la Puebla a retirarse\"\/><br \/>\n<\/a><\/p>\n<p class=\"v-p\">Destaca su situaci\u00f3n actual de estabilidad laboral, personal y familiar. \u00abMi pareja y mi familia est\u00e1n todos bien, gracias Dios, y eso ha influido en seguir entrenando de otra forma: libre, con menos presi\u00f3n. He podido eguir entrenando, como se suele decir, por amor al arte, para estar preparado para mi compromiso de ma\u00f1ana\u00bb, sostiene.<\/p>\n<p class=\"v-p\">El entrenamiento y la preparaci\u00f3n f\u00edsica ha sido fundamental para dar este paso. Cuando se torea poco y llega una oportunidad de torear hay que hacer una preparaci\u00f3n intensa, y m\u00e1s si es para matar seis toros en solitario. \u00abLa preparaci\u00f3n dentro de mis posibilidades ha sido los m\u00e1s completa posible, con lo que he podido torear en el campo y los ganaderos me han podido atender, ya que al ser final de temporada ya quedaba poco ganado disponible en los cercados, pero he matado cuatro toros y toreado vacas viejas que tienen embestidas similares a los toros. Adem\u00e1s, he tenido una exhaustiva preparaci\u00f3n f\u00edsica\u00bb, resalta. <\/p>\n<p class=\"v-p\">Angulo se enfrentar\u00e1 a toros de diferentes ganader\u00eda, dos de Pe\u00f1as Blancas, dos Espartaco, uno de Luis Algarra y otro de la ganader\u00eda de El Parralejo.<\/p>\n<p class=\"v-p\">La corrida de este s\u00e1bado dar\u00e1 comienzo a las 18 horas en el coso de la Piedad de Almendralejo. <\/p>\n<p>Reporta un error<\/p>\n","protected":false},"excerpt":{"rendered":"Viernes, 17 de octubre 2025, 11:20 | Actualizado 11:31h. El matador de toros Tom\u00e1s Angulo, natural de Llerena,&hellip;\n","protected":false},"author":2,"featured_media":182722,"comment_status":"","ping_status":"","sticky":false,"template":"","format":"standard","meta":{"footnotes":""},"categories":[277],"tags":[9776,373,168,987,1309,25,24,12694,19382,2435,1139,23,167,374,444,575],"class_list":{"0":"post-182721","1":"post","2":"type-post","3":"status-publish","4":"format-standard","5":"has-post-thumbnail","7":"category-toreo","8":"tag-almendralejo","9":"tag-bullfighting","10":"tag-deportes","11":"tag-despues","12":"tag-encierro","13":"tag-es","14":"tag-espana","15":"tag-espero","16":"tag-gesta","17":"tag-manana","18":"tag-seis","19":"tag-spain","20":"tag-sports","21":"tag-toreo","22":"tag-toros","23":"tag-tras"},"share_on_mastodon":{"url":"","error":""},"_links":{"self":[{"href":"https:\/\/www.europesays.com\/es\/wp-json\/wp\/v2\/posts\/182721","targetHints":{"allow":["GET"]}}],"collection":[{"href":"https:\/\/www.europesays.com\/es\/wp-json\/wp\/v2\/posts"}],"about":[{"href":"https:\/\/www.europesays.com\/es\/wp-json\/wp\/v2\/types\/post"}],"author":[{"embeddable":true,"href":"https:\/\/www.europesays.com\/es\/wp-json\/wp\/v2\/users\/2"}],"replies":[{"embeddable":true,"href":"https:\/\/www.europesays.com\/es\/wp-json\/wp\/v2\/comments?post=182721"}],"version-history":[{"count":0,"href":"https:\/\/www.europesays.com\/es\/wp-json\/wp\/v2\/posts\/182721\/revisions"}],"wp:featuredmedia":[{"embeddable":true,"href":"https:\/\/www.europesays.com\/es\/wp-json\/wp\/v2\/media\/182722"}],"wp:attachment":[{"href":"https:\/\/www.europesays.com\/es\/wp-json\/wp\/v2\/media?parent=182721"}],"wp:term":[{"taxonomy":"category","embeddable":true,"href":"https:\/\/www.europesays.com\/es\/wp-json\/wp\/v2\/categories?post=182721"},{"taxonomy":"post_tag","embeddable":true,"href":"https:\/\/www.europesays.com\/es\/wp-json\/wp\/v2\/tags?post=182721"}],"curies":[{"name":"wp","href":"https:\/\/api.w.org\/{rel}","templated":true}]}}