{"id":182739,"date":"2025-10-17T11:16:08","date_gmt":"2025-10-17T11:16:08","guid":{"rendered":"https:\/\/www.europesays.com\/es\/182739\/"},"modified":"2025-10-17T11:16:08","modified_gmt":"2025-10-17T11:16:08","slug":"las-guerreras-k-pop-salta-desde-netflix-a-los-cines-para-celebrar-halloween-con-sus-fans-cultura","status":"publish","type":"post","link":"https:\/\/www.europesays.com\/es\/182739\/","title":{"rendered":"\u2018Las guerreras K-pop\u2019 salta desde Netflix a los cines para celebrar Halloween con sus fans | Cultura"},"content":{"rendered":"<p class=\"\">El gran \u00e9xito de Netflix Las guerreras K-pop llega a las salas de cine de todo el mundo por tres d\u00edas, justo el fin de semana de Halloween, en una versi\u00f3n sing-along, una experiencia de visionado donde las canciones se proyectan con subt\u00edtulos para que el p\u00fablico cante como si estuviera en un karaoke. As\u00ed lo ha confirmado <a href=\"https:\/\/elpais.com\/noticias\/netflix\/\" target=\"_blank\" rel=\"noreferrer nofollow noopener\" title=\"https:\/\/elpais.com\/noticias\/netflix\/\">Netflix<\/a>, donde <a href=\"https:\/\/elpais.com\/cultura\/cine\/2025-08-27\/las-guerreras-kpop-se-convierte-en-la-pelicula-mas-vista-en-la-historia-de-netflix.html\" target=\"_blank\" rel=\"noreferrer nofollow noopener\" title=\"https:\/\/elpais.com\/cultura\/cine\/2025-08-27\/las-guerreras-kpop-se-convierte-en-la-pelicula-mas-vista-en-la-historia-de-netflix.html\">la pel\u00edcula tiene el r\u00e9cord de ser la m\u00e1s vista en la historia<\/a>. El pase ser\u00e1 entre los d\u00edas 31 de octubre y el 2 de noviembre, y ya hay algunas salas con entradas a la venta (Kin\u00e9polis, Odeon, Mk2, Ocine, UCC, que se ampliar\u00e1n en los siguientes d\u00edas), seg\u00fan ha confirmado Netflix a EL PA\u00cdS.<\/p>\n<p class=\"\">La banda sonora de la pel\u00edcula es un \u00e9xito. Golden, la canci\u00f3n principal, <a href=\"https:\/\/www.billboard.com\/charts\/hot-100\/\" target=\"_self\" rel=\"nofollow noopener\" title=\"https:\/\/www.billboard.com\/charts\/hot-100\/\">lleva 16 semanas en el Billboard Hot 100<\/a>. Esta semana, del 18 de octubre, ocupa el lugar n\u00famero 13. HUNTR\/X, la banda que protagoniza la pel\u00edcula, es el primer grupo de chicas en encabezar el Hot 100 desde Destiny\u2019s Child en 2001. La banda tuvo otras tres canciones en los primeros 10 puestos del ranking: Your Idol, Soda Pop y How It\u2019s Done. <a href=\"https:\/\/elpais.com\/gente\/2023-06-10\/quien-es-quien-en-el-mundo-del-k-pop-los-idolos-detras-del-fenomeno-musical-que-arrasa.html#?rel=mas_sumario\" target=\"_blank\" rel=\"noreferrer nofollow noopener\" title=\"https:\/\/elpais.com\/gente\/2023-06-10\/quien-es-quien-en-el-mundo-del-k-pop-los-idolos-detras-del-fenomeno-musical-que-arrasa.html#?rel=mas_sumario\">El boom musical K-pop<\/a> tambi\u00e9n lleg\u00f3 a las redes sociales con bailes y trends. Por esto un evento como un sing-along, llega como un regalo para los fans. <\/p>\n<p>M\u00e1s informaci\u00f3n<\/p>\n<p class=\"\">El argumento del largometraje estadounidense, dirigido por Maggie Kang y Chris Appelhans, es la historia de Rumi, Zoey y Mira, tres chicas cantantes que llevan una doble vida: son integrantes del grupo femenino de K-pop HUNTR\/X y, adem\u00e1s, cazadoras de demonios. A lo largo de la cinta se enfrentan a una banda rival de hombres, los Saja Boys, cuyos miembros son demonios en secreto. <\/p>\n","protected":false},"excerpt":{"rendered":"El gran \u00e9xito de Netflix Las guerreras K-pop llega a las salas de cine de todo el mundo&hellip;\n","protected":false},"author":2,"featured_media":182740,"comment_status":"","ping_status":"","sticky":false,"template":"","format":"standard","meta":{"footnotes":""},"categories":[170],"tags":[10689,177,209,146,147,25,24,29389,184,185,152,753,1032,23],"class_list":{"0":"post-182739","1":"post","2":"type-post","3":"status-publish","4":"format-standard","5":"has-post-thumbnail","7":"category-musica","8":"tag-animacion","9":"tag-cine","10":"tag-cultura","11":"tag-entertainment","12":"tag-entretenimiento","13":"tag-es","14":"tag-espana","15":"tag-industria-audiovisual","16":"tag-music","17":"tag-musica","18":"tag-netflix","19":"tag-peliculas","20":"tag-sony","21":"tag-spain"},"share_on_mastodon":{"url":"","error":""},"_links":{"self":[{"href":"https:\/\/www.europesays.com\/es\/wp-json\/wp\/v2\/posts\/182739","targetHints":{"allow":["GET"]}}],"collection":[{"href":"https:\/\/www.europesays.com\/es\/wp-json\/wp\/v2\/posts"}],"about":[{"href":"https:\/\/www.europesays.com\/es\/wp-json\/wp\/v2\/types\/post"}],"author":[{"embeddable":true,"href":"https:\/\/www.europesays.com\/es\/wp-json\/wp\/v2\/users\/2"}],"replies":[{"embeddable":true,"href":"https:\/\/www.europesays.com\/es\/wp-json\/wp\/v2\/comments?post=182739"}],"version-history":[{"count":0,"href":"https:\/\/www.europesays.com\/es\/wp-json\/wp\/v2\/posts\/182739\/revisions"}],"wp:featuredmedia":[{"embeddable":true,"href":"https:\/\/www.europesays.com\/es\/wp-json\/wp\/v2\/media\/182740"}],"wp:attachment":[{"href":"https:\/\/www.europesays.com\/es\/wp-json\/wp\/v2\/media?parent=182739"}],"wp:term":[{"taxonomy":"category","embeddable":true,"href":"https:\/\/www.europesays.com\/es\/wp-json\/wp\/v2\/categories?post=182739"},{"taxonomy":"post_tag","embeddable":true,"href":"https:\/\/www.europesays.com\/es\/wp-json\/wp\/v2\/tags?post=182739"}],"curies":[{"name":"wp","href":"https:\/\/api.w.org\/{rel}","templated":true}]}}