{"id":182753,"date":"2025-10-17T11:23:11","date_gmt":"2025-10-17T11:23:11","guid":{"rendered":"https:\/\/www.europesays.com\/es\/182753\/"},"modified":"2025-10-17T11:23:11","modified_gmt":"2025-10-17T11:23:11","slug":"un-terremoto-de-magnitud-60-sacude-la-isla-de-mindanao-en-filipinas","status":"publish","type":"post","link":"https:\/\/www.europesays.com\/es\/182753\/","title":{"rendered":"Un terremoto de magnitud 6,0 sacude la isla de Mindanao en Filipinas"},"content":{"rendered":"<p class=\"c-paragraph\">Un<b> terremoto de magnitud 6,0<\/b> ha sacudido este viernes el noreste de la isla filipina de Mindanao, sin que las autoridades hayan activado de momento la alerta de tsunami, una semana despu\u00e9s de un doble terremoto en la misma isla.<\/p>\n<p class=\"c-paragraph\">El Servicio Geol\u00f3gico de Estados Unidos (USGS), que registra la actividad s\u00edsmica en todo el mundo, indic\u00f3 que el terremoto tuvo lugar a las 7:03 hora local (23:03 GMT) con el epicentro a 69 kil\u00f3metros de profundidad y unos 67,5 kil\u00f3metros de Surigao del Norte, al noreste de la isla.<\/p>\n<p class=\"c-paragraph\">La agencia sismol\u00f3gica de Filipinas (Phivolcs) indic\u00f3 que <b>el movimiento tel\u00farico se sinti\u00f3 en varias ciudades de la regi\u00f3n de Carag\u00e1<\/b> (que alberga a Surigao del Norte), donde viven cerca de tres millones de personas.<\/p>\n<p class=\"c-paragraph\">Las autoridades filipinas no emitieron alerta de tsunami tras el sismo, que se produce una semana despu\u00e9s de un doble terremoto en Mindanao (un primero de magnitud 7,4 y otro horas despu\u00e9s de 6,7), que dejaron nueve muertos y cerca de un mill\u00f3n de afectados en el sureste de la isla.<\/p>\n<p class=\"c-paragraph\">Adem\u00e1s, Filipinas fue sacudida el 30 de septiembre por un terremoto de 6,9 que se sald\u00f3 con 79 muertos en la isla de Cebu.<\/p>\n<p class=\"c-paragraph\">Filipinas se asienta sobre el llamado Anillo de Fuego del Pac\u00edfico, una zona de gran actividad s\u00edsmica y volc\u00e1nica en la que cada a\u00f1o se registran unos 7.000 terremotos, la mayor\u00eda moderados.<\/p>\n","protected":false},"excerpt":{"rendered":"Un terremoto de magnitud 6,0 ha sacudido este viernes el noreste de la isla filipina de Mindanao, sin&hellip;\n","protected":false},"author":2,"featured_media":182754,"comment_status":"","ping_status":"","sticky":false,"template":"","format":"standard","meta":{"footnotes":""},"categories":[42],"tags":[517,17,18,13,14,11,61,62,63,64,19,20,9,10,15,16,12,21,22,65,66,67],"class_list":{"0":"post-182753","1":"post","2":"type-post","3":"status-publish","4":"format-standard","5":"has-post-thumbnail","7":"category-internacional","8":"tag-actualidad","9":"tag-breaking-news","10":"tag-breakingnews","11":"tag-featured-news","12":"tag-featurednews","13":"tag-headlines","14":"tag-internacional","15":"tag-international","16":"tag-international-news","17":"tag-internationalnews","18":"tag-latest-news","19":"tag-latestnews","20":"tag-news","21":"tag-noticias","22":"tag-noticias-destacadas","23":"tag-noticiasdestacadas","24":"tag-titulares","25":"tag-ultimas-noticias","26":"tag-ultimasnoticias","27":"tag-world","28":"tag-world-news","29":"tag-worldnews"},"share_on_mastodon":{"url":"","error":""},"_links":{"self":[{"href":"https:\/\/www.europesays.com\/es\/wp-json\/wp\/v2\/posts\/182753","targetHints":{"allow":["GET"]}}],"collection":[{"href":"https:\/\/www.europesays.com\/es\/wp-json\/wp\/v2\/posts"}],"about":[{"href":"https:\/\/www.europesays.com\/es\/wp-json\/wp\/v2\/types\/post"}],"author":[{"embeddable":true,"href":"https:\/\/www.europesays.com\/es\/wp-json\/wp\/v2\/users\/2"}],"replies":[{"embeddable":true,"href":"https:\/\/www.europesays.com\/es\/wp-json\/wp\/v2\/comments?post=182753"}],"version-history":[{"count":0,"href":"https:\/\/www.europesays.com\/es\/wp-json\/wp\/v2\/posts\/182753\/revisions"}],"wp:featuredmedia":[{"embeddable":true,"href":"https:\/\/www.europesays.com\/es\/wp-json\/wp\/v2\/media\/182754"}],"wp:attachment":[{"href":"https:\/\/www.europesays.com\/es\/wp-json\/wp\/v2\/media?parent=182753"}],"wp:term":[{"taxonomy":"category","embeddable":true,"href":"https:\/\/www.europesays.com\/es\/wp-json\/wp\/v2\/categories?post=182753"},{"taxonomy":"post_tag","embeddable":true,"href":"https:\/\/www.europesays.com\/es\/wp-json\/wp\/v2\/tags?post=182753"}],"curies":[{"name":"wp","href":"https:\/\/api.w.org\/{rel}","templated":true}]}}