{"id":182758,"date":"2025-10-17T11:26:08","date_gmt":"2025-10-17T11:26:08","guid":{"rendered":"https:\/\/www.europesays.com\/es\/182758\/"},"modified":"2025-10-17T11:26:08","modified_gmt":"2025-10-17T11:26:08","slug":"es-muy-dificil-decir-que-no-al-oar-siendo-el-club-de-tu-vida","status":"publish","type":"post","link":"https:\/\/www.europesays.com\/es\/182758\/","title":{"rendered":"Es muy dif\u00edcil decir que no al OAR siendo el club de tu vida"},"content":{"rendered":"<p class=\"\">Podr\u00eda decirse que <b>Daniel McNamee<\/b> (A Coru\u00f1a, 2001) naci\u00f3 destinado a jugar al balonmano. Desde peque\u00f1o se cri\u00f3 en el barrio de la Cubela y fue al colegio San Francisco Javier, \u201cla capital del balonmano aqu\u00ed en Coru\u00f1a\u201d, como \u00e9l mismo define al pabell\u00f3n. Fue cuesti\u00f3n de tiempo que empezase a practicar este deporte y que entrase a formar parte de las filas del Attica 21 Hotels <b>OAR <\/b>Coru\u00f1a.\u00a0<\/p>\n<p class=\"\">Tras pasar por todas las categor\u00edas inferiores del club lleg\u00f3 al primer equipo, debutando en Primera Nacional. La temporada pasada se fue a Le\u00f3n por estudios y este verano ha regresado al club de su vida aunque con una nueva faceta: la de preparador f\u00edsico y entrenador de porteros, con la que afronta el reto hist\u00f3rico de acompa\u00f1ar a su OAR en Divisi\u00f3n de Honor Plata diecisiete a\u00f1os despu\u00e9s de la \u00faltima aventura del club en esta categor\u00eda.<\/p>\n<p class=\"\"><b>\u00bfC\u00f3mo resume su trayectoria en el balonmano?<\/b><\/p>\n<p class=\"\">Yo soy de la zona del San Francisco Javier, del barrio de la Cubela y Monelos. Estudi\u00e9 en el San Francisco Javier y despu\u00e9s fui a Monelos y desde que tuve la primera oportunidad de jugar a balonmano en primero de Primaria ya estuve ah\u00ed con el OAR. Pas\u00e9 por todas las etapas con el club y despu\u00e9s estudi\u00e9 INEF mientras jugaba en el OAR.\u00a0<\/p>\n<p class=\"\">En cuarto de carrera fui a Le\u00f3n a hacer dos M\u00e1steres. Yo quer\u00eda desconectar un poco del balonmano porque estaba un poco quemado y ten\u00eda una medio lesi\u00f3n, pero estando en Le\u00f3n, que es una ciudad con tanta tradici\u00f3n, inevitablemente te llama el balonmano y acab\u00e9 entrando desde otro lado. En lugar de ser jugador, entr\u00e9 como cuerpo t\u00e9cnico. Despu\u00e9s de haber estudiado INEF, vi la necesidad de ejercer como ello. Tambi\u00e9n lo disfruto, pero no hay sesi\u00f3n que no me pique el gusanillo. Es muy dif\u00edcil decirle que no al OAR siendo el club de tu vida, y m\u00e1s despu\u00e9s del ascenso.<\/p>\n<p class=\"c-detail__cite\">Me llam\u00f3 Carlos, me lo propuso y es muy dif\u00edcil decir que no a tu casa y m\u00e1s cuando es algo hist\u00f3rico para el club\u00a0<\/p>\n<p class=\"\"><b>Pero es una buena manera de juntar los dos mundos, \u00bfno?<\/b><\/p>\n<p class=\"\">S\u00ed y m\u00e1s en casa, despu\u00e9s de un ascenso y siendo una temporada hist\u00f3rica. Yo con Pablo (Aguirregabiria) escuchaba historias de cuando el OAR estaba en Plata y lo ve\u00eda como una leyenda. Esto no deja de ser algo hist\u00f3rico para el club.<\/p>\n<p class=\"\"><b>\u00bfPor qu\u00e9 se decanta por el balonmano de peque\u00f1o?<\/b><\/p>\n<p class=\"\">Yo jugaba a todos los deportes y hac\u00eda todas las actividades que pod\u00eda. Al final, la cercan\u00eda del pabell\u00f3n con mi casa, me empuj\u00f3 a practicar el deporte de mi barrio imagino. Siendo San Francisco Javier la capital del balonmano aqu\u00ed en Coru\u00f1a&#8230;<\/p>\n<p class=\"\"><b>\u00bfC\u00f3mo fue esa conversaci\u00f3n en verano para que se diera su vuelta?<\/b><\/p>\n<p class=\"\">Me llam\u00f3 Carlos (Resch, presidente del club). Yo fui a la fase de ascenso como un aficionado m\u00e1s porque, a\u00fan estando en Le\u00f3n, un evento as\u00ed al lado de mi casa no me lo pod\u00eda perder, y m\u00e1s siendo el OAR. Me llam\u00f3 Carlos, me lo propuso y es muy dif\u00edcil decir que no a tu casa y m\u00e1s cuando es algo hist\u00f3rico para el club por todo lo que significa. En Le\u00f3n aprend\u00ed mogoll\u00f3n y me form\u00e9 como entrenador. Me alegro un mont\u00f3n de haber estado all\u00ed.<\/p>\n<p class=\"c-detail__cite\">Tengo un v\u00ednculo importante con los jugadores porque paso infinidad de tiempo con ellos y se crea una relaci\u00f3n\u00a0<\/p>\n<p class=\"\"><b>\u00bfDir\u00eda que su carrera como jugador ya ha terminado?<\/b><\/p>\n<p class=\"\">No, no cierro la puerta. Al final, tengo 24 a\u00f1os y no puedo decir que no. Claro que me pica el gusanillo y ahora estoy bien, pero no se puede decir que no.<\/p>\n<p class=\"\"><b>\u00bfQu\u00e9 opina de la profesionalizaci\u00f3n que est\u00e1 experimentando el OAR?<\/b><\/p>\n<p class=\"\">Cuando me llam\u00f3 Carlos y estuvimos hablando, lo primero que hice como oarista fue darle la enhorabuena y decirle que me alegraba un mont\u00f3n de que el OAR est\u00e9 creciendo tanto y que elogio su trabajo. La profesionalizaci\u00f3n es m\u00e1s que necesaria porque Plata ya es una liga profesional y lo requiere. Si queremos cumplir los objetivos y las exigencias, es m\u00e1s que necesario.<\/p>\n<p class=\"\"><b>\u00bfC\u00f3mo es su d\u00eda a d\u00eda con el equipo?<\/b><\/p>\n<p class=\"\">Estoy presente en todos los entrenamientos de gimnasio y de pista. Al final tengo un v\u00ednculo importante con los jugadores porque paso infinidad de tiempo con ellos y se crea una relaci\u00f3n. A mayores tengo una relaci\u00f3n muy estrecha con los porteros porque tambi\u00e9n soy entrenador de porteros.<\/p>\n<p class=\"c-detail__cite\">Es una perspectiva diferente porque pasas de jugador a preparador f\u00edsico y hay que saber llevarlo, pero es parte del trabajo de cada uno\u00a0<\/p>\n<p class=\"\"><b>\u00bfSufre alg\u00fan tipo de broma por su edad o el hecho de haber sido compa\u00f1ero de alguno de ellos?<\/b><\/p>\n<p class=\"\">S\u00ed, vacile sano y normal. Teniendo 24 a\u00f1os y habiendo jugadores con m\u00e1s veteran\u00eda y experiencia, l\u00f3gicamente es un tema de responsabilidad y gesti\u00f3n por parte del jugador y del entrenador, pero bien, siempre es un vacile sano. En el caso de Diego (Mart\u00ednez) fue una de las personas que me escribi\u00f3 para convencerme de que viniera al OAR como preparador f\u00edsico.<\/p>\n<p class=\"\"><b>Precisamente <a href=\"https:\/\/dxtcampeon.elidealgallego.com\/o-noso-deporte\/balonmano\/2025-09-26\/diego-martinez-me-pararon-por-la-calle-para-una-foto-y-me-dijeron-que-a-ver-si-ascendiamos-808138.html\" title=\"Diego Mart\u00ednez: \" me=\"\" pararon=\"\" por=\"\" la=\"\" calle=\"\" para=\"\" una=\"\" foto=\"\" y=\"\" dijeron=\"\" que=\"\" a=\"\" ver=\"\" si=\"\" ascend=\"\" target=\"_blank\" rel=\"nofollow noreferrer noopener\">Diego coment\u00f3<\/a> que les meti\u00f3 mucha ca\u00f1a en pretemporada.<\/b><\/p>\n<p class=\"\">S\u00ed, toc\u00f3 darles ca\u00f1a. Es una perspectiva diferente porque pasas de jugador a preparador f\u00edsico y hay que saber llevarlo, pero es parte del trabajo de cada uno. En muchos casos tengo mucha empat\u00eda con ellos, les entiendo perfectamente la situaci\u00f3n, c\u00f3mo se sentir\u00edan ellos o c\u00f3mo me gustar\u00eda que fuera la situaci\u00f3n si yo fuera jugador. Eso, sumado al di\u00e1logo que me gusta tener con ellos para que sean part\u00edcipes de las decisiones, creo que beneficia a todos.<\/p>\n<p class=\"c-detail__cite\">Hab\u00eda momentos que no me lo cre\u00eda y\u00a0 despu\u00e9s de la remontada \u00e9pica del tercer partido de la fase se me cayeron las l\u00e1grimas\u00a0<\/p>\n<p class=\"\"><b>\u00bfC\u00f3mo valora el inicio de temporada del equipo?<\/b><\/p>\n<p class=\"\">La verdad es que es mejor de lo que hab\u00edamos pensado antes de empezar la jornada uno. Es fruto del trabajo del d\u00eda a d\u00eda, de currar todos los d\u00edas y apretar los dientes en cada entrenamiento. Eso es lo que estamos haciendo, ir semana a semana y trabajando poco a poco.<\/p>\n<p class=\"\"><b>Dijo que estuvo en la grada durante la <a href=\"https:\/\/dxtcampeon.elidealgallego.com\/articulo\/o-noso-deporte-balonmano\/oar-5294783\" title=\"El OAR asciende a Plata tras una segunda parte hist\u00f3rica (42-26)\" target=\"_blank\" rel=\"nofollow noreferrer noopener\">fase de ascenso<\/a>, \u00bfc\u00f3mo la vivi\u00f3?<\/b><\/p>\n<p class=\"\">Fue una barbaridad. Hab\u00eda momentos que no me lo cre\u00eda y yo, que soy de llorar poco, despu\u00e9s de la remontada \u00e9pica del tercer partido se me cayeron las l\u00e1grimas. Estaba flipando, se me ven\u00edan im\u00e1genes de todos los a\u00f1os que hab\u00edamos estado apretando por intentar ascender. Fue muy emocionante, una locura el ambiente y todo.<b\/><\/p>\n","protected":false},"excerpt":{"rendered":"Podr\u00eda decirse que Daniel McNamee (A Coru\u00f1a, 2001) naci\u00f3 destinado a jugar al balonmano. Desde peque\u00f1o se cri\u00f3&hellip;\n","protected":false},"author":2,"featured_media":182759,"comment_status":"","ping_status":"","sticky":false,"template":"","format":"standard","meta":{"footnotes":""},"categories":[278],"tags":[376,168,25,24,375,23,167],"class_list":{"0":"post-182758","1":"post","2":"type-post","3":"status-publish","4":"format-standard","5":"has-post-thumbnail","7":"category-balonmano","8":"tag-balonmano","9":"tag-deportes","10":"tag-es","11":"tag-espana","12":"tag-handball","13":"tag-spain","14":"tag-sports"},"share_on_mastodon":{"url":"","error":""},"_links":{"self":[{"href":"https:\/\/www.europesays.com\/es\/wp-json\/wp\/v2\/posts\/182758","targetHints":{"allow":["GET"]}}],"collection":[{"href":"https:\/\/www.europesays.com\/es\/wp-json\/wp\/v2\/posts"}],"about":[{"href":"https:\/\/www.europesays.com\/es\/wp-json\/wp\/v2\/types\/post"}],"author":[{"embeddable":true,"href":"https:\/\/www.europesays.com\/es\/wp-json\/wp\/v2\/users\/2"}],"replies":[{"embeddable":true,"href":"https:\/\/www.europesays.com\/es\/wp-json\/wp\/v2\/comments?post=182758"}],"version-history":[{"count":0,"href":"https:\/\/www.europesays.com\/es\/wp-json\/wp\/v2\/posts\/182758\/revisions"}],"wp:featuredmedia":[{"embeddable":true,"href":"https:\/\/www.europesays.com\/es\/wp-json\/wp\/v2\/media\/182759"}],"wp:attachment":[{"href":"https:\/\/www.europesays.com\/es\/wp-json\/wp\/v2\/media?parent=182758"}],"wp:term":[{"taxonomy":"category","embeddable":true,"href":"https:\/\/www.europesays.com\/es\/wp-json\/wp\/v2\/categories?post=182758"},{"taxonomy":"post_tag","embeddable":true,"href":"https:\/\/www.europesays.com\/es\/wp-json\/wp\/v2\/tags?post=182758"}],"curies":[{"name":"wp","href":"https:\/\/api.w.org\/{rel}","templated":true}]}}